{"id":99834,"date":"2023-04-27T10:33:53","date_gmt":"2023-04-27T08:33:53","guid":{"rendered":"https:\/\/factorialhr.com\/blog\/?p=99834"},"modified":"2023-04-27T11:27:35","modified_gmt":"2023-04-27T09:27:35","slug":"diferenca-entre-feriado-e-ponto-facultativo","status":"publish","type":"post","link":"https:\/\/factorialhr.com.br\/blog\/diferenca-entre-feriado-e-ponto-facultativo\/","title":{"rendered":"Qual \u00e9 a diferen\u00e7a entre feriado e ponto facultativo? [+ Planilha de Gest\u00e3o de F\u00e9rias]"},"content":{"rendered":"<p><strong>Compreender a diferen\u00e7a entre<a href=\"https:\/\/factorialhr.com.br\/blog\/calendario-feriados-rh-dp\/\" target=\"_blank\" rel=\"noopener\"> feriado<\/a> e ponto facultativo \u00e9, muitas vezes, um desafio para quem atua no setor de Recursos Humanos. Especialmente no Brasil, onde h\u00e1 diversos festivos no decorrer do ano.<\/strong><\/p>\n<p><span style=\"font-weight: 400;\">Como \u00e9 de praxe, todo mundo d\u00e1 uma olhada no calend\u00e1rio para descobrir quais ser\u00e3o os feriados e os eventos que possam gerar dias <\/span><a href=\"https:\/\/factorialhr.com.br\/blog\/ambiente-de-trabalho-saudavel\/\" target=\"_blank\" rel=\"noopener\"><span style=\"font-weight: 400;\">fora do trabalho<\/span><\/a><span style=\"font-weight: 400;\">. Programar viagens ou ter momentos de descanso para repor as energias s\u00e3o os principais motivos dos trabalhadores.<\/span><\/p>\n<p><span style=\"font-weight: 400;\">Acontece que o RH tamb\u00e9m deve estar atento, principalmente, com a possibilidade de haver ponto facultativo. Pensou que ambos eram a mesma coisa? Essa \u00e9 uma d\u00favida que muitos profissionais da \u00e1rea ainda enfrentam.<\/span><\/p>\n<p><span style=\"font-weight: 400;\">Mas, distinguir a diferen\u00e7a entre feriado e ponto facultativo n\u00e3o \u00e9 nenhum bicho de sete cabe\u00e7as. Ao longo deste artigo, voc\u00ea entender\u00e1 melhor o que \u00e9 cada um, as regras, <\/span><a href=\"https:\/\/factorialhr.com.br\/blog\/tendencias-rh\/\" target=\"_blank\" rel=\"noopener\"><span style=\"font-weight: 400;\">como o RH deve se organizar <\/span><\/a><span style=\"font-weight: 400;\">e qual \u00e9 a forma ideal para gerenciar essas folgas.\u00a0<\/span><\/p>\n<p><span style=\"font-weight: 400;\">Boa leitura!<\/span><\/p>\n<p><a href=\"https:\/\/factorialhr.com.br\/controle-da-jornada-de-trabalho\" target=\"_blank\" rel=\"noopener\"><strong>\u2705 Conhe\u00e7a uma tecnologia que pode ajudar na gest\u00e3o dos hor\u00e1rios e f\u00e9rias dos seus colaboradores<\/strong><\/a><\/p>\n<p><span class=\"notion-enable-hover\" data-token-index=\"0\"><div class=\"js-toc toc\">\n<p class=\"js-toc-title toc__title\">\u00cdndice<\/p>\n<nav id=\"fac_toc_nav\" class=\"js-toc-nav toc__nav\" aria-label=\"\u00cdndice\"><ol class=\"toc__list toc__list--level-1\"><li class=\"toc-heading-level-2\"><a class=\"toc__link toc-link-heading-1\" href=\"https:\/\/factorialhr.com.br\/blog\/diferenca-entre-feriado-e-ponto-facultativo\/#afinal,-o-que-sao-os-feriados\" title=\"Afinal, o que s\u00e3o os feriados?\" data-target-id=\"afinal,-o-que-sao-os-feriados\">Afinal, o que s\u00e3o os feriados?<\/a><\/li><li class=\"toc-heading-level-2\"><a class=\"toc__link toc-link-heading-2\" href=\"https:\/\/factorialhr.com.br\/blog\/diferenca-entre-feriado-e-ponto-facultativo\/#\ud83d\udce5-[download]-planilha-de-gestao-de-ferias\" title=\"\ud83d\udce5 [Download] Planilha de Gest\u00e3o de F\u00e9rias\" data-target-id=\"\ud83d\udce5-[download]-planilha-de-gestao-de-ferias\">\ud83d\udce5 [Download] Planilha de Gest\u00e3o de F\u00e9rias<\/a><\/li><li class=\"toc-heading-level-2\"><a class=\"toc__link toc-link-heading-3\" href=\"https:\/\/factorialhr.com.br\/blog\/diferenca-entre-feriado-e-ponto-facultativo\/#afinal,-qual-a-diferenca-entre-feriado-e-ponto-facultativo\" title=\"Afinal, qual a diferen\u00e7a entre feriado e ponto facultativo?\" data-target-id=\"afinal,-qual-a-diferenca-entre-feriado-e-ponto-facultativo\">Afinal, qual a diferen\u00e7a entre feriado e ponto facultativo?<\/a><\/li><li class=\"toc-heading-level-2\"><a class=\"toc__link toc-link-heading-4\" href=\"https:\/\/factorialhr.com.br\/blog\/diferenca-entre-feriado-e-ponto-facultativo\/#a-empresa-pode-fazer-acordos-com-os-trabalhadores\" title=\"A empresa pode fazer acordos com os trabalhadores?\" data-target-id=\"a-empresa-pode-fazer-acordos-com-os-trabalhadores\">A empresa pode fazer acordos com os trabalhadores?<\/a><\/li><li class=\"toc-heading-level-2\"><a class=\"toc__link toc-link-heading-5\" href=\"https:\/\/factorialhr.com.br\/blog\/diferenca-entre-feriado-e-ponto-facultativo\/#como-organizar-os-feriados-e-pontos-facultativos\" title=\"Como organizar os feriados e pontos facultativos?\" data-target-id=\"como-organizar-os-feriados-e-pontos-facultativos\">Como organizar os feriados e pontos facultativos?<\/a><\/li><\/ol><\/nav><\/div><\/span><\/p>\n \n <!--HubSpot Call-to-Action Code -->\n    <span class=\"hs-cta-wrapper\" id=\"hs-cta-wrapper-21628071-1bfc-48bb-855d-e9341a8c755a\">\n        <span class=\"hs-cta-node hs-cta-21628071-1bfc-48bb-855d-e9341a8c755a\" id=\"21628071-1bfc-48bb-855d-e9341a8c755a\">\n            <a href=\"https:\/\/cta-redirect.hubspot.com\/cta\/redirect\/4960096\/21628071-1bfc-48bb-855d-e9341a8c755a\">\n                <img decoding=\"async\" class=\"lazyload hs-cta-img\" id=\"hs-cta-img-21628071-1bfc-48bb-855d-e9341a8c755a\" style=\"border-width:0px;\" src=\"https:\/\/no-cache.hubspot.com\/cta\/default\/4960096\/21628071-1bfc-48bb-855d-e9341a8c755a.png\"  alt=\"ferias ausencias rh\" width=\"900\" height=\"308\" \/>\n            <\/a>\n        <\/span>\n        <script type=\"text\/javascript\">\n            function loadCTA(){\n                window.hbspt.cta.load(4960096, '21628071-1bfc-48bb-855d-e9341a8c755a', {'region': 'eu1'})\n            }\n            if(window.hbspt){\n                loadCTA()\n            }else{\n                Defer.js(\n                    'https:\/\/js.hubspot.com\/cta\/current.js',\n                    'hubspotCTA', \n                    0, \n                    loadCTA\n                );\n            }\n        <\/script>\n    <\/span>\n<!-- end HubSpot Call-to-Action Code -->\n\n<h2><span style=\"font-weight: 400;\">Afinal, o que s\u00e3o os feriados?<\/span><\/h2>\n<p><span style=\"font-weight: 400;\">Presente em diversos meses do ano, <strong>o feriado \u00e9 a data que marca uma situa\u00e7\u00e3o espec\u00edfica celebrada por um pa\u00eds<\/strong>, uma comunidade, uma religi\u00e3o, uma <\/span><a href=\"https:\/\/factorialhr.com.br\/blog\/consolidacao-das-leis-do-trabalho-clt\/\" target=\"_blank\" rel=\"noopener\"><span style=\"font-weight: 400;\">classe trabalhadora<\/span><\/a><span style=\"font-weight: 400;\"> ou afins. Quem institui os feriados \u00e9 o Governo, que pode dividi-los a n\u00edvel federal, estadual, distrital ou municipal.<\/span><\/p>\n<p><span style=\"font-weight: 400;\">No dia em quest\u00e3o, as empresas devem dispensar os funcion\u00e1rios como um descanso remunerado, garantindo o <\/span><a href=\"https:\/\/factorialhr.com.br\/blog\/abono-salarial-calendario\/\" target=\"_blank\" rel=\"noopener\"><span style=\"font-weight: 400;\">pagamento do sal\u00e1rio<\/span><\/a><span style=\"font-weight: 400;\">. Contudo, essa regra, segundo a lei trabalhista, n\u00e3o \u00e9 absoluta.<\/span><\/p>\n<p><span style=\"font-weight: 400;\">O <\/span><a href=\"https:\/\/www2.camara.leg.br\/legin\/fed\/lei\/1940-1949\/lei-605-5-janeiro-1949-367115-publicacaooriginal-1-pl.html\" target=\"_blank\" rel=\"noopener\"><span style=\"font-weight: 400;\">artigo 9\u00ba da Lei n\u00ba 605\/49<\/span><\/a><span style=\"font-weight: 400;\"> diz que nas categorias nas quais n\u00e3o \u00e9 poss\u00edvel a suspens\u00e3o do labor devido a exig\u00eancias t\u00e9cnicas da organiza\u00e7\u00e3o, o empregador ter\u00e1 de:<\/span><\/p>\n<ul>\n<li style=\"font-weight: 400;\" aria-level=\"1\"><span style=\"font-weight: 400;\"><strong>Compensar<\/strong> com outro dia de folga ao colaborador ou;<\/span><\/li>\n<li style=\"font-weight: 400;\" aria-level=\"1\"><span style=\"font-weight: 400;\"><strong>Pagar<\/strong> a remunera\u00e7\u00e3o di\u00e1ria em dobro.<\/span><\/li>\n<\/ul>\n<p><span style=\"font-weight: 400;\">Em 2019, o Governo editou a <\/span><a href=\"https:\/\/www.in.gov.br\/en\/web\/dou\/-\/portaria-n-604-de-18-de-junho-de-2019-164321180\" target=\"_blank\" rel=\"noopener\"><span style=\"font-weight: 400;\">Portaria 604<\/span><\/a><span style=\"font-weight: 400;\">, autorizando novas atividades econ\u00f4micas a liberarem os seus empregados para <\/span><a href=\"https:\/\/factorialhr.com.br\/blog\/trabalho-domingos-feriados\/\" target=\"_blank\" rel=\"noopener\"><span style=\"font-weight: 400;\">trabalharem nos feriados <\/span><span style=\"font-weight: 400;\">\u2014<\/span><span style=\"font-weight: 400;\"> e domingos<\/span><\/a><span style=\"font-weight: 400;\">. Ante 72 autorizadas, outras seis foram inclu\u00eddas. Dentre elas, est\u00e3o:<\/span><\/p>\n<ul>\n<li style=\"font-weight: 400;\" aria-level=\"1\"><span style=\"font-weight: 400;\"><strong>Ind\u00fastria<\/strong> de extra\u00e7\u00e3o de \u00f3leos vegetais e ind\u00fastria de biodiesel (exceto os servi\u00e7os de escrit\u00f3rio);<\/span><\/li>\n<li style=\"font-weight: 400;\" aria-level=\"1\"><span style=\"font-weight: 400;\"><strong>Ind\u00fastria<\/strong> do Vinho, do Mosto de Uva, dos Vinagres e Bebidas Derivados da Uva e do Vinho (exceto os servi\u00e7os de escrit\u00f3rio);<\/span><\/li>\n<li style=\"font-weight: 400;\" aria-level=\"1\"><span style=\"font-weight: 400;\"><strong>Com\u00e9rcio<\/strong> em geral;<\/span><\/li>\n<li style=\"font-weight: 400;\" aria-level=\"1\"><span style=\"font-weight: 400;\"><strong>Estabelecimentos<\/strong> destinados ao turismo em geral;<\/span><\/li>\n<li style=\"font-weight: 400;\" aria-level=\"1\"><span style=\"font-weight: 400;\"><strong>Servi\u00e7o<\/strong> de manuten\u00e7\u00e3o aeroespacial;<\/span><\/li>\n<li style=\"font-weight: 400;\" aria-level=\"1\"><span style=\"font-weight: 400;\"><strong>Ind\u00fastria<\/strong> aeroespacial.<\/span><\/li>\n<\/ul>\n<p><strong>\ud83d\udce5 [Download] Baixe gr\u00e1tis nosso<a href=\"https:\/\/factorialhr.com.br\/ebooks\/planner-calendario-rh-dp\" target=\"_blank\" rel=\"noopener\"> Planner + Calend\u00e1rio para RH e DP [PDF]<\/a><\/strong><\/p>\n<h3><span style=\"font-weight: 400;\">Toda data comemorativa \u00e9 um feriado?<\/span><\/h3>\n<p><span style=\"font-weight: 400;\">\u201cPor que existe data comemorativa para isso?\u201d. Esse questionamento, com certeza, j\u00e1 passou pela sua cabe\u00e7a em algum momento da vida. Todos os dias, h\u00e1 pelo menos uma ocasi\u00e3o, conquista, divindade, profiss\u00e3o ou qualquer outra coisa sendo \u201ccelebrada\u201d.<\/span><\/p>\n<p><span style=\"font-weight: 400;\">Contudo, <strong>para que seja classificada como feriado, a data dever\u00e1 ter sido <\/strong><\/span><strong><a href=\"https:\/\/factorialhr.com.br\/blog\/relogio-de-ponto-digital-como-funciona\/\" target=\"_blank\" rel=\"noopener\">estipulada por lei<\/a><\/strong><span style=\"font-weight: 400;\"><strong>.<\/strong> De acordo com a <\/span><a href=\"https:\/\/www.planalto.gov.br\/ccivil_03\/leis\/l9093.htm\" target=\"_blank\" rel=\"noopener\"><span style=\"font-weight: 400;\">Lei n\u00ba 9.093 de 1995<\/span><\/a><span style=\"font-weight: 400;\">, os feriados podem ser religiosos ou civis. Lembrando que, considera-se feriado civil:<\/span><\/p>\n<ul>\n<li style=\"font-weight: 400;\" aria-level=\"1\"><span style=\"font-weight: 400;\">Aquele determinado por lei federal;<\/span><\/li>\n<li style=\"font-weight: 400;\" aria-level=\"1\"><span style=\"font-weight: 400;\">A data magna de cada estado (dia da emancipa\u00e7\u00e3o, cria\u00e7\u00e3o ou revolu\u00e7\u00e3o importante);<\/span><\/li>\n<li style=\"font-weight: 400;\" aria-level=\"1\"><span style=\"font-weight: 400;\">O dia em que se comemora o centen\u00e1rio da funda\u00e7\u00e3o dos munic\u00edpios.<\/span><\/li>\n<\/ul>\n<h3><span style=\"font-weight: 400;\">\ud83d\udc49 <\/span><a href=\"https:\/\/factorialhr.com.br\/blog\/leis-trabalhistas\/\" target=\"_blank\" rel=\"noopener\"><span style=\"font-weight: 400;\">Saiba mais sobre as Mudan\u00e7as nas Leis Trabalhistas 2023 [+ PDF CLT atualizada]<\/span><\/a><span style=\"font-weight: 400;\">.<\/span><\/h3>\n<h3><span style=\"font-weight: 400;\">O Brasil \u00e9 o pa\u00eds com mais feriados?<\/span><\/h3>\n<p><span style=\"font-weight: 400;\">Existe o mito de que a popula\u00e7\u00e3o brasileira \u00e9 a mais privilegiada com a quantidade de feriados no seu calend\u00e1rio. Embora possamos concordar que, sim, o <\/span><a href=\"https:\/\/factorialhr.com.br\/blog\/salario-minimo\/\" target=\"_blank\" rel=\"noopener\"><span style=\"font-weight: 400;\">Brasil<\/span><\/a><span style=\"font-weight: 400;\"> tem diversas pausas na jornada de trabalho devido a isso, o pa\u00eds n\u00e3o \u00e9 o primeiro no ranking.<\/span><\/p>\n<p><span style=\"font-weight: 400;\">A consultoria Mercer realizou um levantamento sobre normas legais e condi\u00e7\u00f5es de emprego em 64 pa\u00edses. Nele, <strong>a nossa na\u00e7\u00e3o ocupou a 7\u00aa posi\u00e7\u00e3o da lista, ao lado de outros 10 pa\u00edses, registrando 12 feriados nacionais<\/strong>.<\/span><\/p>\n<h4><span style=\"font-weight: 400;\">Veja quais s\u00e3o os feriados nacionais:<\/span><\/h4>\n<ul>\n<li style=\"font-weight: 400;\" aria-level=\"1\"><span style=\"font-weight: 400;\">01\/01 &#8211; Confraterniza\u00e7\u00e3o Universal\/Rev\u00e9illon<\/span><\/li>\n<li style=\"font-weight: 400;\" aria-level=\"1\"><span style=\"font-weight: 400;\">Carnaval (facultativo &#8211; feriado m\u00f3vel)<\/span><\/li>\n<li style=\"font-weight: 400;\" aria-level=\"1\"><span style=\"font-weight: 400;\">Carnaval (facultativo &#8211; feriado m\u00f3vel)<\/span><\/li>\n<li style=\"font-weight: 400;\" aria-level=\"1\"><span style=\"font-weight: 400;\">Paix\u00e3o de Cristo\/Sexta-feira Santa (feriado m\u00f3vel)<\/span><\/li>\n<li style=\"font-weight: 400;\" aria-level=\"1\"><span style=\"font-weight: 400;\">21\/02 &#8211; Tiradentes<\/span><\/li>\n<li style=\"font-weight: 400;\" aria-level=\"1\"><span style=\"font-weight: 400;\">01\/05 &#8211; Dia do Trabalho<\/span><\/li>\n<li style=\"font-weight: 400;\" aria-level=\"1\"><span style=\"font-weight: 400;\">Corpus Christi (feriado m\u00f3vel)<\/span><\/li>\n<li style=\"font-weight: 400;\" aria-level=\"1\"><span style=\"font-weight: 400;\">07\/09 &#8211; Independ\u00eancia do Brasil<\/span><\/li>\n<li style=\"font-weight: 400;\" aria-level=\"1\"><span style=\"font-weight: 400;\">12\/10 &#8211; Nossa Sra. Aparecida &#8211; Padroeira do Brasil\/Dia das Crian\u00e7as<\/span><\/li>\n<li style=\"font-weight: 400;\" aria-level=\"1\"><span style=\"font-weight: 400;\">02\/11 &#8211; Finados<\/span><\/li>\n<li style=\"font-weight: 400;\" aria-level=\"1\"><span style=\"font-weight: 400;\">15\/11 &#8211; Proclama\u00e7\u00e3o da Rep\u00fablica<\/span><\/li>\n<li style=\"font-weight: 400;\" aria-level=\"1\"><span style=\"font-weight: 400;\">25\/12 &#8211;<\/span><a href=\"https:\/\/factorialhr.com.br\/blog\/festa-de-natal-na-empresa\/\" target=\"_blank\" rel=\"noopener\"><span style=\"font-weight: 400;\"> Natal<\/span><\/a><\/li>\n<\/ul>\n<blockquote><p><span style=\"font-weight: 400;\">Disclaimer:<\/span> <span style=\"font-weight: 400;\">feriados m\u00f3veis s\u00e3o aqueles que n\u00e3o possuem um dia espec\u00edfico. Embora existam aspectos que o definem, como, por exemplo, Corpus Christi, que ocorre sempre 60 dias ap\u00f3s a P\u00e1scoa, e a Sexta-Feira Santa, que ocorre 40 dias ap\u00f3s a Quarta-Feira de Cinzas, encerrando-se no Domingo de Ramos, que tamb\u00e9m \u00e9 <a href=\"https:\/\/factorialhr.com.br\/blog\/pascoa-nas-empresas\/\" target=\"_blank\" rel=\"noopener\">dia de P\u00e1scoa<\/a>.<\/span><\/p><\/blockquote>\n<p><span style=\"font-weight: 400;\">Al\u00e9m dos feriados nacionais, os <\/span><a href=\"https:\/\/factorialhr.com.br\/blog\/diferenca-entre-rh-e-departamento-pessoal\/\" target=\"_blank\" rel=\"noopener\"><span style=\"font-weight: 400;\">profissionais de RH<\/span><\/a><span style=\"font-weight: 400;\"><strong> tamb\u00e9m devem estar atentos aos de \u00e2mbito local, que abranjam a matriz e as filiais da empresa<\/strong>. Isso porque cada regi\u00e3o possui as suas pr\u00f3prias comemora\u00e7\u00f5es e a paralisa\u00e7\u00e3o deve ser prevista com anteced\u00eancia.<\/span><\/p>\n<h2><strong>\ud83d\udce5 [Download] Planilha de Gest\u00e3o de F\u00e9rias<\/strong><\/h2>\n<p>\ud83d\udcd6 Quer saber mais informa\u00e7\u00f5es sobre como organizar as aus\u00eancias na sua empresa? Antes de seguir a leitura do artigo, <a href=\"https:\/\/factorialhr.com.br\/modelos\/planilha-de-ferias-download\" target=\"_blank\" rel=\"noopener\">baixe nossa Planilha de Gest\u00e3o de F\u00e9rias<\/a>!<\/p>\n \n <!--HubSpot Call-to-Action Code -->\n    <span class=\"hs-cta-wrapper\" id=\"hs-cta-wrapper-cbb32337-741b-49f7-9f40-00e151fb274a\">\n        <span class=\"hs-cta-node hs-cta-cbb32337-741b-49f7-9f40-00e151fb274a\" id=\"cbb32337-741b-49f7-9f40-00e151fb274a\">\n            <a href=\"https:\/\/cta-redirect.hubspot.com\/cta\/redirect\/4960096\/cbb32337-741b-49f7-9f40-00e151fb274a\">\n                <img decoding=\"async\" class=\"lazyload hs-cta-img\" id=\"hs-cta-img-cbb32337-741b-49f7-9f40-00e151fb274a\" style=\"border-width:0px;\" src=\"https:\/\/no-cache.hubspot.com\/cta\/default\/4960096\/cbb32337-741b-49f7-9f40-00e151fb274a.png\"  alt=\"planilha gestao de ferias\" width=\"400\" height=\"400\" \/>\n            <\/a>\n        <\/span>\n        <script type=\"text\/javascript\">\n            function loadCTA(){\n                window.hbspt.cta.load(4960096, 'cbb32337-741b-49f7-9f40-00e151fb274a', {'region': 'eu1'})\n            }\n            if(window.hbspt){\n                loadCTA()\n            }else{\n                Defer.js(\n                    'https:\/\/js.hubspot.com\/cta\/current.js',\n                    'hubspotCTA', \n                    0, \n                    loadCTA\n                );\n            }\n        <\/script>\n    <\/span>\n<!-- end HubSpot Call-to-Action Code -->\n\n<h2><strong>Afinal, qual a diferen\u00e7a entre feriado e ponto facultativo?<\/strong><\/h2>\n<p><span style=\"font-weight: 400;\">Quem nunca aproveitou um \u201cferiad\u00e3o\u201d para viajar com a fam\u00edlia ou para se atualizar nos estudos?<strong> Esse termo \u00e9 o que define aquele feriado prolongado, que vai al\u00e9m da data e acaba incluindo um ou mais dias.<\/strong><\/span><\/p>\n<p><span style=\"font-weight: 400;\">O ponto facultativo pode representar duas coisas. A primeira \u00e9 o que acabamos de comentar: o dia pr\u00f3ximo ao feriado obrigat\u00f3rio, geralmente entre ele e o final de semana, que a empresa concede &#8211; ou n\u00e3o &#8211; como<\/span><a href=\"https:\/\/factorialhr.com.br\/blog\/dias-de-folga\/\" target=\"_blank\" rel=\"noopener\"><span style=\"font-weight: 400;\"> folga aos trabalhadores<\/span><\/a><span style=\"font-weight: 400;\">.<\/span><\/p>\n<p><span style=\"font-weight: 400;\">Entretanto, ele tamb\u00e9m diz respeito \u00e0 data comemorativa, como o da padroeira da cidade, por exemplo, mas que n\u00e3o \u00e9 considerada um feriado oficial\/obrigat\u00f3rio. Desse modo,<strong> a organiza\u00e7\u00e3o tem o direito de escolher se realizar\u00e1 a dispensa.<\/strong><\/span><\/p>\n<h3><span style=\"font-weight: 400;\">Importante saber: ponto facultativo nos \u00f3rg\u00e3os p\u00fablicos<\/span><\/h3>\n<p><span style=\"font-weight: 400;\"><strong>O servi\u00e7o p\u00fablico \u00e9 o principal adepto do ponto facultativo<\/strong>. As reparti\u00e7\u00f5es p\u00fablicas, os bancos, os Correios e alguns outros setores costumam aderir a essas folgas, seja integral ou parcialmente. Entretanto, \u00e9 fundamental observar se a data est\u00e1 na esfera federal, estadual ou municipal.<\/span><\/p>\n<p><span style=\"font-weight: 400;\">Os \u00f3rg\u00e3os que atuam junto ao Governo causam menos preocupa\u00e7\u00f5es ao RH, porque, normalmente, seguem exatamente o que o poder p\u00fablico demanda. Assim, n\u00e3o h\u00e1 necessidade de fazer acordos, <\/span><a href=\"https:\/\/factorialhr.com.br\/blog\/software-horas-extras\/\" target=\"_blank\" rel=\"noopener\"><span style=\"font-weight: 400;\">compensar horas <\/span><\/a><span style=\"font-weight: 400;\">e afins.<\/span><\/p>\n<p><span style=\"font-weight: 400;\">Dentre as datas eletivas mais admitidas est\u00e1 o Dia do Servidor P\u00fablico, celebrado em 28 de outubro. V\u00e9speras de feriados, como os dias 24 e 31 de dezembro, tamb\u00e9m s\u00e3o comumente aceitas. Em alguns locais, o trabalho vai at\u00e9 meio-per\u00edodo, finalizando a jornada \u00e0s 14h.<\/span><\/p>\n<h2><span style=\"font-weight: 400;\">A empresa pode fazer acordos com os trabalhadores?<\/span><\/h2>\n<p><strong>Um dos maiores desafios envolvendo o ponto facultativo \u00e9 justamente o <\/strong><a href=\"https:\/\/factorialhr.com.br\/blog\/pesquisa-de-clima-organizacional-questionario\/\" target=\"_blank\" rel=\"noopener\"><span style=\"font-weight: 400;\">clima organizacional<\/span><\/a><span style=\"font-weight: 400;\">. Muitas pessoas precisam se programar com anteced\u00eancia e acabam criando grandes expectativas para viajar, fazer cirurgias ou at\u00e9 mesmo casar.<\/span><\/p>\n<h3><span style=\"font-weight: 400;\">\ud83d\udca1 Baixe gr\u00e1tis: <\/span><a href=\"https:\/\/factorialhr.com.br\/modelos\/pesquisa-de-clima-organizacional-word\" target=\"_blank\" rel=\"noopener\"><span style=\"font-weight: 400;\">Pesquisa de Clima Organizacional<\/span><\/a><\/h3>\n<p><span style=\"font-weight: 400;\">Caso a empresa impossibilite essas atividades, por falta de avisos pr\u00e9vios da n\u00e3o exist\u00eancia da folga principalmente, provoca um desgaste e a insatisfa\u00e7\u00e3o dos profissionais. Por conta disso, crises podem se instaurar e a atmosfera negativa prejudicar os neg\u00f3cios.<\/span><\/p>\n<p><span style=\"font-weight: 400;\">Para evitar tempestades, a situa\u00e7\u00e3o n\u00e3o precisa ser unilateral. <strong>O RH, junto da companhia, pode dialogar com os trabalhadores a fim de chegar em um acordo para definir dias espec\u00edficos para a folga.<\/strong><\/span><\/p>\n<p><span style=\"font-weight: 400;\">Assim, \u00e9 poss\u00edvel potencializar a felicidade da equipe, que realizar\u00e1 suas atividades mais <\/span><a href=\"https:\/\/factorialhr.com.br\/blog\/gestao-do-tempo-e-produtividade-dicas-ferramentas-e-solucoes\/\" target=\"_blank\" rel=\"noopener\"><span style=\"font-weight: 400;\">motivada<\/span><\/a><span style=\"font-weight: 400;\">. Consequentemente, a organiza\u00e7\u00e3o \u00e9 beneficiada com excelentes resultados e a satisfa\u00e7\u00e3o de todos.<\/span><\/p>\n<h3><span style=\"font-weight: 400;\">3 respostas que o RH deve saber sobre o ponto facultativo<\/span><\/h3>\n<p><span style=\"font-weight: 400;\">O RH \u00e9 a principal fonte de informa\u00e7\u00f5es da empresa para os colaboradores. Diante dessa proximidade, \u00e9 ele quem deve esclarecer as frequentes d\u00favidas dos funcion\u00e1rios, principalmente sobre o ponto facultativo. Confira 3 respostas importantes:<\/span><\/p>\n<ul>\n<li aria-level=\"1\"><b>\u00c9 preciso pagar a remunera\u00e7\u00e3o em dobro? <\/b><span style=\"font-weight: 400;\">N\u00e3o, pois ele \u00e9 considerado dia \u00fatil normalmente, com pagamento regular.<\/span><\/li>\n<\/ul>\n<ul>\n<li aria-level=\"1\"><b>Podemos considerar o feriado municipal como ponto facultativo? <\/b><span style=\"font-weight: 400;\">Vale a determina\u00e7\u00e3o da empresa e do calend\u00e1rio local da sede. Por exemplo: se a cidade da matriz est\u00e1 de anivers\u00e1rio, ela pode parar; mas as filiais em outros munic\u00edpios manter\u00e3o o seu expediente.<\/span><\/li>\n<\/ul>\n<ul>\n<li aria-level=\"1\"><b>Os sindicatos podem interferir no ponto facultativo? <\/b><span style=\"font-weight: 400;\">Depende, pois cada categoria pode realizar um acordo entre as partes envolvidas. Al\u00e9m disso, <\/span><a href=\"https:\/\/factorialhr.com.br\/blog\/cct-convencao-coletiva-de-trabalho\/\" target=\"_blank\" rel=\"noopener\"><span style=\"font-weight: 400;\">conven\u00e7\u00f5es coletivas <\/span><\/a><span style=\"font-weight: 400;\">est\u00e3o acima da CLT, determinando novas cl\u00e1usulas.<\/span><\/li>\n<\/ul>\n<p><a href=\"https:\/\/factorialhr.com.br\/blog\/ponto-facultativo\/#o-que-e-ponto-facultativo\" target=\"_blank\" rel=\"noopener\"><span style=\"font-weight: 400;\">\u27a1\ufe0f Descubra o que a CLT diz a respeito do ponto facultativo.<\/span><\/a><\/p>\n<h2><span style=\"font-weight: 400;\">Como organizar os feriados e pontos facultativos?<\/span><\/h2>\n<p><span style=\"font-weight: 400;\">Simplificar esses momentos t\u00e3o especiais para as pessoas \u00e9 a melhor forma de demonstrar o quanto voc\u00ea se <\/span><a href=\"https:\/\/factorialhr.com.br\/blog\/rh-humanizado-o-que-e\/\" target=\"_blank\" rel=\"noopener\"><span style=\"font-weight: 400;\">importa<\/span><\/a><span style=\"font-weight: 400;\"> com elas. Por isso, hoje em dia, \u00e9 indispens\u00e1vel ter uma plataforma que integra:<\/span><\/p>\n<ul>\n<li style=\"font-weight: 400;\" aria-level=\"1\"><span style=\"font-weight: 400;\"><strong>Emiss\u00e3o<\/strong> de comunicados;<\/span><\/li>\n<li style=\"font-weight: 400;\" aria-level=\"1\"><span style=\"font-weight: 400;\"><strong>Controle<\/strong> de <\/span><a href=\"https:\/\/factorialhr.com.br\/blog\/espelho-de-ponto\/\" target=\"_blank\" rel=\"noopener\"><span style=\"font-weight: 400;\">folha de ponto<\/span><\/a><span style=\"font-weight: 400;\">;<\/span><\/li>\n<li style=\"font-weight: 400;\" aria-level=\"1\"><span style=\"font-weight: 400;\"><strong>Organiza\u00e7\u00e3o<\/strong> de folgas e outras funcionalidades.<\/span><\/li>\n<\/ul>\n \n <!--HubSpot Call-to-Action Code -->\n    <span class=\"hs-cta-wrapper\" id=\"hs-cta-wrapper-47a131dc-3d73-47c4-8274-1e9f63b8c66c\">\n        <span class=\"hs-cta-node hs-cta-47a131dc-3d73-47c4-8274-1e9f63b8c66c\" id=\"47a131dc-3d73-47c4-8274-1e9f63b8c66c\">\n            <a href=\"https:\/\/cta-redirect.hubspot.com\/cta\/redirect\/4960096\/47a131dc-3d73-47c4-8274-1e9f63b8c66c\">\n                <img decoding=\"async\" class=\"lazyload hs-cta-img\" id=\"hs-cta-img-47a131dc-3d73-47c4-8274-1e9f63b8c66c\" style=\"border-width:0px;\" src=\"https:\/\/no-cache.hubspot.com\/cta\/default\/4960096\/47a131dc-3d73-47c4-8274-1e9f63b8c66c.png\"  alt=\"botao demo\" width=\"300\" height=\"150\" \/>\n            <\/a>\n        <\/span>\n        <script type=\"text\/javascript\">\n            function loadCTA(){\n                window.hbspt.cta.load(4960096, '47a131dc-3d73-47c4-8274-1e9f63b8c66c', {'region': 'eu1'})\n            }\n            if(window.hbspt){\n                loadCTA()\n            }else{\n                Defer.js(\n                    'https:\/\/js.hubspot.com\/cta\/current.js',\n                    'hubspotCTA', \n                    0, \n                    loadCTA\n                );\n            }\n        <\/script>\n    <\/span>\n<!-- end HubSpot Call-to-Action Code -->\n\n<p><span style=\"font-weight: 400;\">Chegou a hora de contar com uma tecnologia intuitiva e facilitadora! A<a href=\"https:\/\/factorialhr.com.br\/software-recursos-humanos\" target=\"_blank\" rel=\"noopener\"> Factorial<\/a><strong><a href=\"https:\/\/factorialhr.com.br\/software-recursos-humanos\"> \u00e9 um software completo<\/a>, escal\u00e1vel e adapt\u00e1vel para diversos setores<\/strong>, desde a \u00e1rea da sa\u00fade \u00e0 ind\u00fastria, que une todas as solu\u00e7\u00f5es necess\u00e1rias para operar as principais demandas do seu RH.<\/span><\/p>\n<p><b>\ud83c\udfa5 Entenda no v\u00eddeo como voc\u00ea pode otimizar a gest\u00e3o dos feriados e pontos facultativos na sua empresa \ud83d\udc47<\/b><\/p>\n<p><iframe title=\"Como fazer o Controle de F\u00e9rias e Aus\u00eancias com a Factorial\" width=\"500\" height=\"281\" src=\"https:\/\/www.youtube.com\/embed\/G7QntrjZoSE?feature=oembed\" frameborder=\"0\" allow=\"accelerometer; autoplay; clipboard-write; encrypted-media; gyroscope; picture-in-picture; web-share\" referrerpolicy=\"strict-origin-when-cross-origin\" allowfullscreen><\/iframe><\/p>\n \n <!--HubSpot Call-to-Action Code -->\n    <span class=\"hs-cta-wrapper\" id=\"hs-cta-wrapper-47a131dc-3d73-47c4-8274-1e9f63b8c66c\">\n        <span class=\"hs-cta-node hs-cta-47a131dc-3d73-47c4-8274-1e9f63b8c66c\" id=\"47a131dc-3d73-47c4-8274-1e9f63b8c66c\">\n            <a href=\"https:\/\/cta-redirect.hubspot.com\/cta\/redirect\/4960096\/47a131dc-3d73-47c4-8274-1e9f63b8c66c\">\n                <img decoding=\"async\" class=\"lazyload hs-cta-img\" id=\"hs-cta-img-47a131dc-3d73-47c4-8274-1e9f63b8c66c\" style=\"border-width:0px;\" src=\"https:\/\/no-cache.hubspot.com\/cta\/default\/4960096\/47a131dc-3d73-47c4-8274-1e9f63b8c66c.png\"  alt=\"botao demo\" width=\"300\" height=\"150\" \/>\n            <\/a>\n        <\/span>\n        <script type=\"text\/javascript\">\n            function loadCTA(){\n                window.hbspt.cta.load(4960096, '47a131dc-3d73-47c4-8274-1e9f63b8c66c', {'region': 'eu1'})\n            }\n            if(window.hbspt){\n                loadCTA()\n            }else{\n                Defer.js(\n                    'https:\/\/js.hubspot.com\/cta\/current.js',\n                    'hubspotCTA', \n                    0, \n                    loadCTA\n                );\n            }\n        <\/script>\n    <\/span>\n<!-- end HubSpot Call-to-Action Code -->\n\n<p>&nbsp;<\/p>\n","protected":false},"excerpt":{"rendered":"<p>Compreender a diferen\u00e7a entre feriado e ponto facultativo \u00e9, muitas vezes, um desafio para quem atua no setor de Recursos Humanos. Especialmente no Brasil, onde h\u00e1 diversos festivos no decorrer do ano. Como \u00e9 de praxe, todo mundo d\u00e1 uma olhada no calend\u00e1rio para descobrir quais ser\u00e3o os feriados e os eventos que possam gerar<a href=\"https:\/\/factorialhr.com.br\/blog\/diferenca-entre-feriado-e-ponto-facultativo\/\" class=\"read-more\"> [&#8230;]<\/a><\/p>\n","protected":false},"author":141,"featured_media":100591,"comment_status":"closed","ping_status":"closed","sticky":false,"template":"","format":"standard","meta":{"_acf_changed":false,"footnotes":""},"categories":[425],"tags":[],"class_list":["post-99834","post","type-post","status-publish","format-standard","has-post-thumbnail","hentry","category-controle-da-jornada-de-trabalho"],"acf":{"topics":false},"yoast_head":"<!-- This site is optimized with the Yoast SEO Premium plugin v21.5 (Yoast SEO v21.9.1) - https:\/\/yoast.com\/wordpress\/plugins\/seo\/ -->\n<title>Diferen\u00e7a entre feriado e ponto facultativo: o guia pr\u00e1tico | Factorial<\/title>\n<meta name=\"description\" content=\"A diferen\u00e7a entre feriado e ponto facultativo ainda \u00e9 motivo de d\u00favidas para os profissionais de RH e DP. Saiba tudo neste artigo!\" \/>\n<meta name=\"robots\" content=\"index, follow, max-snippet:-1, max-image-preview:large, max-video-preview:-1\" \/>\n<link rel=\"canonical\" href=\"https:\/\/factorialhr.com.br\/blog\/diferenca-entre-feriado-e-ponto-facultativo\/\" \/>\n<meta property=\"og:locale\" content=\"pt_BR\" \/>\n<meta property=\"og:type\" content=\"article\" \/>\n<meta property=\"og:title\" content=\"Qual \u00e9 a diferen\u00e7a entre feriado e ponto facultativo? [+ Planilha de Gest\u00e3o de F\u00e9rias]\" \/>\n<meta property=\"og:description\" content=\"A diferen\u00e7a entre feriado e ponto facultativo ainda \u00e9 motivo de d\u00favidas para os profissionais de RH e DP. Saiba tudo neste artigo!\" \/>\n<meta property=\"og:url\" content=\"https:\/\/factorialhr.com.br\/blog\/diferenca-entre-feriado-e-ponto-facultativo\/\" \/>\n<meta property=\"og:site_name\" content=\"Factorial\" \/>\n<meta property=\"article:publisher\" content=\"https:\/\/www.facebook.com\/people\/Factorial\/100064908455810\/\" \/>\n<meta property=\"article:author\" content=\"https:\/\/www.facebook.com\/FactorialBRPT\/\" \/>\n<meta property=\"article:published_time\" content=\"2023-04-27T08:33:53+00:00\" \/>\n<meta property=\"article:modified_time\" content=\"2023-04-27T09:27:35+00:00\" \/>\n<meta property=\"og:image\" content=\"https:\/\/factorialhr.com.br\/wp-content\/uploads\/2023\/04\/27103337\/diferenc%CC%A7a-entre-feriado-e-ponto-facultativo.jpg\" \/>\n\t<meta property=\"og:image:width\" content=\"1112\" \/>\n\t<meta property=\"og:image:height\" content=\"625\" \/>\n\t<meta property=\"og:image:type\" content=\"image\/jpeg\" \/>\n<meta name=\"author\" content=\"Renata Chies\" \/>\n<meta name=\"twitter:card\" content=\"summary_large_image\" \/>\n<meta name=\"twitter:creator\" content=\"@factorialapp\" \/>\n<meta name=\"twitter:site\" content=\"@factorialapp\" \/>\n<meta name=\"twitter:label1\" content=\"Written by\" \/>\n\t<meta name=\"twitter:data1\" content=\"Renata Chies\" \/>\n\t<meta name=\"twitter:label2\" content=\"Est. reading time\" \/>\n\t<meta name=\"twitter:data2\" content=\"8 minutos\" \/>\n<script type=\"application\/ld+json\" class=\"yoast-schema-graph\">{\"@context\":\"https:\/\/schema.org\",\"@graph\":[{\"@type\":\"Article\",\"@id\":\"https:\/\/factorialhr.com.br\/blog\/diferenca-entre-feriado-e-ponto-facultativo\/#article\",\"isPartOf\":{\"@id\":\"https:\/\/factorialhr.com.br\/blog\/diferenca-entre-feriado-e-ponto-facultativo\/\"},\"author\":{\"name\":\"Renata Chies\",\"@id\":\"https:\/\/factorialhr.com.br\/blog\/#\/schema\/person\/6b51d8cb491b0adbb0fe6daf4d7ef0e9\"},\"headline\":\"Qual \u00e9 a diferen\u00e7a entre feriado e ponto facultativo? [+ Planilha de Gest\u00e3o de F\u00e9rias]\",\"datePublished\":\"2023-04-27T08:33:53+00:00\",\"dateModified\":\"2023-04-27T09:27:35+00:00\",\"mainEntityOfPage\":{\"@id\":\"https:\/\/factorialhr.com.br\/blog\/diferenca-entre-feriado-e-ponto-facultativo\/\"},\"wordCount\":1673,\"publisher\":{\"@id\":\"https:\/\/factorialhr.com.br\/blog\/#organization\"},\"articleSection\":[\"Controle da Jornada de Trabalho\"],\"inLanguage\":\"pt-PT\"},{\"@type\":\"WebPage\",\"@id\":\"https:\/\/factorialhr.com.br\/blog\/diferenca-entre-feriado-e-ponto-facultativo\/\",\"url\":\"https:\/\/factorialhr.com.br\/blog\/diferenca-entre-feriado-e-ponto-facultativo\/\",\"name\":\"Diferen\u00e7a entre feriado e ponto facultativo: o guia pr\u00e1tico | Factorial\",\"isPartOf\":{\"@id\":\"https:\/\/factorialhr.com.br\/blog\/#website\"},\"datePublished\":\"2023-04-27T08:33:53+00:00\",\"dateModified\":\"2023-04-27T09:27:35+00:00\",\"description\":\"A diferen\u00e7a entre feriado e ponto facultativo ainda \u00e9 motivo de d\u00favidas para os profissionais de RH e DP. Saiba tudo neste artigo!\",\"inLanguage\":\"pt-PT\",\"potentialAction\":[{\"@type\":\"ReadAction\",\"target\":[\"https:\/\/factorialhr.com.br\/blog\/diferenca-entre-feriado-e-ponto-facultativo\/\"]}]},{\"@type\":\"WebSite\",\"@id\":\"https:\/\/factorialhr.com.br\/blog\/#website\",\"url\":\"https:\/\/factorialhr.com.br\/blog\/\",\"name\":\"Factorial\",\"description\":\"\",\"publisher\":{\"@id\":\"https:\/\/factorialhr.com.br\/blog\/#organization\"},\"potentialAction\":[{\"@type\":\"SearchAction\",\"target\":{\"@type\":\"EntryPoint\",\"urlTemplate\":\"https:\/\/factorialhr.com.br\/blog\/?s={search_term_string}\"},\"query-input\":\"required name=search_term_string\"}],\"inLanguage\":\"pt-PT\"},{\"@type\":\"Organization\",\"@id\":\"https:\/\/factorialhr.com.br\/blog\/#organization\",\"name\":\"All-in-one business management software - Factorial\",\"url\":\"https:\/\/factorialhr.com.br\/blog\/\",\"logo\":{\"@type\":\"ImageObject\",\"inLanguage\":\"pt-PT\",\"@id\":\"https:\/\/factorialhr.com.br\/blog\/#\/schema\/logo\/image\/\",\"url\":\"https:\/\/factorialhr.com.br\/wp-content\/uploads\/2023\/07\/18155144\/factorial-logo.png\",\"contentUrl\":\"https:\/\/factorialhr.com.br\/wp-content\/uploads\/2023\/07\/18155144\/factorial-logo.png\",\"width\":946,\"height\":880,\"caption\":\"All-in-one business management software - Factorial\"},\"image\":{\"@id\":\"https:\/\/factorialhr.com.br\/blog\/#\/schema\/logo\/image\/\"},\"sameAs\":[\"https:\/\/www.facebook.com\/people\/Factorial\/100064908455810\/\",\"https:\/\/twitter.com\/factorialapp\",\"https:\/\/www.linkedin.com\/company\/factorialhr\",\"https:\/\/www.youtube.com\/@factorialmedia\",\"https:\/\/www.instagram.com\/factorial\/#\"]},{\"@type\":\"Person\",\"@id\":\"https:\/\/factorialhr.com.br\/blog\/#\/schema\/person\/6b51d8cb491b0adbb0fe6daf4d7ef0e9\",\"name\":\"Renata Chies\",\"image\":{\"@type\":\"ImageObject\",\"inLanguage\":\"pt-PT\",\"@id\":\"https:\/\/factorialhr.com.br\/blog\/#\/schema\/person\/image\/\",\"url\":\"https:\/\/secure.gravatar.com\/avatar\/dbd34fc199b480c34d11966ed430ee8a?s=96&d=identicon&r=g\",\"contentUrl\":\"https:\/\/secure.gravatar.com\/avatar\/dbd34fc199b480c34d11966ed430ee8a?s=96&d=identicon&r=g\",\"caption\":\"Renata Chies\"},\"description\":\"Renata Chies \u00e9 jornalista e comunicadora social. Nos seus 10 anos de experi\u00eancia na \u00e1rea da Comunica\u00e7\u00e3o, j\u00e1 trabalhou como rep\u00f3rter de r\u00e1dio, televis\u00e3o e online, produtora, editora, redatora, social media e assessora de imprensa. Na Factorial, produz conte\u00fados atualizados sobre o universo dos Recursos Humanos.\",\"sameAs\":[\"https:\/\/www.facebook.com\/FactorialBRPT\/\",\"https:\/\/www.instagram.com\/renata_chies\/\",\"https:\/\/www.linkedin.com\/in\/renatachies\/\",\"https:\/\/www.youtube.com\/c\/factorialbrasil\"],\"knowsAbout\":[\"Inbound Marketing\",\"SEO\",\"Content\",\"Social Media\"],\"knowsLanguage\":[\"Portugu\u00eas\",\"Ingl\u00eas\",\"Espanhol\",\"Italiano\"],\"jobTitle\":\"Content & SEO Specialist\",\"worksFor\":\"Renata Chies\",\"url\":\"https:\/\/factorialhr.com.br\/blog\/author\/renata-chies\/\"}]}<\/script>\n<!-- \/ Yoast SEO Premium plugin. -->","yoast_head_json":{"title":"Diferen\u00e7a entre feriado e ponto facultativo: o guia pr\u00e1tico | Factorial","description":"A diferen\u00e7a entre feriado e ponto facultativo ainda \u00e9 motivo de d\u00favidas para os profissionais de RH e DP. Saiba tudo neste artigo!","robots":{"index":"index","follow":"follow","max-snippet":"max-snippet:-1","max-image-preview":"max-image-preview:large","max-video-preview":"max-video-preview:-1"},"canonical":"https:\/\/factorialhr.com.br\/blog\/diferenca-entre-feriado-e-ponto-facultativo\/","og_locale":"pt_BR","og_type":"article","og_title":"Qual \u00e9 a diferen\u00e7a entre feriado e ponto facultativo? [+ Planilha de Gest\u00e3o de F\u00e9rias]","og_description":"A diferen\u00e7a entre feriado e ponto facultativo ainda \u00e9 motivo de d\u00favidas para os profissionais de RH e DP. Saiba tudo neste artigo!","og_url":"https:\/\/factorialhr.com.br\/blog\/diferenca-entre-feriado-e-ponto-facultativo\/","og_site_name":"Factorial","article_publisher":"https:\/\/www.facebook.com\/people\/Factorial\/100064908455810\/","article_author":"https:\/\/www.facebook.com\/FactorialBRPT\/","article_published_time":"2023-04-27T08:33:53+00:00","article_modified_time":"2023-04-27T09:27:35+00:00","og_image":[{"width":1112,"height":625,"url":"https:\/\/factorialhr.com.br\/wp-content\/uploads\/2023\/04\/27103337\/diferenc%CC%A7a-entre-feriado-e-ponto-facultativo.jpg","type":"image\/jpeg"}],"author":"Renata Chies","twitter_card":"summary_large_image","twitter_creator":"@factorialapp","twitter_site":"@factorialapp","twitter_misc":{"Written by":"Renata Chies","Est. reading time":"8 minutos"},"schema":{"@context":"https:\/\/schema.org","@graph":[{"@type":"Article","@id":"https:\/\/factorialhr.com.br\/blog\/diferenca-entre-feriado-e-ponto-facultativo\/#article","isPartOf":{"@id":"https:\/\/factorialhr.com.br\/blog\/diferenca-entre-feriado-e-ponto-facultativo\/"},"author":{"name":"Renata Chies","@id":"https:\/\/factorialhr.com.br\/blog\/#\/schema\/person\/6b51d8cb491b0adbb0fe6daf4d7ef0e9"},"headline":"Qual \u00e9 a diferen\u00e7a entre feriado e ponto facultativo? [+ Planilha de Gest\u00e3o de F\u00e9rias]","datePublished":"2023-04-27T08:33:53+00:00","dateModified":"2023-04-27T09:27:35+00:00","mainEntityOfPage":{"@id":"https:\/\/factorialhr.com.br\/blog\/diferenca-entre-feriado-e-ponto-facultativo\/"},"wordCount":1673,"publisher":{"@id":"https:\/\/factorialhr.com.br\/blog\/#organization"},"articleSection":["Controle da Jornada de Trabalho"],"inLanguage":"pt-PT"},{"@type":"WebPage","@id":"https:\/\/factorialhr.com.br\/blog\/diferenca-entre-feriado-e-ponto-facultativo\/","url":"https:\/\/factorialhr.com.br\/blog\/diferenca-entre-feriado-e-ponto-facultativo\/","name":"Diferen\u00e7a entre feriado e ponto facultativo: o guia pr\u00e1tico | Factorial","isPartOf":{"@id":"https:\/\/factorialhr.com.br\/blog\/#website"},"datePublished":"2023-04-27T08:33:53+00:00","dateModified":"2023-04-27T09:27:35+00:00","description":"A diferen\u00e7a entre feriado e ponto facultativo ainda \u00e9 motivo de d\u00favidas para os profissionais de RH e DP. Saiba tudo neste artigo!","inLanguage":"pt-PT","potentialAction":[{"@type":"ReadAction","target":["https:\/\/factorialhr.com.br\/blog\/diferenca-entre-feriado-e-ponto-facultativo\/"]}]},{"@type":"WebSite","@id":"https:\/\/factorialhr.com.br\/blog\/#website","url":"https:\/\/factorialhr.com.br\/blog\/","name":"Factorial","description":"","publisher":{"@id":"https:\/\/factorialhr.com.br\/blog\/#organization"},"potentialAction":[{"@type":"SearchAction","target":{"@type":"EntryPoint","urlTemplate":"https:\/\/factorialhr.com.br\/blog\/?s={search_term_string}"},"query-input":"required name=search_term_string"}],"inLanguage":"pt-PT"},{"@type":"Organization","@id":"https:\/\/factorialhr.com.br\/blog\/#organization","name":"All-in-one business management software - Factorial","url":"https:\/\/factorialhr.com.br\/blog\/","logo":{"@type":"ImageObject","inLanguage":"pt-PT","@id":"https:\/\/factorialhr.com.br\/blog\/#\/schema\/logo\/image\/","url":"https:\/\/factorialhr.com.br\/wp-content\/uploads\/2023\/07\/18155144\/factorial-logo.png","contentUrl":"https:\/\/factorialhr.com.br\/wp-content\/uploads\/2023\/07\/18155144\/factorial-logo.png","width":946,"height":880,"caption":"All-in-one business management software - Factorial"},"image":{"@id":"https:\/\/factorialhr.com.br\/blog\/#\/schema\/logo\/image\/"},"sameAs":["https:\/\/www.facebook.com\/people\/Factorial\/100064908455810\/","https:\/\/twitter.com\/factorialapp","https:\/\/www.linkedin.com\/company\/factorialhr","https:\/\/www.youtube.com\/@factorialmedia","https:\/\/www.instagram.com\/factorial\/#"]},{"@type":"Person","@id":"https:\/\/factorialhr.com.br\/blog\/#\/schema\/person\/6b51d8cb491b0adbb0fe6daf4d7ef0e9","name":"Renata Chies","image":{"@type":"ImageObject","inLanguage":"pt-PT","@id":"https:\/\/factorialhr.com.br\/blog\/#\/schema\/person\/image\/","url":"https:\/\/secure.gravatar.com\/avatar\/dbd34fc199b480c34d11966ed430ee8a?s=96&d=identicon&r=g","contentUrl":"https:\/\/secure.gravatar.com\/avatar\/dbd34fc199b480c34d11966ed430ee8a?s=96&d=identicon&r=g","caption":"Renata Chies"},"description":"Renata Chies \u00e9 jornalista e comunicadora social. Nos seus 10 anos de experi\u00eancia na \u00e1rea da Comunica\u00e7\u00e3o, j\u00e1 trabalhou como rep\u00f3rter de r\u00e1dio, televis\u00e3o e online, produtora, editora, redatora, social media e assessora de imprensa. Na Factorial, produz conte\u00fados atualizados sobre o universo dos Recursos Humanos.","sameAs":["https:\/\/www.facebook.com\/FactorialBRPT\/","https:\/\/www.instagram.com\/renata_chies\/","https:\/\/www.linkedin.com\/in\/renatachies\/","https:\/\/www.youtube.com\/c\/factorialbrasil"],"knowsAbout":["Inbound Marketing","SEO","Content","Social Media"],"knowsLanguage":["Portugu\u00eas","Ingl\u00eas","Espanhol","Italiano"],"jobTitle":"Content & SEO Specialist","worksFor":"Renata Chies","url":"https:\/\/factorialhr.com.br\/blog\/author\/renata-chies\/"}]}},"_links":{"self":[{"href":"https:\/\/factorialhr.com.br\/blog\/wp-json\/wp\/v2\/posts\/99834"}],"collection":[{"href":"https:\/\/factorialhr.com.br\/blog\/wp-json\/wp\/v2\/posts"}],"about":[{"href":"https:\/\/factorialhr.com.br\/blog\/wp-json\/wp\/v2\/types\/post"}],"author":[{"embeddable":true,"href":"https:\/\/factorialhr.com.br\/blog\/wp-json\/wp\/v2\/users\/141"}],"replies":[{"embeddable":true,"href":"https:\/\/factorialhr.com.br\/blog\/wp-json\/wp\/v2\/comments?post=99834"}],"version-history":[{"count":6,"href":"https:\/\/factorialhr.com.br\/blog\/wp-json\/wp\/v2\/posts\/99834\/revisions"}],"predecessor-version":[{"id":100607,"href":"https:\/\/factorialhr.com.br\/blog\/wp-json\/wp\/v2\/posts\/99834\/revisions\/100607"}],"wp:featuredmedia":[{"embeddable":true,"href":"https:\/\/factorialhr.com.br\/blog\/wp-json\/wp\/v2\/media\/100591"}],"wp:attachment":[{"href":"https:\/\/factorialhr.com.br\/blog\/wp-json\/wp\/v2\/media?parent=99834"}],"wp:term":[{"taxonomy":"category","embeddable":true,"href":"https:\/\/factorialhr.com.br\/blog\/wp-json\/wp\/v2\/categories?post=99834"},{"taxonomy":"post_tag","embeddable":true,"href":"https:\/\/factorialhr.com.br\/blog\/wp-json\/wp\/v2\/tags?post=99834"}],"curies":[{"name":"wp","href":"https:\/\/api.w.org\/{rel}","templated":true}]}}