{"id":95990,"date":"2023-03-21T17:03:31","date_gmt":"2023-03-21T15:03:31","guid":{"rendered":"https:\/\/factorialhr.com\/blog\/?p=95990"},"modified":"2023-05-15T10:27:26","modified_gmt":"2023-05-15T08:27:26","slug":"layoff","status":"publish","type":"post","link":"https:\/\/factorialhr.com.br\/blog\/layoff\/","title":{"rendered":"Layoff: o que \u00e9, como funciona e o que diz a lei no Brasil"},"content":{"rendered":"<p><strong>Se no exterior o termo &#8216;layoff&#8217; \u00e9 utilizado como sin\u00f4nimo de demiss\u00e3o em massa, no Brasil \u00e9 diferente. Entenda o que significa essa pr\u00e1tica e como ela pode ajudar sua empresa em momentos de crise.<\/strong><\/p>\n<p><span style=\"font-weight: 400;\"><a href=\"https:\/\/factorialhr.com.br\/blog\/cargos-rh\/\" target=\"_blank\" rel=\"noopener\">Como gerente de RH<\/a> ou CEO da empresa, um dos aspectos mais indesej\u00e1veis do trabalho, e que voc\u00ea provavelmente ter\u00e1 que lidar em algum momento, \u00e9 a <a href=\"https:\/\/factorialhr.com.br\/blog\/demissao-humanizada\/\" target=\"_blank\" rel=\"noopener\">demiss\u00e3o de funcion\u00e1rios<\/a>. Informar a um funcion\u00e1rio de seu desligamento da empresa nunca \u00e9 f\u00e1cil, e pode provocar sentimentos de culpa e <a href=\"https:\/\/factorialhr.com.br\/blog\/ansiedade-no-trabalho\/\" target=\"_blank\" rel=\"noopener\">ansiedade<\/a> em ambas as partes.<\/span><\/p>\n<p><span style=\"font-weight: 400;\">Al\u00e9m disso, a demiss\u00e3o em muitos casos \u00e9 um desafio do ponto de vista legal, uma vez que h\u00e1 v\u00e1rios fatores a serem considerados para garantir a <a href=\"https:\/\/factorialhr.com.br\/blog\/aviso-previo\/\" target=\"_blank\" rel=\"noopener\">conformidade do RH com a lei<\/a>.<\/span><\/p>\n<p><span style=\"font-weight: 400;\"><strong>Uma das alternativas neste momento \u00e9 a pr\u00e1tica do layoff. <\/strong>N\u00e3o exatamente uma novidade no mundo corporativo, mas que vem ganhando cada vez mais a aten\u00e7\u00e3o das empresas.\u00a0<\/span><\/p>\n<p>Mas qual \u00e9 a diferen\u00e7a entre o layoff e a pr\u00e1tica de demiss\u00e3o em massa tradicional?<span style=\"font-weight: 400;\"> Neste artigo, voc\u00ea entende como funciona o layoff e qual \u00e9 a previs\u00e3o legal desta pr\u00e1tica na CLT.\u00a0<\/span><\/p>\n<p><span style=\"font-weight: 400;\">Entenda tamb\u00e9m como essa medida pode auxiliar empresas <a href=\"https:\/\/factorialhr.com.br\/blog\/recrutamento-selecao-online\/\" target=\"_blank\" rel=\"noopener\">em momentos de crise<\/a>, e ser vantajosa tanto para a organiza\u00e7\u00e3o quanto para os colaboradores.<\/span><\/p>\n<p><strong>Boa leitura!<\/strong><\/p>\n<div class=\"js-toc toc\">\n<p class=\"js-toc-title toc__title\">\u00cdndice<\/p>\n<nav id=\"fac_toc_nav\" class=\"js-toc-nav toc__nav\" aria-label=\"\u00cdndice\"><ol class=\"toc__list toc__list--level-1\"><li class=\"toc-heading-level-2\"><a class=\"toc__link toc-link-heading-1\" href=\"https:\/\/factorialhr.com.br\/blog\/layoff\/#layoff-o-que-e-e-como-funciona-essa-pratica\" title=\"Layoff: o que \u00e9 e como funciona essa pr\u00e1tica\" data-target-id=\"layoff-o-que-e-e-como-funciona-essa-pratica\">Layoff: o que \u00e9 e como funciona essa pr\u00e1tica<\/a><\/li><li class=\"toc-heading-level-2\"><a class=\"toc__link toc-link-heading-2\" href=\"https:\/\/factorialhr.com.br\/blog\/layoff\/#por-que-as-empresas-aderem-a-pratica-de-layoff\" title=\"Por que as empresas aderem \u00e0 pr\u00e1tica de layoff?\" data-target-id=\"por-que-as-empresas-aderem-a-pratica-de-layoff\">Por que as empresas aderem \u00e0 pr\u00e1tica de layoff?<\/a><\/li><li class=\"toc-heading-level-2\"><a class=\"toc__link toc-link-heading-3\" href=\"https:\/\/factorialhr.com.br\/blog\/layoff\/#o-que-diz-a-lei-como-aplicar-o-layoff-no-brasil\" title=\"O que diz a lei: como aplicar o layoff no Brasil\" data-target-id=\"o-que-diz-a-lei-como-aplicar-o-layoff-no-brasil\">O que diz a lei: como aplicar o layoff no Brasil<\/a><\/li><li class=\"toc-heading-level-2\"><a class=\"toc__link toc-link-heading-4\" href=\"https:\/\/factorialhr.com.br\/blog\/layoff\/#layoff-e-boas-praticas-para-o-setor-de-rh\" title=\"Layoff e boas pr\u00e1ticas para o setor de RH\" data-target-id=\"layoff-e-boas-praticas-para-o-setor-de-rh\">Layoff e boas pr\u00e1ticas para o setor de RH<\/a><\/li><li class=\"toc-heading-level-2\"><a class=\"toc__link toc-link-heading-5\" href=\"https:\/\/factorialhr.com.br\/blog\/layoff\/#\u2705-gestao-de-rh-layoff-e-leis-trabalhistas\" title=\"\u2705 Gest\u00e3o de RH: layoff e leis trabalhistas\" data-target-id=\"\u2705-gestao-de-rh-layoff-e-leis-trabalhistas\">\u2705 Gest\u00e3o de RH: layoff e leis trabalhistas<\/a><\/li><\/ol><\/nav><\/div>\n \n <!--HubSpot Call-to-Action Code -->\n    <span class=\"hs-cta-wrapper\" id=\"hs-cta-wrapper-d14907bd-9078-4214-895d-ea3e5dc69dde\">\n        <span class=\"hs-cta-node hs-cta-d14907bd-9078-4214-895d-ea3e5dc69dde\" id=\"d14907bd-9078-4214-895d-ea3e5dc69dde\">\n            <a href=\"https:\/\/cta-redirect.hubspot.com\/cta\/redirect\/4960096\/d14907bd-9078-4214-895d-ea3e5dc69dde\">\n                <img decoding=\"async\" class=\"lazyload hs-cta-img\" id=\"hs-cta-img-d14907bd-9078-4214-895d-ea3e5dc69dde\" style=\"border-width:0px;\" src=\"https:\/\/no-cache.hubspot.com\/cta\/default\/4960096\/d14907bd-9078-4214-895d-ea3e5dc69dde.png\"  alt=\"performance\" width=\"900\" height=\"308\" \/>\n            <\/a>\n        <\/span>\n        <script type=\"text\/javascript\">\n            function loadCTA(){\n                window.hbspt.cta.load(4960096, 'd14907bd-9078-4214-895d-ea3e5dc69dde', {'region': 'eu1'})\n            }\n            if(window.hbspt){\n                loadCTA()\n            }else{\n                Defer.js(\n                    'https:\/\/js.hubspot.com\/cta\/current.js',\n                    'hubspotCTA', \n                    0, \n                    loadCTA\n                );\n            }\n        <\/script>\n    <\/span>\n<!-- end HubSpot Call-to-Action Code -->\n\n<h2><strong>Layoff: o que \u00e9 e com<\/strong><strong>o funciona essa pr\u00e1tica<\/strong><\/h2>\n<p><span style=\"font-weight: 400;\">Apesar de as demiss\u00f5es n\u00e3o serem uma pr\u00e1tica agrad\u00e1vel, elas fazem parte da realidade de qualquer empresa e do <a href=\"https:\/\/factorialhr.com.br\/blog\/profissional-rh\/\" target=\"_blank\" rel=\"noopener\">dia a dia do setor de RH<\/a>. Por isso, lidar com esse desafio \u00e9 extremamente importante, e a pr\u00e1tica de layoff \u00e9 uma alternativa neste momento.<\/span><\/p>\n<p><span style=\"font-weight: 400;\">Na teoria,<strong> layoff \u00e9 quando voc\u00ea encerra a posi\u00e7\u00e3o de um funcion\u00e1rio na empresa<\/strong> sem que isso seja motivado pelo comportamento ou falta de produtividade do colaborador.\u00a0<\/span><span style=\"font-weight: 400;\">Na maioria dos casos, o layoff em geral ocorre em momentos de crise ou dificuldades financeiras.<\/span><\/p>\n<p><span style=\"font-weight: 400;\">Contudo, <strong>no Brasil, o termo layoff \u00e9 utilizado em refer\u00eancia \u00e0 suspens\u00e3o tempor\u00e1ria de contrato de trabalho. <\/strong>E\u00a0\u00e9 sobre isso que falaremos neste texto.<\/span><\/p>\n<p><span style=\"font-weight: 400;\"><a href=\"https:\/\/factorialhr.com.br\/blog\/rh-pos-pandemia\/\" target=\"_blank\" rel=\"noopener\">Durante a pandemia<\/a>, foi poss\u00edvel presenciar a pr\u00e1tica de demiss\u00e3o em massa em diversas empresas, sejam elas grandes ou pequenas.<\/span><\/p>\n<p><span style=\"font-weight: 400;\">Ela tem se tornado bem popular principalmente em empresas de tecnologia, como a Meta, que anunciou recentemente <\/span><a href=\"https:\/\/einvestidor.estadao.com.br\/ultimas\/meta-facebook-layoff-demissoes-alta-de-acoes\/\" target=\"_blank\" rel=\"noopener\"><span style=\"font-weight: 400;\">mais 10 mil demiss\u00f5es<\/span><\/a><span style=\"font-weight: 400;\">, e o Twitter, que decidiu demitir, no final de 2022, <\/span><a href=\"https:\/\/g1.globo.com\/tecnologia\/noticia\/2022\/11\/04\/twitter-demitiu-50percent-dos-funcionarios-apos-ser-adquirido-por-musk-diz-executivo.ghtml\" target=\"_blank\" rel=\"noopener\"><span style=\"font-weight: 400;\">50% de sua for\u00e7a de trabalho<\/span><\/a><span style=\"font-weight: 400;\">.<\/span><\/p>\n<p><span style=\"font-weight: 400;\">Esse tipo de desligamento \u00e9 uma estrat\u00e9gia muito utilizada para reduzir a for\u00e7a de trabalho de uma empresa e, consequentemente, o valor de sua <a href=\"https:\/\/factorialhr.com.br\/blog\/calculo-irrf\/\" target=\"_blank\" rel=\"noopener\">folha de pagamento<\/a>.<\/span><\/p>\n<p><span style=\"font-weight: 400;\">Por\u00e9m, a ideia do layoff \u00e9 trazer uma alternativa \u00e0 demiss\u00e3o em massa. <strong>Essa pr\u00e1tica busca justamente evitar a rescis\u00e3o contratual<\/strong>, estabelecendo um per\u00edodo determinado de redu\u00e7\u00e3o das atividades do colaborador.<\/span><\/p>\n<p><span style=\"font-weight: 400;\">A seguir, confira como funciona o layoff no Brasil e as vantagens da pr\u00e1tica para as empresas<\/span><span style=\"font-weight: 400;\">.<\/span><\/p>\n<p><strong>\ud83d\udca1\ud83d\udcda Leia tamb\u00e9m:<\/strong><\/p>\n<ul>\n<li><strong>Como calcular a rescis\u00e3o de contrato: <a href=\"https:\/\/factorialhr.com.br\/blog\/calcular-rescisao\/\" target=\"_blank\" rel=\"noopener\">passo a passo com todos os tipos de rescis\u00e3o<\/a><\/strong><\/li>\n<li><strong>Saiba tudo sobre <a href=\"https:\/\/factorialhr.com.br\/blog\/rescisao-indireta\/\" target=\"_blank\" rel=\"noopener\">rescis\u00e3o indireta e o papel do RH no processo<\/a><\/strong><\/li>\n<\/ul>\n<p><img decoding=\"async\" class=\"alignnone size-full wp-image-96525\" src=\"https:\/\/factorialhr.com.br\/wp-content\/uploads\/2023\/03\/22171843\/layoffs.jpg\" alt=\"layoffs\" width=\"830\" height=\"400\" srcset=\"https:\/\/factorialhr.com.br\/wp-content\/uploads\/2023\/03\/22171843\/layoffs.jpg 830w, https:\/\/factorialhr.com.br\/wp-content\/uploads\/2023\/03\/22171843\/layoffs-300x145.jpg 300w, https:\/\/factorialhr.com.br\/wp-content\/uploads\/2023\/03\/22171843\/layoffs-768x370.jpg 768w\" sizes=\"(max-width: 830px) 100vw, 830px\" \/><\/p>\n<h2>Por que as empresas aderem \u00e0 pr\u00e1tica de layoff?<\/h2>\n<p><span style=\"font-weight: 400;\">\u00c9 fato que a quest\u00e3o financeira est\u00e1 entre as principais para a ado\u00e7\u00e3o da pr\u00e1tica de layoff. Mas existem alguns motivos espec\u00edficos que podem levar as empresas a tomar essa decis\u00e3o. Confira a seguir.<\/span><\/p>\n<h3>Redu\u00e7\u00e3o de demanda<\/h3>\n<p><span style=\"font-weight: 400;\">Se uma empresa experimenta uma queda dr\u00e1stica em suas vendas, <strong>isso certamente ter\u00e1 um impacto direto no fluxo de caixa<\/strong>. E a pr\u00e1tica do layoff pode ajudar a equilibrar essa conta. Principalmente reduzindo custos de acordo com a perda de receita.<\/span><\/p>\n<p><span style=\"font-weight: 400;\">A redu\u00e7\u00e3o de demanda foi algo muito comum ap\u00f3s mar\u00e7o de 2020, <a href=\"https:\/\/factorialhr.com.br\/blog\/gestao-rh-pandemia\/\" target=\"_blank\" rel=\"noopener\">com a pandemia<\/a>, e for\u00e7ou algumas empresas a fazerem cortes e demiss\u00f5es em massa. Por\u00e9m, o layoff se mostrou, em alguns casos, uma alternativa mais vantajosa.<\/span><\/p>\n<h3><b>Crise ou desacelera\u00e7\u00e3o econ\u00f4mica<\/b><\/h3>\n<p><span style=\"font-weight: 400;\">Se uma economia est\u00e1 passando por uma depress\u00e3o financeira ou recess\u00e3o, \u00e9 muito comum que algumas empresas decidam demitir funcion\u00e1rios. Isso acontece para equilibrar as contas e permanecer firme no mercado.\u00a0<\/span><\/p>\n<p><span style=\"font-weight: 400;\">Com isso, o layoff pode ajudar a empresa a ter uma alternativa \u00e0 demiss\u00e3o. Ou seja, n\u00e3o perder bons funcion\u00e1rios, e sim <a href=\"https:\/\/factorialhr.com.br\/blog\/software-gestao-de-custos\/\" target=\"_blank\" rel=\"noopener\">reduzir despesas e gastos<\/a> em um momento estrat\u00e9gico.\u00a0<\/span><\/p>\n<p><strong><span class=\"fe5nidar khvhiq1o r5qsrrlp i5tg98hk f9ovudaz przvwfww gx1rr48f gfz4du6o r7fjleex nz2484kf svot0ezm dcnh1tix sxl192xd t3g6t33p\"><span class=\"mpj7bzys xzlurrtv\">\ud83d\udc68\ud83c\udffd\u200d\ud83d\udcbb<\/span><\/span>\u00a0<a href=\"https:\/\/factorialhr.com.br\/get-started\" target=\"_blank\" rel=\"noopener\">Teste gr\u00e1tis o software de RH da Factorial por 14 dias<\/a><\/strong><\/p>\n<h3><b>Reestrutura\u00e7\u00e3o corporativa<\/b><\/h3>\n<p><span style=\"font-weight: 400;\">Outro caso em que a realiza\u00e7\u00e3o de layoffs \u00e9 muito comum \u00e9 quando a empresa passa por um processo dr\u00e1stico de <a href=\"https:\/\/factorialhr.com.br\/blog\/gestao-de-mudancas\/\" target=\"_blank\" rel=\"noopener\">mudan\u00e7a ou reestrutura\u00e7\u00e3o<\/a>. <\/span><\/p>\n<p><span style=\"font-weight: 400;\">Neste caso, \u00e9 poss\u00edvel reduzir as atividades durante um determinado per\u00edodo, a fim de analisar quais ser\u00e3o as posi\u00e7\u00f5es que seguir\u00e3o relevantes dentro da empresa.<\/span><\/p>\n<p><span style=\"font-weight: 400;\">A automatiza\u00e7\u00e3o de processos com o uso de <a href=\"https:\/\/factorialhr.com.br\/blog\/tecnologia-rh\/\" target=\"_blank\" rel=\"noopener\">tecnologia<\/a> \u00e9 um exemplo de reestrutura\u00e7\u00e3o, uma vez que a m\u00e1quina acaba substituindo o humano, e demiss\u00f5es podem vir a ser inevit\u00e1veis.<\/span><\/p>\n<p><strong><span class=\"fe5nidar khvhiq1o r5qsrrlp i5tg98hk f9ovudaz przvwfww gx1rr48f gfz4du6o r7fjleex nz2484kf svot0ezm dcnh1tix sxl192xd t3g6t33p\"><span class=\"mpj7bzys xzlurrtv\">\ud83d\udca1 <\/span><\/span>Change management: <a href=\"https:\/\/factorialhr.com.br\/blog\/gestao-de-mudancas\/\" target=\"_blank\" rel=\"noopener\">como fazer gest\u00e3o de mudan\u00e7as na empresa em 6 passos<\/a><\/strong><\/p>\n<h2><b>O que diz a lei: como aplicar o layoff no Brasil<\/b><\/h2>\n<p><span style=\"font-weight: 400;\">No Brasil, existem duas maneiras de aplicar o layoff: com a suspens\u00e3o do contrato de trabalho ou com a redu\u00e7\u00e3o da remunera\u00e7\u00e3o e da jornada de trabalho. Veja mais sobre cada uma delas a seguir.<\/span><\/p>\n<h3>Suspens\u00e3o de Contrato de Trabalho<\/h3>\n<p><span style=\"font-weight: 400;\">A Suspens\u00e3o de Contrato de Trabalho acontece quando o trabalhador n\u00e3o trabalha e n\u00e3o recebe nenhum pagamento. Contudo, o <a href=\"https:\/\/factorialhr.com.br\/blog\/vinculo-empregaticio-clt\/\" target=\"_blank\" rel=\"noopener\">v\u00ednculo empregat\u00edcio<\/a> permanece intacto. Ou seja, n\u00e3o ocorre a demiss\u00e3o.<\/span><\/p>\n<p><b>Por\u00e9m, para que isso seja poss\u00edvel, existem algumas regras a serem seguidas:<\/b><\/p>\n<ul>\n<li style=\"font-weight: 400;\" aria-level=\"1\"><span style=\"font-weight: 400;\">a pr\u00e1tica deve durar de 2 a 5 meses;<\/span><\/li>\n<li style=\"font-weight: 400;\" aria-level=\"1\"><span style=\"font-weight: 400;\">o funcion\u00e1rio deve ser notificado com ao menos 15 dias de anteced\u00eancia;<\/span><\/li>\n<li style=\"font-weight: 400;\" aria-level=\"1\"><span style=\"font-weight: 400;\">uma ajuda financeira mensal, sem natureza salarial, pode ser exigida pelo Sindicato de Classe dos Trabalhadores;<\/span><\/li>\n<li style=\"font-weight: 400;\" aria-level=\"1\"><span style=\"font-weight: 400;\">colaborador deve autorizar a pr\u00e1tica por meio de um documento assinado por ele;<\/span><\/li>\n<li style=\"font-weight: 400;\" aria-level=\"1\"><span style=\"font-weight: 400;\">funcion\u00e1rio deve participar de algum <a href=\"https:\/\/factorialhr.com.br\/blog\/upskilling-e-reskilling\/\" target=\"_blank\" rel=\"noopener\">curso de qualifica\u00e7\u00e3o<\/a> durante a suspens\u00e3o;<\/span><\/li>\n<li style=\"font-weight: 400;\" aria-level=\"1\"><span style=\"font-weight: 400;\">o sal\u00e1rio ser\u00e1 pago pelo FAT (Fundo de Amparo do Trabalhador). Sempre respeitando o limite do teto do seguro desemprego;<\/span><\/li>\n<li style=\"font-weight: 400;\" aria-level=\"1\">se o profissional for demitido durante a suspens\u00e3o, ou em at\u00e9 3 meses ap\u00f3s o retorno do trabalho, recebe uma indeniza\u00e7\u00e3o do empregador.<\/li>\n<\/ul>\n<p><span class=\"fe5nidar khvhiq1o r5qsrrlp i5tg98hk f9ovudaz przvwfww gx1rr48f gfz4du6o r7fjleex nz2484kf svot0ezm dcnh1tix sxl192xd t3g6t33p\"><span class=\"mpj7bzys xzlurrtv\">\u270d\ufe0f\u00a0<\/span><\/span> <a href=\"https:\/\/factorialhr.com.br\/blog\/rescisao-indireta\/\" target=\"_blank\" rel=\"noopener\">Saiba tudo sobre rescis\u00e3o indireta e o papel do RH no processo<\/a><\/p>\n<h3>Redu\u00e7\u00e3o da remunera\u00e7\u00e3o e da jornada de trabalho<\/h3>\n<p><span style=\"font-weight: 400;\">J\u00e1 a redu\u00e7\u00e3o da remunera\u00e7\u00e3o e da jornada de trabalho, como o pr\u00f3prio nome diz, sugere a redu\u00e7\u00e3o da jornada e do sal\u00e1rio.<\/span><b> Nesse caso, as empresas devem:<\/b><\/p>\n<ul>\n<li style=\"font-weight: 400;\" aria-level=\"1\"><span style=\"font-weight: 400;\">possuir um acordo pr\u00e9vio com o sindicato da categoria, homologado pela <a href=\"https:\/\/www.gov.br\/pt-br\/assuntos\/agenda\/agenda\/d\/drt-delegacia-regional-do-trabalho\/drt---delegacia-regional-do-trabalho-\" target=\"_blank\" rel=\"noopener\">Delegacia Regional do Trabalho<\/a>;<\/span><\/li>\n<li style=\"font-weight: 400;\" aria-level=\"1\"><span style=\"font-weight: 400;\">reduzir at\u00e9 25% da jornada e do sal\u00e1rio;\u00a0<\/span><\/li>\n<li style=\"font-weight: 400;\" aria-level=\"1\"><span style=\"font-weight: 400;\">aplicar a regra em at\u00e9 3 meses, com direito a prolongar o per\u00edodo caso haja motivo justific\u00e1vel;<\/span><\/li>\n<li style=\"font-weight: 400;\" aria-level=\"1\"><span style=\"font-weight: 400;\">o pagamento dos sal\u00e1rios \u00e9 feito pela empresa.<\/span><\/li>\n<\/ul>\n<h2>Layoff e boas pr\u00e1ticas para o setor de RH<\/h2>\n<p><span style=\"font-weight: 400;\">Por fim, agora \u00e9 hora de chegar ao cerne da quest\u00e3o: <\/span><b><a href=\"https:\/\/factorialhr.com.br\/blog\/recolocacao\/\" target=\"_blank\" rel=\"noopener\">o que o setor de RH<\/a> pode fazer para melhorar seus processos internos e lidar com layoffs da melhor maneira poss\u00edvel?<\/b><\/p>\n<p><span style=\"font-weight: 400;\">A seguir, elencamos algumas boas pr\u00e1ticas para RH que podem fazer toda a diferen\u00e7a para a sua empresa durante a pr\u00e1tica de layoffs. Confira!<\/span><\/p>\n<h3>Busque outras alternativas<\/h3>\n<p><span style=\"font-weight: 400;\">Tenha em mente que a pr\u00e1tica de layoff ou demiss\u00f5es em massa devem ser sempre seu \u00faltimo recurso. Assim, se voc\u00ea est\u00e1 considerando <a href=\"https:\/\/factorialhr.com.br\/blog\/demissao-silenciosa\/\" target=\"_blank\" rel=\"noopener\">demitir funcion\u00e1rios<\/a> ou reduzir suas atividades, o ideal \u00e9 sempre considerar outras op\u00e7\u00f5es.<\/span><\/p>\n<p><span style=\"font-weight: 400;\">Afinal, nem sempre dispensar seus colaboradores pode ser a melhor op\u00e7\u00e3o. \u00c9 necess\u00e1rio considerar o impacto que essas redu\u00e7\u00f5es de atividades podem ter em seu neg\u00f3cio.\u00a0<\/span><span style=\"font-weight: 400;\">Reduzir custos pode ser bom, mas se um funcion\u00e1rio \u00e9 uma pe\u00e7a importante da equipe, perd\u00ea-lo pode ter grandes impactos na produtividade.\u00a0<\/span><\/p>\n<p><span style=\"font-weight: 400;\">Isso aconteceu com o Twitter, que decidiu chamar parte dos funcion\u00e1rios <\/span><a href=\"https:\/\/www.tecmundo.com.br\/redes-sociais\/253932-twitter-chama-volta-parte-funcionarios-demitidos.htm\"><span style=\"font-weight: 400;\">de volta ao trabalho<\/span><\/a><span style=\"font-weight: 400;\"> ap\u00f3s uma demiss\u00e3o em massa.\u00a0<\/span><\/p>\n<p><strong>\ud83d\udc49 Offboarding: <a href=\"https:\/\/factorialhr.com.br\/checklists\/offboarding\">Checklist para desligamento de funcion\u00e1rios<\/a><\/strong><\/p>\n<p><a href=\"https:\/\/factorialhr.com.br\/modelos\/offboarding\" target=\"_blank\" rel=\"noopener\"><img decoding=\"async\" class=\"alignnone wp-image-83533\" src=\"https:\/\/factorialhr.com.br\/wp-content\/uploads\/2022\/10\/04182311\/Checklist-offboarding-1024x1024.jpg\" alt=\"Checklist offboarding\" width=\"400\" height=\"400\" srcset=\"https:\/\/factorialhr.com.br\/wp-content\/uploads\/2022\/10\/04182311\/Checklist-offboarding-1024x1024.jpg 1024w, https:\/\/factorialhr.com.br\/wp-content\/uploads\/2022\/10\/04182311\/Checklist-offboarding-300x300.jpg 300w, https:\/\/factorialhr.com.br\/wp-content\/uploads\/2022\/10\/04182311\/Checklist-offboarding-150x150.jpg 150w, https:\/\/factorialhr.com.br\/wp-content\/uploads\/2022\/10\/04182311\/Checklist-offboarding-768x768.jpg 768w, https:\/\/factorialhr.com.br\/wp-content\/uploads\/2022\/10\/04182311\/Checklist-offboarding-160x160.jpg 160w, https:\/\/factorialhr.com.br\/wp-content\/uploads\/2022\/10\/04182311\/Checklist-offboarding-80x80.jpg 80w, https:\/\/factorialhr.com.br\/wp-content\/uploads\/2022\/10\/04182311\/Checklist-offboarding.jpg 1080w\" sizes=\"(max-width: 400px) 100vw, 400px\" \/><\/a><\/p>\n<h3>Congelamento de sal\u00e1rios<\/h3>\n<p><span style=\"font-weight: 400;\">Se voc\u00ea optar por essa solu\u00e7\u00e3o, certifique-se de comunicar a sua equipe o motivo do congelamento, a fim de evitar uma desmotiva\u00e7\u00e3o geral. <\/span><\/p>\n<p><span style=\"font-weight: 400;\">O ideal \u00e9 que essa medida aconte\u00e7a apenas se necess\u00e1rio, uma vez que o congelamento de sal\u00e1rios pode acabar diminuindo, em certa medida, a produtividade das equipes.<\/span><\/p>\n<h3>Redu\u00e7\u00e3o tempor\u00e1ria de benef\u00edcios<\/h3>\n<p><span style=\"font-weight: 400;\">Essa \u00e9 uma op\u00e7\u00e3o que pode dar um tempo maior para a empresa se recuperar <a href=\"https:\/\/factorialhr.com.br\/blog\/software-gestao-de-custos\/\" target=\"_blank\" rel=\"noopener\">financeiramente<\/a>, sem ter que aderir ao layoff. \u00c9 poss\u00edvel, por exemplo, aplicar descontos em folhas em benef\u00edcios que anteriormente eram gratuitos, como <a href=\"https:\/\/factorialhr.com.br\/blog\/vale-alimentacao-e-vale-refeicao\/\" target=\"_blank\" rel=\"noopener\">vale-alimenta\u00e7\u00e3o<\/a> e <a href=\"https:\/\/factorialhr.com.br\/blog\/saude-ocupacional\/\" target=\"_blank\" rel=\"noopener\">plano de sa\u00fade<\/a>.\u00a0<\/span><\/p>\n<p><span style=\"font-weight: 400;\">Outra boa pr\u00e1tica \u00e9 incentivar videoconfer\u00eancias em vez de viagens de neg\u00f3cios. Ou mesmo cortar assinaturas de servi\u00e7os n\u00e3o t\u00e3o necess\u00e1rios \u00e0 empresa.<\/span><\/p>\n<p><strong><span class=\"fe5nidar khvhiq1o r5qsrrlp i5tg98hk f9ovudaz przvwfww gx1rr48f gfz4du6o r7fjleex nz2484kf svot0ezm dcnh1tix sxl192xd t3g6t33p\"><span class=\"mpj7bzys xzlurrtv\">\ud83d\udcb3<\/span><\/span>\u00a0Vale-alimenta\u00e7\u00e3o e vale-refei\u00e7\u00e3o: <a href=\"https:\/\/factorialhr.com.br\/blog\/vale-alimentacao-e-vale-refeicao\/\" target=\"_blank\" rel=\"noopener\">qual a diferen\u00e7a e o melhor para sua empresa<\/a><\/strong><\/p>\n<h3>Esteja sempre dentro da lei<\/h3>\n<p><span style=\"font-weight: 400;\">Como explicamos, para garantir que a pr\u00e1tica de layoff seja feita de maneira correta <a href=\"https:\/\/factorialhr.com.br\/blog\/leis-trabalhistas\/\" target=\"_blank\" rel=\"noopener\">e dentro da lei<\/a>, o setor de RH deve estar sempre atualizado sobre o tema.\u00a0<\/span><\/p>\n<p><span style=\"font-weight: 400;\">Por isso, vale dar uma conferida nas leis federais e tamb\u00e9m estaduais sobre demiss\u00f5es em massa e layoffs, entendendo todas as obriga\u00e7\u00f5es do empregador.<\/span><\/p>\n<p><span style=\"font-weight: 400;\">Para que n\u00e3o haja d\u00favidas a respeito do processo de layoff na legisla\u00e7\u00e3o trabalhista, <strong>o profissional de RH deve atentar-se \u00e0s seguintes leis:<\/strong><\/span><\/p>\n<ul>\n<li style=\"font-weight: 400;\" aria-level=\"1\"><b><a href=\"https:\/\/www.planalto.gov.br\/ccivil_03\/leis\/l4923.htm\" target=\"_blank\" rel=\"noopener\">Lei n\u00ba 4.923\/65<\/a>:<\/b><span style=\"font-weight: 400;\"> fala sobre o layoff referente \u00e0 redu\u00e7\u00e3o da jornada de trabalho;<\/span><\/li>\n<li style=\"font-weight: 400;\" aria-level=\"1\"><b><a href=\"https:\/\/www.planalto.gov.br\/ccivil_03\/decreto-lei\/del5452.htm\" target=\"_blank\" rel=\"noopener\">Art. 476-A<\/a> da CLT: <\/b><span style=\"font-weight: 400;\">artigo que explica sobre a permiss\u00e3o da suspens\u00e3o do contrato de trabalho a fins de requalifica\u00e7\u00e3o profissional.<\/span><\/li>\n<\/ul>\n<p><a href=\"https:\/\/factorialhr.com.br\/ebooks\/leis-trabalhistas-download\"><img decoding=\"async\" class=\"alignnone wp-image-85929 size-full\" src=\"https:\/\/factorialhr.com.br\/wp-content\/uploads\/2022\/11\/10190255\/guia-clt-atualizada.jpg\" alt=\"guia-clt-atualizada\" width=\"400\" height=\"400\" srcset=\"https:\/\/factorialhr.com.br\/wp-content\/uploads\/2022\/11\/10190255\/guia-clt-atualizada.jpg 400w, https:\/\/factorialhr.com.br\/wp-content\/uploads\/2022\/11\/10190255\/guia-clt-atualizada-300x300.jpg 300w, https:\/\/factorialhr.com.br\/wp-content\/uploads\/2022\/11\/10190255\/guia-clt-atualizada-150x150.jpg 150w, https:\/\/factorialhr.com.br\/wp-content\/uploads\/2022\/11\/10190255\/guia-clt-atualizada-160x160.jpg 160w, https:\/\/factorialhr.com.br\/wp-content\/uploads\/2022\/11\/10190255\/guia-clt-atualizada-80x80.jpg 80w\" sizes=\"(max-width: 400px) 100vw, 400px\" \/><\/a><\/p>\n<h3>Crie um bom plano de comunica\u00e7\u00e3o<\/h3>\n<p><span style=\"font-weight: 400;\">Se voc\u00ea decidir aderir ao layoff, certifique-se de que sua <a href=\"https:\/\/factorialhr.com.br\/blog\/plano-comunicacao-interna\/\" target=\"_blank\" rel=\"noopener\">pol\u00edtica de comunica\u00e7\u00e3o interna<\/a> esteja preparada para responder a diversas d\u00favidas de funcion\u00e1rios que possam surgir.\u00a0<\/span><\/p>\n<p><span style=\"font-weight: 400;\">O setor de RH deve poder responder n\u00e3o apenas do que se trata o layoff, mas como funciona a quest\u00e3o dos pagamentos, por quanto tempo a pr\u00e1tica ser\u00e1 realizada, e como ser\u00e1 o retorno ao trabalho de forma integral no futuro.<\/span><\/p>\n<h2><b>\u2705 Gest\u00e3o de RH: layoff e leis trabalhistas<\/b><\/h2>\n<p><span style=\"font-weight: 400;\">Por fim, fica claro a import\u00e2ncia de o setor de RH estar por dentro das leis trabalhistas e das melhores pr\u00e1ticas do mercado, tanto no caso dos layoffs, quanto das <a href=\"https:\/\/factorialhr.com.br\/blog\/demissao-humanizada\/\" target=\"_blank\" rel=\"noopener\">demiss\u00f5es em massa<\/a>.<\/span><\/p>\n<p><span style=\"font-weight: 400;\">Al\u00e9m disso, pode fazer toda a diferen\u00e7a possuir neste momento acesso \u00e0s melhores ferramentas do mercado. N\u00e3o apenas para fazer o trabalho \u201cpesado\u201d do dia a dia. Mas tamb\u00e9m lidar com quest\u00f5es referentes a admiss\u00f5es e desligamentos.<\/span><\/p>\n<p><span style=\"font-weight: 400;\">Com o <\/span><a href=\"https:\/\/factorialhr.com.br\/software-recursos-humanos\" target=\"_blank\" rel=\"noopener\"><span style=\"font-weight: 400;\">software de RH da Factorial<\/span><\/a><span style=\"font-weight: 400;\">, sua empresa poder\u00e1 realizar tarefas b\u00e1sicas e burocr\u00e1ticas do dia a dia de forma muito mais r\u00e1pida, simples e eficiente.\u00a0<\/span><\/p>\n<p><b>Ao utilizar nosso software de gest\u00e3o de RH, voc\u00ea ter\u00e1 acesso a:<\/b><\/p>\n<ul>\n<li style=\"font-weight: 400;\" aria-level=\"1\"><a href=\"https:\/\/factorialhr.com.br\/blog\/controle-de-ponto-eletronico-portaria-671\/\" target=\"_blank\" rel=\"noopener\"><span style=\"font-weight: 400;\">Controle de ponto eletr\u00f4nico<\/span><\/a><span style=\"font-weight: 400;\">;<\/span><\/li>\n<li style=\"font-weight: 400;\" aria-level=\"1\"><span style=\"font-weight: 400;\">fazer a <\/span><a href=\"https:\/\/factorialhr.com.br\/gestao-documentos\" target=\"_blank\" rel=\"noopener\"><span style=\"font-weight: 400;\">gest\u00e3o de documentos<\/span><\/a><span style=\"font-weight: 400;\"> e contratos durante a entrada e o desligamento dos profissionais;<\/span><\/li>\n<li style=\"font-weight: 400;\" aria-level=\"1\"><span style=\"font-weight: 400;\">acesso ao Portal do Colaborador;<\/span><\/li>\n<li style=\"font-weight: 400;\" aria-level=\"1\"><a href=\"https:\/\/factorialhr.com.br\/blog\/como-solicitar-ferias\/\" target=\"_blank\" rel=\"noopener\"><span style=\"font-weight: 400;\">Solicita\u00e7\u00e3o e aprova\u00e7\u00e3o de f\u00e9rias<\/span><\/a><span style=\"font-weight: 400;\"> por meio da plataforma;<\/span><\/li>\n<li style=\"font-weight: 400;\" aria-level=\"1\"><span style=\"font-weight: 400;\">Assinatura digital de documentos;<\/span><\/li>\n<li style=\"font-weight: 400;\" aria-level=\"1\"><a href=\"https:\/\/factorialhr.com.br\/blog\/onboarding-digital\/\" target=\"_blank\" rel=\"noopener\"><span style=\"font-weight: 400;\">onboarding<\/span><\/a><span style=\"font-weight: 400;\"> e <\/span><a href=\"https:\/\/factorialhr.com.br\/blog\/offboarding-checklist\/\" target=\"_blank\" rel=\"noopener\"><span style=\"font-weight: 400;\">offboarding<\/span><\/a><span style=\"font-weight: 400;\"> online;<\/span><\/li>\n<li style=\"font-weight: 400;\" aria-level=\"1\"><span style=\"font-weight: 400;\">Sistema pr\u00f3prio para recrutamento;<\/span><\/li>\n<li style=\"font-weight: 400;\" aria-level=\"1\"><a href=\"https:\/\/factorialhr.com.br\/aplicacoes\" target=\"_blank\" rel=\"noopener\"><span style=\"font-weight: 400;\">e muito mais<\/span><\/a><span style=\"font-weight: 400;\">!<\/span><\/li>\n<\/ul>\n<p>\ud83c\udfa5<strong>\u00a0Assista ao v\u00eddeo em menos de 1 minuto e veja como funciona o software de RH da Factorial \u2b07\ufe0f<\/strong><\/p>\n<p><iframe title=\"Por que a Factorial?\" width=\"500\" height=\"281\" src=\"https:\/\/www.youtube.com\/embed\/4QmvkaPG6m0?feature=oembed\" frameborder=\"0\" allow=\"accelerometer; autoplay; clipboard-write; encrypted-media; gyroscope; picture-in-picture; web-share\" referrerpolicy=\"strict-origin-when-cross-origin\" allowfullscreen><\/iframe><\/p>\n<h3><b>\u2705 Pe\u00e7a uma <\/b><a href=\"https:\/\/factorialhr.com.br\/solicitar-demonstracao\" target=\"_blank\" rel=\"noopener\"><span style=\"font-weight: 400;\">demonstra\u00e7\u00e3o gratuita do software de RH da Factorial<\/span><\/a><b> e garanta mais efici\u00eancia para seus processos de RH e Departamento Pessoal.<\/b><\/h3>\n<p>&nbsp;<\/p>\n","protected":false},"excerpt":{"rendered":"<p>Se no exterior o termo &#8216;layoff&#8217; \u00e9 utilizado como sin\u00f4nimo de demiss\u00e3o em massa, no Brasil \u00e9 diferente. Entenda o que significa essa pr\u00e1tica e como ela pode ajudar sua empresa em momentos de crise. Como gerente de RH ou CEO da empresa, um dos aspectos mais indesej\u00e1veis do trabalho, e que voc\u00ea provavelmente ter\u00e1<a href=\"https:\/\/factorialhr.com.br\/blog\/layoff\/\" class=\"read-more\"> [&#8230;]<\/a><\/p>\n","protected":false},"author":148,"featured_media":96526,"comment_status":"closed","ping_status":"closed","sticky":false,"template":"","format":"standard","meta":{"_acf_changed":false,"footnotes":""},"categories":[419],"tags":[440],"class_list":["post-95990","post","type-post","status-publish","format-standard","has-post-thumbnail","hentry","category-controle-de-despesas-corporativas","tag-compliance-e-leis-trabalhistas"],"acf":{"topics":""},"yoast_head":"<!-- This site is optimized with the Yoast SEO Premium plugin v21.5 (Yoast SEO v21.9.1) - https:\/\/yoast.com\/wordpress\/plugins\/seo\/ -->\n<title>Layoff: o que \u00e9, como funciona e o que diz a lei no Brasil | Factorial<\/title>\n<meta name=\"description\" content=\"Voc\u00ea j\u00e1 ouviu falar de layoff? No Brasil, essa pr\u00e1tica est\u00e1 sendo muito utilizada por empresas em momentos de crise. Saiba do que se trata!\" \/>\n<meta name=\"robots\" content=\"index, follow, max-snippet:-1, max-image-preview:large, max-video-preview:-1\" \/>\n<link rel=\"canonical\" href=\"https:\/\/factorialhr.com.br\/blog\/layoff\/\" \/>\n<meta property=\"og:locale\" content=\"pt_BR\" \/>\n<meta property=\"og:type\" content=\"article\" \/>\n<meta property=\"og:title\" content=\"Layoff: o que \u00e9, como funciona e o que diz a lei no Brasil\" \/>\n<meta property=\"og:description\" content=\"Voc\u00ea j\u00e1 ouviu falar de layoff? No Brasil, essa pr\u00e1tica est\u00e1 sendo muito utilizada por empresas em momentos de crise. Saiba do que se trata!\" \/>\n<meta property=\"og:url\" content=\"https:\/\/factorialhr.com.br\/blog\/layoff\/\" \/>\n<meta property=\"og:site_name\" content=\"Factorial\" \/>\n<meta property=\"article:publisher\" content=\"https:\/\/www.facebook.com\/people\/Factorial\/100064908455810\/\" \/>\n<meta property=\"article:author\" content=\"https:\/\/www.facebook.com\/FactorialBRPT\/\" \/>\n<meta property=\"article:published_time\" content=\"2023-03-21T15:03:31+00:00\" \/>\n<meta property=\"article:modified_time\" content=\"2023-05-15T08:27:26+00:00\" \/>\n<meta property=\"og:image\" content=\"https:\/\/factorialhr.com.br\/wp-content\/uploads\/2023\/03\/22171902\/layoff.jpg\" \/>\n\t<meta property=\"og:image:width\" content=\"1112\" \/>\n\t<meta property=\"og:image:height\" content=\"625\" \/>\n\t<meta property=\"og:image:type\" content=\"image\/jpeg\" \/>\n<meta name=\"author\" content=\"Bruna Valtrick\" \/>\n<meta name=\"twitter:card\" content=\"summary_large_image\" \/>\n<meta name=\"twitter:creator\" content=\"@factorialapp\" \/>\n<meta name=\"twitter:site\" content=\"@factorialapp\" \/>\n<meta name=\"twitter:label1\" content=\"Written by\" \/>\n\t<meta name=\"twitter:data1\" content=\"Bruna Valtrick\" \/>\n\t<meta name=\"twitter:label2\" content=\"Est. reading time\" \/>\n\t<meta name=\"twitter:data2\" content=\"10 minutos\" \/>\n<script type=\"application\/ld+json\" class=\"yoast-schema-graph\">{\"@context\":\"https:\/\/schema.org\",\"@graph\":[{\"@type\":\"Article\",\"@id\":\"https:\/\/factorialhr.com.br\/blog\/layoff\/#article\",\"isPartOf\":{\"@id\":\"https:\/\/factorialhr.com.br\/blog\/layoff\/\"},\"author\":{\"name\":\"Bruna Valtrick\",\"@id\":\"https:\/\/factorialhr.com.br\/blog\/#\/schema\/person\/7dd414d6beaef0da654af06b4586076d\"},\"headline\":\"Layoff: o que \u00e9, como funciona e o que diz a lei no Brasil\",\"datePublished\":\"2023-03-21T15:03:31+00:00\",\"dateModified\":\"2023-05-15T08:27:26+00:00\",\"mainEntityOfPage\":{\"@id\":\"https:\/\/factorialhr.com.br\/blog\/layoff\/\"},\"wordCount\":1989,\"publisher\":{\"@id\":\"https:\/\/factorialhr.com.br\/blog\/#organization\"},\"keywords\":[\"Compliance e Leis Trabalhistas\"],\"articleSection\":[\"Controle de Despesas Corporativas\"],\"inLanguage\":\"pt-PT\"},{\"@type\":\"WebPage\",\"@id\":\"https:\/\/factorialhr.com.br\/blog\/layoff\/\",\"url\":\"https:\/\/factorialhr.com.br\/blog\/layoff\/\",\"name\":\"Layoff: o que \u00e9, como funciona e o que diz a lei no Brasil | Factorial\",\"isPartOf\":{\"@id\":\"https:\/\/factorialhr.com.br\/blog\/#website\"},\"datePublished\":\"2023-03-21T15:03:31+00:00\",\"dateModified\":\"2023-05-15T08:27:26+00:00\",\"description\":\"Voc\u00ea j\u00e1 ouviu falar de layoff? No Brasil, essa pr\u00e1tica est\u00e1 sendo muito utilizada por empresas em momentos de crise. Saiba do que se trata!\",\"inLanguage\":\"pt-PT\",\"potentialAction\":[{\"@type\":\"ReadAction\",\"target\":[\"https:\/\/factorialhr.com.br\/blog\/layoff\/\"]}]},{\"@type\":\"WebSite\",\"@id\":\"https:\/\/factorialhr.com.br\/blog\/#website\",\"url\":\"https:\/\/factorialhr.com.br\/blog\/\",\"name\":\"Factorial\",\"description\":\"\",\"publisher\":{\"@id\":\"https:\/\/factorialhr.com.br\/blog\/#organization\"},\"potentialAction\":[{\"@type\":\"SearchAction\",\"target\":{\"@type\":\"EntryPoint\",\"urlTemplate\":\"https:\/\/factorialhr.com.br\/blog\/?s={search_term_string}\"},\"query-input\":\"required name=search_term_string\"}],\"inLanguage\":\"pt-PT\"},{\"@type\":\"Organization\",\"@id\":\"https:\/\/factorialhr.com.br\/blog\/#organization\",\"name\":\"All-in-one business management software - Factorial\",\"url\":\"https:\/\/factorialhr.com.br\/blog\/\",\"logo\":{\"@type\":\"ImageObject\",\"inLanguage\":\"pt-PT\",\"@id\":\"https:\/\/factorialhr.com.br\/blog\/#\/schema\/logo\/image\/\",\"url\":\"https:\/\/factorialhr.com.br\/wp-content\/uploads\/2023\/07\/18155144\/factorial-logo.png\",\"contentUrl\":\"https:\/\/factorialhr.com.br\/wp-content\/uploads\/2023\/07\/18155144\/factorial-logo.png\",\"width\":946,\"height\":880,\"caption\":\"All-in-one business management software - Factorial\"},\"image\":{\"@id\":\"https:\/\/factorialhr.com.br\/blog\/#\/schema\/logo\/image\/\"},\"sameAs\":[\"https:\/\/www.facebook.com\/people\/Factorial\/100064908455810\/\",\"https:\/\/twitter.com\/factorialapp\",\"https:\/\/www.linkedin.com\/company\/factorialhr\",\"https:\/\/www.youtube.com\/@factorialmedia\",\"https:\/\/www.instagram.com\/factorial\/#\"]},{\"@type\":\"Person\",\"@id\":\"https:\/\/factorialhr.com.br\/blog\/#\/schema\/person\/7dd414d6beaef0da654af06b4586076d\",\"name\":\"Bruna Valtrick\",\"image\":{\"@type\":\"ImageObject\",\"inLanguage\":\"pt-PT\",\"@id\":\"https:\/\/factorialhr.com.br\/blog\/#\/schema\/person\/image\/\",\"url\":\"https:\/\/secure.gravatar.com\/avatar\/cbf26ac05f7018f11a31dabde60515e8?s=96&d=identicon&r=g\",\"contentUrl\":\"https:\/\/secure.gravatar.com\/avatar\/cbf26ac05f7018f11a31dabde60515e8?s=96&d=identicon&r=g\",\"caption\":\"Bruna Valtrick\"},\"description\":\"Bruna Valtrick \u00e9 redatora da Factorial para o mercado do Brasil. Graduada em Jornalismo e apaixonada por escrita e linguagem, acredita no poder da informa\u00e7\u00e3o para educar e transformar a sociedade um dia de cada vez.\",\"sameAs\":[\"https:\/\/www.facebook.com\/FactorialBRPT\/\",\"https:\/\/www.instagram.com\/factorial_br\/\",\"https:\/\/www.linkedin.com\/in\/bruna-valtrick\/\",\"https:\/\/www.youtube.com\/c\/factorialbrasil\"],\"url\":\"https:\/\/factorialhr.com.br\/blog\/author\/bruna-valtrick\/\"}]}<\/script>\n<!-- \/ Yoast SEO Premium plugin. -->","yoast_head_json":{"title":"Layoff: o que \u00e9, como funciona e o que diz a lei no Brasil | Factorial","description":"Voc\u00ea j\u00e1 ouviu falar de layoff? No Brasil, essa pr\u00e1tica est\u00e1 sendo muito utilizada por empresas em momentos de crise. Saiba do que se trata!","robots":{"index":"index","follow":"follow","max-snippet":"max-snippet:-1","max-image-preview":"max-image-preview:large","max-video-preview":"max-video-preview:-1"},"canonical":"https:\/\/factorialhr.com.br\/blog\/layoff\/","og_locale":"pt_BR","og_type":"article","og_title":"Layoff: o que \u00e9, como funciona e o que diz a lei no Brasil","og_description":"Voc\u00ea j\u00e1 ouviu falar de layoff? No Brasil, essa pr\u00e1tica est\u00e1 sendo muito utilizada por empresas em momentos de crise. Saiba do que se trata!","og_url":"https:\/\/factorialhr.com.br\/blog\/layoff\/","og_site_name":"Factorial","article_publisher":"https:\/\/www.facebook.com\/people\/Factorial\/100064908455810\/","article_author":"https:\/\/www.facebook.com\/FactorialBRPT\/","article_published_time":"2023-03-21T15:03:31+00:00","article_modified_time":"2023-05-15T08:27:26+00:00","og_image":[{"width":1112,"height":625,"url":"https:\/\/factorialhr.com.br\/wp-content\/uploads\/2023\/03\/22171902\/layoff.jpg","type":"image\/jpeg"}],"author":"Bruna Valtrick","twitter_card":"summary_large_image","twitter_creator":"@factorialapp","twitter_site":"@factorialapp","twitter_misc":{"Written by":"Bruna Valtrick","Est. reading time":"10 minutos"},"schema":{"@context":"https:\/\/schema.org","@graph":[{"@type":"Article","@id":"https:\/\/factorialhr.com.br\/blog\/layoff\/#article","isPartOf":{"@id":"https:\/\/factorialhr.com.br\/blog\/layoff\/"},"author":{"name":"Bruna Valtrick","@id":"https:\/\/factorialhr.com.br\/blog\/#\/schema\/person\/7dd414d6beaef0da654af06b4586076d"},"headline":"Layoff: o que \u00e9, como funciona e o que diz a lei no Brasil","datePublished":"2023-03-21T15:03:31+00:00","dateModified":"2023-05-15T08:27:26+00:00","mainEntityOfPage":{"@id":"https:\/\/factorialhr.com.br\/blog\/layoff\/"},"wordCount":1989,"publisher":{"@id":"https:\/\/factorialhr.com.br\/blog\/#organization"},"keywords":["Compliance e Leis Trabalhistas"],"articleSection":["Controle de Despesas Corporativas"],"inLanguage":"pt-PT"},{"@type":"WebPage","@id":"https:\/\/factorialhr.com.br\/blog\/layoff\/","url":"https:\/\/factorialhr.com.br\/blog\/layoff\/","name":"Layoff: o que \u00e9, como funciona e o que diz a lei no Brasil | Factorial","isPartOf":{"@id":"https:\/\/factorialhr.com.br\/blog\/#website"},"datePublished":"2023-03-21T15:03:31+00:00","dateModified":"2023-05-15T08:27:26+00:00","description":"Voc\u00ea j\u00e1 ouviu falar de layoff? No Brasil, essa pr\u00e1tica est\u00e1 sendo muito utilizada por empresas em momentos de crise. Saiba do que se trata!","inLanguage":"pt-PT","potentialAction":[{"@type":"ReadAction","target":["https:\/\/factorialhr.com.br\/blog\/layoff\/"]}]},{"@type":"WebSite","@id":"https:\/\/factorialhr.com.br\/blog\/#website","url":"https:\/\/factorialhr.com.br\/blog\/","name":"Factorial","description":"","publisher":{"@id":"https:\/\/factorialhr.com.br\/blog\/#organization"},"potentialAction":[{"@type":"SearchAction","target":{"@type":"EntryPoint","urlTemplate":"https:\/\/factorialhr.com.br\/blog\/?s={search_term_string}"},"query-input":"required name=search_term_string"}],"inLanguage":"pt-PT"},{"@type":"Organization","@id":"https:\/\/factorialhr.com.br\/blog\/#organization","name":"All-in-one business management software - Factorial","url":"https:\/\/factorialhr.com.br\/blog\/","logo":{"@type":"ImageObject","inLanguage":"pt-PT","@id":"https:\/\/factorialhr.com.br\/blog\/#\/schema\/logo\/image\/","url":"https:\/\/factorialhr.com.br\/wp-content\/uploads\/2023\/07\/18155144\/factorial-logo.png","contentUrl":"https:\/\/factorialhr.com.br\/wp-content\/uploads\/2023\/07\/18155144\/factorial-logo.png","width":946,"height":880,"caption":"All-in-one business management software - Factorial"},"image":{"@id":"https:\/\/factorialhr.com.br\/blog\/#\/schema\/logo\/image\/"},"sameAs":["https:\/\/www.facebook.com\/people\/Factorial\/100064908455810\/","https:\/\/twitter.com\/factorialapp","https:\/\/www.linkedin.com\/company\/factorialhr","https:\/\/www.youtube.com\/@factorialmedia","https:\/\/www.instagram.com\/factorial\/#"]},{"@type":"Person","@id":"https:\/\/factorialhr.com.br\/blog\/#\/schema\/person\/7dd414d6beaef0da654af06b4586076d","name":"Bruna Valtrick","image":{"@type":"ImageObject","inLanguage":"pt-PT","@id":"https:\/\/factorialhr.com.br\/blog\/#\/schema\/person\/image\/","url":"https:\/\/secure.gravatar.com\/avatar\/cbf26ac05f7018f11a31dabde60515e8?s=96&d=identicon&r=g","contentUrl":"https:\/\/secure.gravatar.com\/avatar\/cbf26ac05f7018f11a31dabde60515e8?s=96&d=identicon&r=g","caption":"Bruna Valtrick"},"description":"Bruna Valtrick \u00e9 redatora da Factorial para o mercado do Brasil. Graduada em Jornalismo e apaixonada por escrita e linguagem, acredita no poder da informa\u00e7\u00e3o para educar e transformar a sociedade um dia de cada vez.","sameAs":["https:\/\/www.facebook.com\/FactorialBRPT\/","https:\/\/www.instagram.com\/factorial_br\/","https:\/\/www.linkedin.com\/in\/bruna-valtrick\/","https:\/\/www.youtube.com\/c\/factorialbrasil"],"url":"https:\/\/factorialhr.com.br\/blog\/author\/bruna-valtrick\/"}]}},"_links":{"self":[{"href":"https:\/\/factorialhr.com.br\/blog\/wp-json\/wp\/v2\/posts\/95990"}],"collection":[{"href":"https:\/\/factorialhr.com.br\/blog\/wp-json\/wp\/v2\/posts"}],"about":[{"href":"https:\/\/factorialhr.com.br\/blog\/wp-json\/wp\/v2\/types\/post"}],"author":[{"embeddable":true,"href":"https:\/\/factorialhr.com.br\/blog\/wp-json\/wp\/v2\/users\/148"}],"replies":[{"embeddable":true,"href":"https:\/\/factorialhr.com.br\/blog\/wp-json\/wp\/v2\/comments?post=95990"}],"version-history":[{"count":7,"href":"https:\/\/factorialhr.com.br\/blog\/wp-json\/wp\/v2\/posts\/95990\/revisions"}],"predecessor-version":[{"id":96531,"href":"https:\/\/factorialhr.com.br\/blog\/wp-json\/wp\/v2\/posts\/95990\/revisions\/96531"}],"wp:featuredmedia":[{"embeddable":true,"href":"https:\/\/factorialhr.com.br\/blog\/wp-json\/wp\/v2\/media\/96526"}],"wp:attachment":[{"href":"https:\/\/factorialhr.com.br\/blog\/wp-json\/wp\/v2\/media?parent=95990"}],"wp:term":[{"taxonomy":"category","embeddable":true,"href":"https:\/\/factorialhr.com.br\/blog\/wp-json\/wp\/v2\/categories?post=95990"},{"taxonomy":"post_tag","embeddable":true,"href":"https:\/\/factorialhr.com.br\/blog\/wp-json\/wp\/v2\/tags?post=95990"}],"curies":[{"name":"wp","href":"https:\/\/api.w.org\/{rel}","templated":true}]}}