{"id":33304,"date":"2023-04-21T13:09:48","date_gmt":"2023-04-21T11:09:48","guid":{"rendered":"https:\/\/factorialhr.com\/blog\/?p=33304"},"modified":"2025-12-23T16:04:14","modified_gmt":"2025-12-23T14:04:14","slug":"horario-de-almoco-conta-como-hora-trabalhada","status":"publish","type":"post","link":"https:\/\/factorialhr.com.br\/blog\/horario-de-almoco-conta-como-hora-trabalhada\/","title":{"rendered":"Hor\u00e1rio de almo\u00e7o: o que diz a lei sobre hora trabalhada? Guia completo para RH"},"content":{"rendered":"<p><span style=\"font-weight: 400;\">Quando o assunto \u00e9 jornada de trabalho, \u00e9 natural que surjam v\u00e1rias d\u00favidas, e o hor\u00e1rio de almo\u00e7o \u00e9 uma delas. <\/span><b>Se o colaborador cumpre 8 horas + 1 hora de almo\u00e7o, o hor\u00e1rio de almo\u00e7o conta como hora trabalhada?<\/b><\/p>\n<p><span style=\"font-weight: 400;\">Parece simples, mas a resposta vai al\u00e9m da matem\u00e1tica, envolve <\/span><b>CLT<\/b><span style=\"font-weight: 400;\">, regras de <\/span><a href=\"https:\/\/factorialhr.com.br\/blog\/intrajornada-e-interjornada\/\"><b>intervalo intrajornada<\/b><\/a><span style=\"font-weight: 400;\">, exce\u00e7\u00f5es e cuidados que evitam horas extras indevidas e inconsist\u00eancias no controle de ponto.<\/span><\/p>\n<p><span style=\"font-weight: 400;\">Para come\u00e7ar: <\/span><b>o intervalo intrajornada n\u00e3o conta como tempo de trabalho<\/b><span style=\"font-weight: 400;\">.<\/span><\/p>\n<p><span style=\"font-weight: 400;\">Ou seja, a <\/span><b>jornada de trabalho<\/b><span style=\"font-weight: 400;\"> continua sendo de 8 horas, mesmo que a perman\u00eancia na empresa seja maior.\u00a0<\/span><\/p>\n<p><span style=\"font-weight: 400;\">Mas \u00e9 preciso aten\u00e7\u00e3o, os detalhes mudam tudo:<\/span><\/p>\n<p><span style=\"font-weight: 400;\">\ud83d\udc49 E se o colaborador ficar <\/span><b>\u00e0 disposi\u00e7\u00e3o da empresa durante o intervalo<\/b><span style=\"font-weight: 400;\">?<\/span><span style=\"font-weight: 400;\"><br \/>\n<\/span><span style=\"font-weight: 400;\">\ud83d\udc49 E se fizer a refei\u00e7\u00e3o no pr\u00f3prio <\/span><b>posto de trabalho<\/b><span style=\"font-weight: 400;\">?<\/span><span style=\"font-weight: 400;\"><br \/>\n<\/span><span style=\"font-weight: 400;\">\ud83d\udc49 Como funciona quando o <\/span><b>intervalo de almo\u00e7o \u00e9 reduzido por acordo<\/b><span style=\"font-weight: 400;\">?<\/span><span style=\"font-weight: 400;\"><br \/>\n<\/span><span style=\"font-weight: 400;\">\ud83d\udc49 O <\/span><b>controle de ponto registra corretamente<\/b><span style=\"font-weight: 400;\"> que o intervalo foi realmente usufru\u00eddo?<\/span><\/p>\n<p><span style=\"font-weight: 400;\">\u00c9 aqui que RH, DP e gestores precisam ir al\u00e9m da resposta r\u00e1pida. Entender o que a lei permite (e o que n\u00e3o permite) garante <\/span><b>processos trabalhistas consistentes<\/b><span style=\"font-weight: 400;\">, reduz riscos e evita dores de cabe\u00e7a no <\/span><a href=\"https:\/\/factorialhr.com.br\/blog\/fechamento-da-folha-de-pagamento\/\"><b>fechamento da folha de pagamento<\/b><span style=\"font-weight: 400;\">.<\/span><\/a><\/p>\n<p><b>\u27a1\ufe0f Est\u00e1 procurando algo espec\u00edfico sobre o tema? Acesse o \u00edndice do artigo no topo da sua tela. \ud83d\ude09<\/b><\/p>\n<p><a href=\"https:\/\/cta-service-cms2.hubspot.com\/web-interactives\/public\/v1\/track\/redirect?encryptedPayload=AVxigLIBKdVd4%2BsHEUokAQNLDjxQorAxWxSIXrK8xYfKbqEFnvUe%2BRrVpJjpry%2FoVSOGBvtCEkHWXeCWxGTEh4F3OPSdhpBg439Afi9VRrFXYQAP3aScaT8c9gxOz%2BrzjUntheiQUBhI1C6dmvhEnbkog6G6ZXmbaMWkuYi02Uwrlzs6TH%2F6gVIvBB%2BYLU6diLCqT8Zeyx93ylG47t%2FQ%2FxmGMHvp%2BKBL&amp;webInteractiveContentId=197844214872&amp;portalId=4960096\" target=\"_blank\" rel=\"noopener\"><img decoding=\"async\" class=\"defer-loaded lazyloaded\" src=\"https:\/\/no-cache.hubspot.com\/cta\/default\/4960096\/interactive-197844214872.png\" alt=\"folha-de-pagamento-em-um-so-lugar-factorial-bernhoeft-cta\" data-src=\"https:\/\/no-cache.hubspot.com\/cta\/default\/4960096\/interactive-197844214872.png\" data-ll-status=\"loaded\" \/><\/a><\/p>\n<hr \/>\n<h2><span style=\"font-weight: 400;\">O que a CLT diz sobre o hor\u00e1rio de almo\u00e7o? Regras essenciais do intervalo intrajornada<\/span><\/h2>\n<p><span style=\"font-weight: 400;\">Quando o assunto \u00e9 <\/span><b>hor\u00e1rio de almo\u00e7o<\/b><span style=\"font-weight: 400;\">, n\u00e3o tem mist\u00e9rio, mas tamb\u00e9m n\u00e3o d\u00e1 para trabalhar s\u00f3 no \u201cachismo\u201d. Tudo come\u00e7a pelo artigo 71 da <\/span><a href=\"https:\/\/factorialhr.com.br\/blog\/leis-trabalhistas\/\"><b>CLT<\/b><span style=\"font-weight: 400;\">,<\/span><\/a><span style=\"font-weight: 400;\"> que define o famoso <\/span><b>intervalo intrajornada<\/b><span style=\"font-weight: 400;\">. E, para quem est\u00e1 no RH, DP ou na gest\u00e3o, dominar essas regras \u00e9 o que separa uma opera\u00e7\u00e3o segura de um ponto cheio de inconsist\u00eancias (e potenciais passivos).<\/span><\/p>\n<p><span style=\"font-weight: 400;\">A lei estabelece tr\u00eas cen\u00e1rios bem objetivos:<\/span><\/p>\n<ul>\n<li style=\"font-weight: 400;\" aria-level=\"1\"><b>Jornada acima de 6 horas:<\/b><span style=\"font-weight: 400;\"> intervalo m\u00ednimo de <\/span><b>1 hora<\/b><span style=\"font-weight: 400;\"> para repouso e alimenta\u00e7\u00e3o;<\/span><\/li>\n<li style=\"font-weight: 400;\" aria-level=\"1\"><b>Jornada entre 4 e 6 horas:<\/b><span style=\"font-weight: 400;\"> obrigat\u00f3rio conceder <\/span><b>15 minutos<\/b><span style=\"font-weight: 400;\"> de intervalo;<\/span><\/li>\n<li style=\"font-weight: 400;\" aria-level=\"1\"><b>Jornada de at\u00e9 4 horas:<\/b><span style=\"font-weight: 400;\"> aqui, <\/span><b>n\u00e3o h\u00e1 intervalo intrajornada<\/b><span style=\"font-weight: 400;\"> exigido pela legisla\u00e7\u00e3o.<\/span><\/li>\n<\/ul>\n<p><span style=\"font-weight: 400;\">Mas existe um detalhe que sempre volta para a pauta, e que muda totalmente o c\u00e1lculo da jornada: <\/span><b>\u201cos intervalos para repouso e alimenta\u00e7\u00e3o n\u00e3o ser\u00e3o computados na dura\u00e7\u00e3o do trabalho.\u201d<\/b><\/p>\n<p><span style=\"font-weight: 400;\">Traduzindo para a rotina: mesmo que o colaborador permane\u00e7a 9 horas no ambiente de trabalho, se 1 hora foi destinada ao intervalo, <\/span><b>a <\/b><a href=\"https:\/\/factorialhr.com.br\/blog\/jornada-de-trabalho\/\"><b>jornada de trabalho<\/b><\/a><b> segue sendo de 8 horas<\/b><span style=\"font-weight: 400;\">.<\/span><span style=\"font-weight: 400;\"><br \/>\n<\/span><span style=\"font-weight: 400;\">\u00c9 simples na teoria, mas na pr\u00e1tica, qualquer deslize pode virar diferen\u00e7a de horas extras, inconsist\u00eancias no banco de horas e ru\u00eddos no fechamento da folha.<\/span><\/p>\n<p><span style=\"font-weight: 400;\">Por isso, entender exatamente <\/span><b>o que a CLT permite<\/b><span style=\"font-weight: 400;\"> (e o que ela n\u00e3o abre margem para flexibilizar) \u00e9 essencial para manter processos redondos, alinhamento com a lei e um controle de ponto que realmente reflita a jornada do time.<\/span><\/p>\n<p><span style=\"font-weight: 400;\">Facilite o fechamento da folha de ponto: baixe agora mesmo a planilha gratuita da Factorial.\u00a0<\/span><\/p>\n<p><img decoding=\"async\" class=\"alignnone wp-image-85751 size-medium\" src=\"https:\/\/factorialhr.com.br\/wp-content\/uploads\/2022\/11\/09143944\/folha-ponto-download-300x300.png\" alt=\"folha ponto download\" width=\"300\" height=\"300\" srcset=\"https:\/\/factorialhr.com.br\/wp-content\/uploads\/2022\/11\/09143944\/folha-ponto-download-300x300.png 300w, https:\/\/factorialhr.com.br\/wp-content\/uploads\/2022\/11\/09143944\/folha-ponto-download-150x150.png 150w, https:\/\/factorialhr.com.br\/wp-content\/uploads\/2022\/11\/09143944\/folha-ponto-download-160x160.png 160w, https:\/\/factorialhr.com.br\/wp-content\/uploads\/2022\/11\/09143944\/folha-ponto-download-80x80.png 80w, https:\/\/factorialhr.com.br\/wp-content\/uploads\/2022\/11\/09143944\/folha-ponto-download.png 400w\" sizes=\"(max-width: 300px) 100vw, 300px\" \/><\/p>\n<hr \/>\n<h2><span style=\"font-weight: 400;\">Hor\u00e1rio de almo\u00e7o conta como hora trabalhada? Entenda quando sim e quando n\u00e3o<\/span><\/h2>\n<p><span style=\"font-weight: 400;\">Se tem uma d\u00favida que aparece no RH com frequ\u00eancia quase di\u00e1ria, \u00e9 esta: <\/span><b>\u201cO hor\u00e1rio de almo\u00e7o entra na jornada de trabalho?\u201d <\/b><span style=\"font-weight: 400;\">A resposta oficial \u00e9 simples,\u00a0 <\/span><b>n\u00e3o, o intervalo intrajornada n\u00e3o \u00e9 considerado hora trabalhada<\/b><span style=\"font-weight: 400;\">. Mas, como tudo na legisla\u00e7\u00e3o trabalhista, existem exce\u00e7\u00f5es que mudam completamente o c\u00e1lculo e podem gerar horas extras indevidas se o ponto n\u00e3o refletir a realidade.<\/span><\/p>\n<p><span style=\"font-weight: 400;\">Vamos destrinchar isso de forma pr\u00e1tica:<\/span><\/p>\n<h3><b>Quando o hor\u00e1rio de almo\u00e7o <\/b><b><i>n\u00e3o<\/i><\/b><b> conta como hora trabalhada<\/b><\/h3>\n<p><span style=\"font-weight: 400;\">Aqui vale a regra base da CLT: o intervalo de repouso e alimenta\u00e7\u00e3o <\/span><b>n\u00e3o integra a dura\u00e7\u00e3o do trabalho<\/b><span style=\"font-weight: 400;\">.<\/span><\/p>\n<p><b>Exemplo mais comum: <\/b><b><br \/>\n<\/b><span style=\"font-weight: 400;\">jornada contratada de 8h + 1h de intervalo \u2192 9h de perman\u00eancia, 8h de jornada efetiva.<\/span><\/p>\n<h3><b>Quando o almo\u00e7o passa a ser considerado trabalho<\/b><\/h3>\n<p><span style=\"font-weight: 400;\">Agora, quando olhamos para a rotina real, surgem situa\u00e7\u00f5es em que o intervalo deixa de ser descanso e passa, sim, a compor a jornada. Isso acontece quando:<\/span><\/p>\n<ul>\n<li style=\"font-weight: 400;\" aria-level=\"1\"><b>O colaborador permanece \u00e0 disposi\u00e7\u00e3o<\/b><span style=\"font-weight: 400;\">, mesmo sem executar tarefas,\u00a0 n\u00e3o pode sair, deve aguardar instru\u00e7\u00f5es, atender demandas etc;<\/span><\/li>\n<li style=\"font-weight: 400;\" aria-level=\"1\"><b>O intervalo n\u00e3o \u00e9 concedido integralmente<\/b><span style=\"font-weight: 400;\"> ou \u00e9 interrompido;<\/span><\/li>\n<li style=\"font-weight: 400;\" aria-level=\"1\"><b>H\u00e1 acordo ou conven\u00e7\u00e3o coletiva<\/b><span style=\"font-weight: 400;\"> prevendo redu\u00e7\u00e3o do intervalo;<\/span><\/li>\n<li style=\"font-weight: 400;\" aria-level=\"1\"><b>O trabalho continua durante o almo\u00e7o<\/b><span style=\"font-weight: 400;\">, principalmente em casos de <\/span><b>teletrabalho<\/b><span style=\"font-weight: 400;\"> ou <\/span><b>opera\u00e7\u00f5es ininterruptas<\/b><span style=\"font-weight: 400;\">.<\/span><\/li>\n<\/ul>\n<p><b>Exemplos que acontecem na pr\u00e1tica<\/b><\/p>\n<ul>\n<li><b> Teletrabalho: <\/b><span style=\"font-weight: 400;\">se o colaborador segue no chat, responde e-mails ou participa de uma reuni\u00e3o enquanto deveria estar no intervalo, esse per\u00edodo n\u00e3o pode ser considerado descanso,\u00a0 e passa a ser hora trabalhada.<\/span><\/li>\n<li><b> Escala ininterrupta: <\/b><span style=\"font-weight: 400;\">em atividades que n\u00e3o podem parar, parte ou todo o intervalo pode ser entendido como tempo \u00e0 disposi\u00e7\u00e3o.<\/span><\/li>\n<\/ul>\n<p><span style=\"font-weight: 400;\">No fim das contas, n\u00e3o \u00e9 o local do almo\u00e7o que importa,\u00a0 <\/span><b>\u00e9 se o colaborador est\u00e1 realmente desconectado da atividade laboral<\/b><span style=\"font-weight: 400;\">. Garantir isso no controle de ponto \u00e9 o que protege a empresa contra passivos, mant\u00e9m a jornada correta e assegura um fechamento de folha sem surpresas.<\/span><\/p>\n<p><span style=\"font-weight: 400;\">Evite inconsist\u00eancias no ponto e ganhe precis\u00e3o no fechamento da folha. Baixe agora a<\/span><b> planilha gratuita de c\u00e1lculo de horas trabalhadas<\/b><span style=\"font-weight: 400;\">.<\/span><\/p>\n<p><span style=\"font-weight: 400;\">\ud83d\udc49 <\/span><b>Fa\u00e7a o download gratuito e comece a usar hoje mesmo.<\/b><\/p>\n<p><b> \n <!--HubSpot Call-to-Action Code -->\n    <span class=\"hs-cta-wrapper\" id=\"hs-cta-wrapper-ff4a09d2-5641-4580-b782-3865fe5d442e\">\n        <span class=\"hs-cta-node hs-cta-ff4a09d2-5641-4580-b782-3865fe5d442e\" id=\"ff4a09d2-5641-4580-b782-3865fe5d442e\">\n            <a href=\"https:\/\/cta-redirect.hubspot.com\/cta\/redirect\/4960096\/ff4a09d2-5641-4580-b782-3865fe5d442e\">\n                <img decoding=\"async\" class=\"lazyload hs-cta-img\" id=\"hs-cta-img-ff4a09d2-5641-4580-b782-3865fe5d442e\" style=\"border-width:0px;\" src=\"https:\/\/no-cache.hubspot.com\/cta\/default\/4960096\/ff4a09d2-5641-4580-b782-3865fe5d442e.png\"  alt=\"horas extras e trabalhadas\" width=\"400\" height=\"400\" \/>\n            <\/a>\n        <\/span>\n        <script type=\"text\/javascript\">\n            function loadCTA(){\n                window.hbspt.cta.load(4960096, 'ff4a09d2-5641-4580-b782-3865fe5d442e', {'region': 'eu1'})\n            }\n            if(window.hbspt){\n                loadCTA()\n            }else{\n                Defer.js(\n                    'https:\/\/js.hubspot.com\/cta\/current.js',\n                    'hubspotCTA', \n                    0, \n                    loadCTA\n                );\n            }\n        <\/script>\n    <\/span>\n<!-- end HubSpot Call-to-Action Code -->\n <\/b><\/p>\n<hr \/>\n<h2><span style=\"font-weight: 400;\">Controle de ponto no hor\u00e1rio de almo\u00e7o: como registrar sem erro e evitar passivos<\/span><\/h2>\n<p><span style=\"font-weight: 400;\">Quando falamos de <\/span><b>hor\u00e1rio de almo\u00e7o<\/b><span style=\"font-weight: 400;\">, estamos falando de um dos pontos mais cr\u00edticos do controle de jornada. Para o RH e o DP, registrar corretamente esse intervalo n\u00e3o \u00e9 s\u00f3 uma quest\u00e3o de organiza\u00e7\u00e3o: \u00e9 <\/span><b>seguran\u00e7a jur\u00eddica<\/b><span style=\"font-weight: 400;\">, previsibilidade no fechamento da folha e prote\u00e7\u00e3o contra passivos que podem crescer r\u00e1pido.<\/span><\/p>\n<p><span style=\"font-weight: 400;\">E, na pr\u00e1tica, cumprir a lei come\u00e7a pelo b\u00e1sico, mas feito do jeito certo. O registro deve mostrar, de forma clara e audit\u00e1vel, quatro momentos essenciais:<\/span><\/p>\n<ul>\n<li style=\"font-weight: 400;\" aria-level=\"1\"><b>Entrada do colaborador<\/b><\/li>\n<li style=\"font-weight: 400;\" aria-level=\"1\"><b>In\u00edcio do intervalo<\/b><\/li>\n<li style=\"font-weight: 400;\" aria-level=\"1\"><b>Fim do intervalo<\/b><\/li>\n<li style=\"font-weight: 400;\" aria-level=\"1\"><b>Sa\u00edda ao final da jornada<\/b><\/li>\n<\/ul>\n<p><span style=\"font-weight: 400;\">\u00c9 esse detalhamento que prova que o intervalo foi realmente concedido na dura\u00e7\u00e3o correta, e \u00e9 isso que sustenta um ponto consistente, sem ru\u00eddos ou brechas.<\/span><\/p>\n<h3><span style=\"font-weight: 400;\">O que acontece se o intervalo n\u00e3o \u00e9 cumprido?<\/span><\/h3>\n<p><span style=\"font-weight: 400;\">N\u00e3o h\u00e1 espa\u00e7o para interpreta\u00e7\u00e3o: a CLT determina que, em jornadas acima de 6 horas, <\/span><b>qualquer intervalo inferior a 1 hora deve ser pago como hora extra<\/b><span style=\"font-weight: 400;\">, com adicional correspondente.<\/span><\/p>\n<p><span style=\"font-weight: 400;\">Em outras palavras: se o colaborador faz apenas 40 ou 50 minutos, ainda que \u201cde costume\u201d, a empresa deve remunerar <\/span><b>todo o per\u00edodo suprimido<\/b><span style=\"font-weight: 400;\">. E, somando isso ao longo do m\u00eas (e do ano), o impacto no or\u00e7amento pode ser significativo.<\/span><\/p>\n<hr \/>\n<h2><span style=\"font-weight: 400;\">Como garantir precis\u00e3o e seguran\u00e7a no dia a dia do RH?<\/span><\/h2>\n<p><span style=\"font-weight: 400;\">Boas pr\u00e1ticas que reduzem erros, elimina retrabalho e fortalecem a conformidade:<\/span><\/p>\n<ul>\n<li style=\"font-weight: 400;\" aria-level=\"1\"><b>Ponto eletr\u00f4nico integrado ao sistema de RH: <\/b><span style=\"font-weight: 400;\">registros autom\u00e1ticos, audit\u00e1veis e livres de manipula\u00e7\u00e3o manual;<\/span><\/li>\n<li style=\"font-weight: 400;\" aria-level=\"1\"><b>Portal ou app para colaboradores: <\/b><span style=\"font-weight: 400;\">facilita o registro do intervalo, inclusive em home office ou modelos h\u00edbridos;<\/span><\/li>\n<li style=\"font-weight: 400;\" aria-level=\"1\"><b>Logs e trilhas de auditoria<\/b><span style=\"font-weight: 400;\">: fundamentais para comprovar a concess\u00e3o do intervalo e identificar padr\u00f5es irregulares.<\/span><\/li>\n<li style=\"font-weight: 400;\" aria-level=\"1\"><b>Alertas para intervalos incompletos:<\/b><span style=\"font-weight: 400;\"> o sistema notifica o RH quando o descanso n\u00e3o foi cumprido integralmente.<\/span><\/li>\n<\/ul>\n<p><b>Organize o ponto da sua equipe sem complica\u00e7\u00e3o.<\/b><\/p>\n<p><a href=\"https:\/\/factorialhr.com.br\/solicitar-demonstracao\" target=\"_blank\" rel=\"noopener\"><img decoding=\"async\" class=\"alignnone size-medium wp-image-127168\" src=\"https:\/\/factorialhr.com.br\/wp-content\/uploads\/2024\/02\/13170953\/cta-solicitar-demo-br-300x68.png\" alt=\"Bot\u00e3o com o texto solicitar demonstra\u00e7\u00e3o gr\u00e1tis em fundo rosa, chamando a aten\u00e7\u00e3o para uma oferta de teste gratuito.\" width=\"300\" height=\"68\" srcset=\"https:\/\/factorialhr.com.br\/wp-content\/uploads\/2024\/02\/13170953\/cta-solicitar-demo-br-300x68.png 300w, https:\/\/factorialhr.com.br\/wp-content\/uploads\/2024\/02\/13170953\/cta-solicitar-demo-br.png 661w\" sizes=\"(max-width: 300px) 100vw, 300px\" \/><\/a><\/p>\n<hr \/>\n<h2><span style=\"font-weight: 400;\">Jornadas reduzidas, teletrabalho e escalas especiais<\/span><\/h2>\n<p><span style=\"font-weight: 400;\">Se voc\u00ea trabalha no <\/span><b>RH ou no DP<\/b><span style=\"font-weight: 400;\">, j\u00e1 sabe: na teoria, a<\/span><b> jornada de trabalho<\/b><span style=\"font-weight: 400;\"> \u00e9 simples. Mas, na pr\u00e1tica, as situa\u00e7\u00f5es do dia a dia n\u00e3o cabem em um \u00fanico modelo.\u00a0<\/span><\/p>\n<p><b>Jornadas reduzidas, teletrabalho, home office e escalas especiais<\/b><span style=\"font-weight: 400;\">, como a famosa 12\u00d736, exigem um<\/span><b> controle de ponto <\/b><span style=\"font-weight: 400;\">que acompanhe essa complexidade. E \u00e9 aqui que um bom controle de ponto vira um aliado de verdade: ela ajuda voc\u00ea a interpretar regras espec\u00edficas, evitar falhas operacionais e manter sua empresa 100% <\/span><b>alinhada \u00e0 legisla\u00e7\u00e3o.<\/b><\/p>\n<h3><span style=\"font-weight: 400;\">Jornadas reduzidas (at\u00e9 6h ou at\u00e9 4h):<\/span><\/h3>\n<p><span style=\"font-weight: 400;\">Quando falamos de jornadas menores, o intervalo \u00e9 o primeiro ponto de aten\u00e7\u00e3o. E, se n\u00e3o for registrado corretamente, abre margem para diverg\u00eancias e at\u00e9 mesmo passivos.<\/span><\/p>\n<ul>\n<li style=\"font-weight: 400;\" aria-level=\"1\"><b>At\u00e9 4 horas:<\/b><span style=\"font-weight: 400;\"> n\u00e3o h\u00e1 obrigatoriedade de intervalo;<\/span><\/li>\n<li style=\"font-weight: 400;\" aria-level=\"1\"><b>De 4 a 6 horas:<\/b><span style=\"font-weight: 400;\"> intervalo m\u00ednimo de <\/span><b>15 minutos<\/b><span style=\"font-weight: 400;\">.<\/span><\/li>\n<\/ul>\n<h3><span style=\"font-weight: 400;\">Teletrabalho e home office:<\/span><\/h3>\n<p><span style=\"font-weight: 400;\">Mesmo quando a lei n\u00e3o exige controle de jornada em todos os casos, muitas empresas optam por registrar hor\u00e1rios no teletrabalho por uma raz\u00e3o simples: <\/span><b>transpar\u00eancia e alinhamento<\/b><span style=\"font-weight: 400;\">.<\/span><\/p>\n<p><span style=\"font-weight: 400;\">Um bom controle de ponto ajuda voc\u00ea a registrar pontos essenciais, como:<\/span><\/p>\n<ul>\n<li style=\"font-weight: 400;\" aria-level=\"1\"><span style=\"font-weight: 400;\">Hor\u00e1rios acordados<\/span><\/li>\n<li style=\"font-weight: 400;\" aria-level=\"1\"><span style=\"font-weight: 400;\">Flexibilidade combinada<\/span><\/li>\n<li style=\"font-weight: 400;\" aria-level=\"1\"><span style=\"font-weight: 400;\">Intervalos realizados<\/span><\/li>\n<li style=\"font-weight: 400;\" aria-level=\"1\"><span style=\"font-weight: 400;\">Ocorr\u00eancias, exce\u00e7\u00f5es e ajustes pontuais<\/span><\/li>\n<\/ul>\n<h3><span style=\"font-weight: 400;\">Escala 12\u00d736<\/span><\/h3>\n<p><span style=\"font-weight: 400;\">A jornada 12&#215;36 exige um olhar ainda mais cuidadoso: s\u00e3o 12 horas de trabalho para 36 horas de descanso. Parece simples, mas qualquer registro incorreto pode comprometer a comprova\u00e7\u00e3o do descanso adequado ou gerar extrapola\u00e7\u00f5es indevidas.<\/span><\/p>\n<p><span style=\"font-weight: 400;\">Al\u00e9m disso, o intervalo intrajornada nesta escala depende de acordo ou conven\u00e7\u00e3o, e manter isso claro no controle de ponto garante que toda a opera\u00e7\u00e3o esteja na mesma p\u00e1gina.<\/span><\/p>\n<h3><b>No fim do dia, o controle de ponto \u00e9 mais que burocracia<\/b><\/h3>\n<p><span style=\"font-weight: 400;\">Com a ferramenta certa, voc\u00ea transforma o ponto em um processo seguro, transparente e alinhado \u00e0 legisla\u00e7\u00e3o, sem f\u00f3rmulas complicadas, sem retrabalho e sem inseguran\u00e7a jur\u00eddica.<\/span><\/p>\n<p><a href=\"https:\/\/factorialhr.com.br\/controle-ponto\" target=\"_blank\" rel=\"noopener\"><img decoding=\"async\" class=\"alignnone wp-image-126196 size-medium\" src=\"https:\/\/factorialhr.com.br\/wp-content\/uploads\/2024\/01\/31192956\/br-freebie-folha-ponto-300x300.jpg\" alt=\"modelo folha ponto\" width=\"300\" height=\"300\" srcset=\"https:\/\/factorialhr.com.br\/wp-content\/uploads\/2024\/01\/31192956\/br-freebie-folha-ponto-300x300.jpg 300w, https:\/\/factorialhr.com.br\/wp-content\/uploads\/2024\/01\/31192956\/br-freebie-folha-ponto-150x150.jpg 150w, https:\/\/factorialhr.com.br\/wp-content\/uploads\/2024\/01\/31192956\/br-freebie-folha-ponto-160x160.jpg 160w, https:\/\/factorialhr.com.br\/wp-content\/uploads\/2024\/01\/31192956\/br-freebie-folha-ponto-80x80.jpg 80w, https:\/\/factorialhr.com.br\/wp-content\/uploads\/2024\/01\/31192956\/br-freebie-folha-ponto.jpg 400w\" sizes=\"(max-width: 300px) 100vw, 300px\" \/><\/a><\/p>\n<hr \/>\n<h2><span style=\"font-weight: 400;\">Erros mais comuns e como evitar cada um deles na pr\u00e1tica<\/span><\/h2>\n<p><span style=\"font-weight: 400;\">Quando falamos de intervalo de almo\u00e7o, a maioria dos problemas no RH n\u00e3o nasce de m\u00e1 gest\u00e3o, e sim de detalhe. Uma configura\u00e7\u00e3o errada no sistema, um registro incompleto, uma interpreta\u00e7\u00e3o equivocada da lei e pronto: horas extras indevidas, inconsist\u00eancias no ponto e potenciais passivos come\u00e7am a se acumular.<\/span><\/p>\n<p><span style=\"font-weight: 400;\">Se voc\u00ea quer blindar sua opera\u00e7\u00e3o e manter tudo redondo no fechamento da folha, vale revisar os erros mais frequentes, muitos deles bem mais comuns do que parecem.<\/span><\/p>\n<h3><b>1. Considerar o hor\u00e1rio de almo\u00e7o como hora trabalhada<\/b><\/h3>\n<p><span style=\"font-weight: 400;\">Um cl\u00e1ssico! O intervalo intrajornada <\/span><b>n\u00e3o<\/b><span style=\"font-weight: 400;\"> integra a jornada de trabalho. Quando esse per\u00edodo \u00e9 lan\u00e7ado como hora efetiva, o RH corre risco de:<\/span><\/p>\n<ul>\n<li style=\"font-weight: 400;\" aria-level=\"1\"><span style=\"font-weight: 400;\">Inflar o total de horas trabalhadas;<\/span><\/li>\n<li style=\"font-weight: 400;\" aria-level=\"1\"><span style=\"font-weight: 400;\">Gerar horas extras indevidas;<\/span><\/li>\n<li style=\"font-weight: 400;\" aria-level=\"1\"><span style=\"font-weight: 400;\">Mascarar sobrejornadas e disparar alertas que n\u00e3o deveriam existir.<\/span><\/li>\n<\/ul>\n<p><b>Como evitar: <\/b><span style=\"font-weight: 400;\">organize o controle de ponto com campos separados para <\/span><i><span style=\"font-weight: 400;\">in\u00edcio e fim do intervalo<\/span><\/i><span style=\"font-weight: 400;\">. E, claro, oriente l\u00edderes e colaboradores sobre como esse registro deve ser feito,\u00a0 nada de registrar \u201centrada \/ sa\u00edda\u201d e considerar o resto como autom\u00e1tico.<\/span><\/p>\n<p><b>2. N\u00e3o registrar in\u00edcio e fim do intervalo<\/b><\/p>\n<p><span style=\"font-weight: 400;\">Quando a empresa s\u00f3 controla entrada e sa\u00edda, perde a \u00fanica evid\u00eancia objetiva de que o intervalo foi realmente concedido. Isso fragiliza auditorias internas, consultas jur\u00eddicas e at\u00e9 acordos coletivos.<\/span><\/p>\n<p><b>Como evitar: <\/b><span style=\"font-weight: 400;\">padronize o registro de intervalo em todos os modelos de trabalho, presencial, h\u00edbrido ou teletrabalho, e audite semanalmente os pontos inconsistentes.<\/span><\/p>\n<p><b>3. Reduzir o intervalo sem acordo formal<\/b><\/p>\n<p><span style=\"font-weight: 400;\">O intervalo de 1h pode ser reduzido para at\u00e9 30 minutos? Pode, <\/span><b>mas nunca por decis\u00e3o interna<\/b><span style=\"font-weight: 400;\">. Apenas com acordo ou conven\u00e7\u00e3o coletiva. Sem isso, qualquer redu\u00e7\u00e3o, mesmo que \u201ctodo mundo j\u00e1 fa\u00e7a assim\u201d, \u00e9 considerada <\/span><b>supress\u00e3o do intervalo<\/b><span style=\"font-weight: 400;\">,\u00a0 e deve ser paga como hora extra, com todos os reflexos.<\/span><\/p>\n<p><b>Como evitar: <\/b><span style=\"font-weight: 400;\">revise a CCT da sua categoria, atualize o regulamento interno e treine l\u00edderes para n\u00e3o negociar informalmente o hor\u00e1rio de almo\u00e7o com a equipe.<\/span><\/p>\n<p><b>4. Ignorar a obrigatoriedade de intervalo para jornadas de 4h a 6h<\/b><\/p>\n<p><span style=\"font-weight: 400;\">Esse \u00e9 outro equ\u00edvoco comum: acreditar que o intervalo s\u00f3 \u00e9 obrigat\u00f3rio a partir de 6 horas.<\/span><\/p>\n<p><span style=\"font-weight: 400;\">Na pr\u00e1tica:<\/span><\/p>\n<ul>\n<li style=\"font-weight: 400;\" aria-level=\"1\"><b>at\u00e9 4h<\/b><span style=\"font-weight: 400;\"> \u2192 n\u00e3o h\u00e1 intervalo obrigat\u00f3rio<\/span><\/li>\n<li style=\"font-weight: 400;\" aria-level=\"1\"><b>de 4h a 6h<\/b><span style=\"font-weight: 400;\"> \u2192 intervalo m\u00ednimo de 15 minutos \u00e9 exigido por lei<\/span><\/li>\n<li style=\"font-weight: 400;\" aria-level=\"1\"><b>mais de 6h<\/b><span style=\"font-weight: 400;\"> \u2192 intervalo de 1h (salvo acordo que reduza formalmente)<\/span><\/li>\n<\/ul>\n<p><span style=\"font-weight: 400;\">N\u00e3o conceder esse intervalo tamb\u00e9m gera pagamento como extra.<\/span><\/p>\n<p><b>Como evitar: <\/b><span style=\"font-weight: 400;\">configure sua planilha ou sistema de ponto para identificar jornadas nesta faixa e alertar automaticamente quando o intervalo n\u00e3o for registrado.<\/span><\/p>\n<hr \/>\n<h2><span style=\"font-weight: 400;\">Checklist r\u00e1pido para o RH sobre o hor\u00e1rio de almo\u00e7o<\/span><\/h2>\n<ul>\n<li style=\"font-weight: 400;\" aria-level=\"1\"><span style=\"font-weight: 400;\">Registrar in\u00edcio e fim do intervalo de almo\u00e7o<\/span><\/li>\n<li style=\"font-weight: 400;\" aria-level=\"1\"><span style=\"font-weight: 400;\">Garantir que o intervalo nunca seja contabilizado como hora trabalhada<\/span><\/li>\n<li style=\"font-weight: 400;\" aria-level=\"1\"><span style=\"font-weight: 400;\">Confirmar o que a CCT prev\u00ea sobre redu\u00e7\u00e3o do intervalo<\/span><\/li>\n<li style=\"font-weight: 400;\" aria-level=\"1\"><span style=\"font-weight: 400;\">Validar corretamente jornadas entre 4h e 6h<\/span><\/li>\n<li style=\"font-weight: 400;\" aria-level=\"1\"><span style=\"font-weight: 400;\">Realizar auditorias semanais no ponto<\/span><\/li>\n<li style=\"font-weight: 400;\" aria-level=\"1\"><span style=\"font-weight: 400;\">Padronizar orienta\u00e7\u00f5es para gestores e colaboradores<\/span><\/li>\n<\/ul>\n<p><span style=\"font-weight: 400;\">Quando esses cuidados entram na rotina, o intervalo deixa de ser um ponto de risco e se transforma em um processo transparente, seguro e f\u00e1cil de comprovar, exatamente como o RH precisa para cuidar bem da opera\u00e7\u00e3o e da empresa.<\/span><\/p>\n<p><b>Baixe agora mesmo a planilha para c\u00e1lculo de horas trabalhadas \u2b07\ufe0f<\/b><\/p>\n<p><img decoding=\"async\" class=\"alignnone wp-image-126172 size-medium\" src=\"https:\/\/factorialhr.com.br\/wp-content\/uploads\/2024\/01\/31192844\/br-freebie-horas-extras-trabalhadas-300x300.png\" alt=\"planilha para calcular horas extras\" width=\"300\" height=\"300\" srcset=\"https:\/\/factorialhr.com.br\/wp-content\/uploads\/2024\/01\/31192844\/br-freebie-horas-extras-trabalhadas-300x300.png 300w, https:\/\/factorialhr.com.br\/wp-content\/uploads\/2024\/01\/31192844\/br-freebie-horas-extras-trabalhadas-150x150.png 150w, https:\/\/factorialhr.com.br\/wp-content\/uploads\/2024\/01\/31192844\/br-freebie-horas-extras-trabalhadas-160x160.png 160w, https:\/\/factorialhr.com.br\/wp-content\/uploads\/2024\/01\/31192844\/br-freebie-horas-extras-trabalhadas-80x80.png 80w, https:\/\/factorialhr.com.br\/wp-content\/uploads\/2024\/01\/31192844\/br-freebie-horas-extras-trabalhadas.png 400w\" sizes=\"(max-width: 300px) 100vw, 300px\" \/><\/p>\n<hr \/>\n<h2><span style=\"font-weight: 400;\">Como a IA pode ajudar no controle do hor\u00e1rio de almo\u00e7o<\/span><\/h2>\n<p><span style=\"font-weight: 400;\">\u00c0 primeira vista, gerenciar o hor\u00e1rio de almo\u00e7o parece simples. Mas quem vive o dia a dia do RH sabe: \u00e9 justamente nesse intervalo que surgem inconsist\u00eancias no ponto, falhas de registro, d\u00favidas sobre jornada e, pior, potenciais passivos trabalhistas.<\/span><\/p>\n<p><span style=\"font-weight: 400;\">A boa not\u00edcia? <\/span><b>A Intelig\u00eancia Artificial j\u00e1 consegue eliminar grande parte desses riscos<\/b><span style=\"font-weight: 400;\">, automatizando etapas que antes dependiam de confer\u00eancia manual, interpreta\u00e7\u00e3o individual ou retrabalho constante. Se voc\u00ea ainda faz esse controle \u201cno olho\u201d ou com revis\u00f5es manuais, veja como a IA j\u00e1 pode transformar sua opera\u00e7\u00e3o:<\/span><\/p>\n<h3><b>1. Detec\u00e7\u00e3o autom\u00e1tica de intervalos suprimidos<\/b><\/h3>\n<p><span style=\"font-weight: 400;\">A IA pode cruzar registros de entrada, sa\u00edda e pausa para identificar, em segundos, quando:<\/span><\/p>\n<ul>\n<li style=\"font-weight: 400;\" aria-level=\"1\"><span style=\"font-weight: 400;\">O intervalo m\u00ednimo n\u00e3o foi concedido;<\/span><\/li>\n<li style=\"font-weight: 400;\" aria-level=\"1\"><span style=\"font-weight: 400;\">O colaborador usufruiu apenas parte da pausa;<\/span><\/li>\n<li style=\"font-weight: 400;\" aria-level=\"1\"><span style=\"font-weight: 400;\">O hor\u00e1rio registrado n\u00e3o condiz com a jornada contratada.<\/span><\/li>\n<\/ul>\n<p><span style=\"font-weight: 400;\">Essa an\u00e1lise automatizada reduz erros que viram horas extras indevidas \u2014 e, com o tempo, passivos volumosos.<\/span><\/p>\n<h3><b>2. Alertas de conformidade em tempo real<\/b><\/h3>\n<p><span style=\"font-weight: 400;\">Se a jornada avan\u00e7a sem in\u00edcio de intervalo, ou se o colaborador retorna antes do per\u00edodo m\u00ednimo, a IA envia um aviso imediato ao RH.<\/span><\/p>\n<p><span style=\"font-weight: 400;\">\u00c9 como ter uma auditoria cont\u00ednua rodando em segundo plano, <\/span><b>imparcial, autom\u00e1tica e sempre atualizada<\/b><span style=\"font-weight: 400;\">.<\/span><\/p>\n<h3><b>3. Relat\u00f3rios de perman\u00eancia x jornada real<\/b><\/h3>\n<p><span style=\"font-weight: 400;\">A IA calcula exatamente quanto tempo o colaborador permaneceu no local, cruzando:<\/span><\/p>\n<ul>\n<li style=\"font-weight: 400;\" aria-level=\"1\"><span style=\"font-weight: 400;\">Perman\u00eancia total;<\/span><\/li>\n<li style=\"font-weight: 400;\" aria-level=\"1\"><span style=\"font-weight: 400;\">Horas efetivamente trabalhadas;<\/span><\/li>\n<li style=\"font-weight: 400;\" aria-level=\"1\"><span style=\"font-weight: 400;\">Intervalo usufru\u00eddo ou n\u00e3o.<\/span><\/li>\n<\/ul>\n<p><span style=\"font-weight: 400;\">Para equipes h\u00edbridas, externas ou em escalas espec\u00edficas, esses relat\u00f3rios trazem visibilidade que antes simplesmente n\u00e3o existia.<\/span><\/p>\n<h3><b>4. Simula\u00e7\u00e3o autom\u00e1tica de jornadas<\/b><\/h3>\n<p><span style=\"font-weight: 400;\">Quer testar o impacto de diferentes modelos, <\/span><b>8h + 1h de almo\u00e7o<\/b><span style=\"font-weight: 400;\">, <\/span><b>jornada de 6h<\/b><span style=\"font-weight: 400;\">, <\/span><b>12\u00d736<\/b><span style=\"font-weight: 400;\">, <\/span><b>turnos flex\u00edveis<\/b><span style=\"font-weight: 400;\">? A IA simula cen\u00e1rios, calcula horas trabalhadas, pausa m\u00ednima e at\u00e9 aponta potenciais inconformidades. Isso d\u00e1 suporte jur\u00eddico e operacional \u00e0s decis\u00f5es de escalas e pol\u00edticas internas.<\/span><\/p>\n<h3><b>5. Chatbot para colaboradores<\/b><\/h3>\n<p><span style=\"font-weight: 400;\">A IA tamb\u00e9m descomplica o atendimento interno. Um chatbot pode responder a d\u00favidas recorrentes como: <\/span><b>\u201cMinha jornada \u00e9 8h + 1h de almo\u00e7o. Quantas horas efetivamente trabalho?\u201d<\/b><\/p>\n<p><span style=\"font-weight: 400;\">E ainda direcionar o colaborador \u00e0s pol\u00edticas internas, diminuindo ru\u00eddos, filas no RH e retrabalho.<\/span><\/p>\n<h3><b>6. Integra\u00e7\u00e3o com a folha de pagamento<\/b><\/h3>\n<h3><b>Ao detectar um intervalo suprimido ou n\u00e3o registrado, a IA pode:<\/b><\/h3>\n<ul>\n<li style=\"font-weight: 400;\" aria-level=\"1\"><span style=\"font-weight: 400;\">Provisionar automaticamente as horas devidas;<\/span><\/li>\n<li style=\"font-weight: 400;\" aria-level=\"1\"><span style=\"font-weight: 400;\">Enviar ajustes diretos para a folha;<\/span><\/li>\n<li style=\"font-weight: 400;\" aria-level=\"1\"><span style=\"font-weight: 400;\">Garantir conformidade sem c\u00e1lculos manuais.<\/span><\/li>\n<\/ul>\n<p><span style=\"font-weight: 400;\">Em outras palavras: <\/span><b>menos erro humano, mais precis\u00e3o e muito mais seguran\u00e7a jur\u00eddica<\/b><span style=\"font-weight: 400;\">.<\/span><\/p>\n<h3><span style=\"font-weight: 400;\">O diferencial da Factorial nesse processo<\/span><\/h3>\n<p><span style=\"font-weight: 400;\">A Factorial integra tudo isso em um ambiente \u00fanico e intuitivo, com:<\/span><\/p>\n<ul>\n<li style=\"font-weight: 400;\" aria-level=\"1\"><b>M\u00f3dulo completo de controle de jornada<\/b><span style=\"font-weight: 400;\"> com marca\u00e7\u00e3o de intervalo intrajornada, alertas e trilhas de auditoria.<\/span><\/li>\n<li style=\"font-weight: 400;\" aria-level=\"1\"><b>Relat\u00f3rios de \u201ctempo na empresa vs. tempo de trabalho\u201d<\/b><span style=\"font-weight: 400;\">, fundamentais para h\u00edbrido, campo e opera\u00e7\u00f5es complexas.<\/span><\/li>\n<li style=\"font-weight: 400;\" aria-level=\"1\"><b>Simula\u00e7\u00f5es autom\u00e1ticas de jornada<\/b><span style=\"font-weight: 400;\"> e exporta\u00e7\u00e3o direta para folha.<\/span><\/li>\n<li style=\"font-weight: 400;\" aria-level=\"1\"><b>Integra\u00e7\u00e3o com pol\u00edticas internas<\/b><span style=\"font-weight: 400;\">, garantindo clareza para l\u00edderes e colaboradores.<\/span><\/li>\n<\/ul>\n<p><span style=\"font-weight: 400;\">Em resumo: <\/span><b>menos risco, menos retrabalho e um RH mais estrat\u00e9gico, com dados confi\u00e1veis para tomar decis\u00f5es melhores.<\/b><\/p>\n<p><a href=\"https:\/\/factorialhr.com.br\/controle-ponto\" target=\"_blank\" rel=\"noopener\"><img decoding=\"async\" class=\"lazyloaded defer-loaded alignnone wp-image-126196 size-medium\" src=\"https:\/\/factorialhr.com.br\/wp-content\/uploads\/2024\/01\/31192956\/br-freebie-folha-ponto-300x300.jpg\" sizes=\"(max-width: 400px) 100vw, 400px\" srcset=\"https:\/\/factorialhr.com.br\/wp-content\/uploads\/2024\/01\/31192956\/br-freebie-folha-ponto.jpg 400w, https:\/\/factorialhr.com.br\/wp-content\/uploads\/2024\/01\/31192956\/br-freebie-folha-ponto-300x300.jpg 300w, https:\/\/factorialhr.com.br\/wp-content\/uploads\/2024\/01\/31192956\/br-freebie-folha-ponto-150x150.jpg 150w, https:\/\/factorialhr.com.br\/wp-content\/uploads\/2024\/01\/31192956\/br-freebie-folha-ponto-160x160.jpg 160w, https:\/\/factorialhr.com.br\/wp-content\/uploads\/2024\/01\/31192956\/br-freebie-folha-ponto-80x80.jpg 80w\" alt=\"modelo folha ponto\" width=\"300\" height=\"300\" data-src=\"https:\/\/factorialhr.com.br\/wp-content\/uploads\/2024\/01\/31192956\/br-freebie-folha-ponto.jpg\" data-srcset=\"https:\/\/factorialhr.com.br\/wp-content\/uploads\/2024\/01\/31192956\/br-freebie-folha-ponto.jpg 400w, https:\/\/factorialhr.com.br\/wp-content\/uploads\/2024\/01\/31192956\/br-freebie-folha-ponto-300x300.jpg 300w, https:\/\/factorialhr.com.br\/wp-content\/uploads\/2024\/01\/31192956\/br-freebie-folha-ponto-150x150.jpg 150w, https:\/\/factorialhr.com.br\/wp-content\/uploads\/2024\/01\/31192956\/br-freebie-folha-ponto-160x160.jpg 160w, https:\/\/factorialhr.com.br\/wp-content\/uploads\/2024\/01\/31192956\/br-freebie-folha-ponto-80x80.jpg 80w\" data-ll-status=\"loaded\" data-clarity-loaded=\"17vqpwd\" \/><\/a><\/p>\n<hr \/>\n<h2><span style=\"font-weight: 400;\">Conhe\u00e7a o One \u2014 o agente de IA que vai transformar o seu RH!<\/span><\/h2>\n<p><span style=\"font-weight: 400;\">Imagine ter algu\u00e9m ao seu lado que entende os desafios do RH e faz o trabalho pesado por voc\u00ea:<\/span><b> esse \u00e9 o One, o agente de IA da Factorial.<\/b><span style=\"font-weight: 400;\"> Agora, tudo que voc\u00ea j\u00e1 faz \u2014 gest\u00e3o de tempo, talentos e finan\u00e7as \u2014 fica ainda mais f\u00e1cil e eficiente com intelig\u00eancia artificial integrada.<\/span><\/p>\n<p><span style=\"font-weight: 400;\">Com o One voc\u00ea pode:<\/span><\/p>\n<ul>\n<li style=\"font-weight: 400;\" aria-level=\"1\"><span style=\"font-weight: 400;\">Criar pesquisas em poucos cliques;<\/span><\/li>\n<li style=\"font-weight: 400;\" aria-level=\"1\"><span style=\"font-weight: 400;\">Encontrar contratos ou pol\u00edticas em segundos;<\/span><\/li>\n<li style=\"font-weight: 400;\" aria-level=\"1\"><span style=\"font-weight: 400;\">Receber insights confi\u00e1veis em tempo real;<\/span><\/li>\n<li style=\"font-weight: 400;\" aria-level=\"1\"><span style=\"font-weight: 400;\">Reduzir 80% do seu tempo gasto em organiza\u00e7\u00e3o de turnos.<\/span><\/li>\n<\/ul>\n<p><span style=\"font-weight: 400;\">Ele n\u00e3o substitui o RH \u2014 ele o potencializa. Enquanto o mundo foca em milhares de planilhas, o One oferece vis\u00e3o. Quando a rotina pesa, o One d\u00e1 suporte.<\/span><\/p>\n<p><span style=\"font-weight: 400;\">Quer ver isso na pr\u00e1tica?<\/span><\/p>\n<p><span style=\"font-weight: 400;\">\u27a1\ufe0f Pe\u00e7a uma demonstra\u00e7\u00e3o gratuita do One e descubra como sua gest\u00e3o de pessoas vai decolar!<\/span><a href=\"https:\/\/cta-service-cms2.hubspot.com\/web-interactives\/public\/v1\/track\/redirect?encryptedPayload=AVxigLKJAKTwLH4CoHOR65Z%2BunCAFHPOg9tEKjd2MAVDlCMyw7lRNDyBTnEDa6OjiRgmChOmECQ7IwkZSs87tW7SBCpq8pATDKMoDFHPfyjcBi04KDvZSmVfeXhTPEQCn93hu4VxVljprZuHLCm4MzHwDeF4IWuUHVH7O5pkpSD1VTDjOgmAemwOtMCJT55wE6bdl9zLMCftsrfm4wv75Ml%2Be0klu%2F8%3D&amp;webInteractiveContentId=198983727490&amp;portalId=4960096\" target=\"_blank\" rel=\"noopener\"><br \/>\n<img decoding=\"async\" style=\"height: 100%; width: 100%; object-fit: fill;\" src=\"https:\/\/no-cache.hubspot.com\/cta\/default\/4960096\/interactive-198983727490.png\" alt=\"factorial-one-adeus-a-sobrecarga-cta-blog\" \/><\/a><\/p>\n<hr \/>\n<h2><span style=\"font-weight: 400;\">O que as pessoas tamb\u00e9m perguntam sobre o hor\u00e1rio de almo\u00e7o<\/span><\/h2>\n<p><span style=\"font-weight: 400;\">O intervalo de almo\u00e7o \u00e9 um tema simples na teoria, mas que costuma gerar d\u00favidas na pr\u00e1tica, especialmente quando o RH precisa equilibrar opera\u00e7\u00e3o, legisla\u00e7\u00e3o e experi\u00eancia do colaborador. Para te ajudar a navegar por esses pontos com seguran\u00e7a, reunimos as perguntas mais frequentes e explicamos de forma direta o que a CLT exige e o que o RH precisa observar no dia a dia.<\/span><\/p>\n<h3><b>1. O hor\u00e1rio de almo\u00e7o conta como hora trabalhada?<\/b><\/h3>\n<p><span style=\"font-weight: 400;\">Na maioria das situa\u00e7\u00f5es, n\u00e3o. A CLT determina que o intervalo intrajornada <\/span><b>n\u00e3o \u00e9 computado como jornada de trabalho<\/b><span style=\"font-weight: 400;\"> quando o colaborador atua por mais de 6 horas. Ou seja: esse per\u00edodo deve ser destinado exclusivamente ao repouso e \u00e0 refei\u00e7\u00e3o, e n\u00e3o entra no c\u00e1lculo das horas trabalhadas.<\/span><\/p>\n<h3><b>2. Quando o intervalo de almo\u00e7o pode ser considerado hora \u00e0 disposi\u00e7\u00e3o da empresa?<\/b><\/h3>\n<p><span style=\"font-weight: 400;\">Aqui est\u00e1 um ponto que gera confus\u00e3o. Se o colaborador <\/span><b>n\u00e3o consegue se afastar<\/b><span style=\"font-weight: 400;\">, permanece no posto, atende clientes, responde demandas ou est\u00e1 sujeito a ser acionado, o intervalo n\u00e3o foi efetivamente usufru\u00eddo. Nesses casos, o tempo pode sim ser reconhecido como <\/span><b>hora trabalhada<\/b><span style=\"font-weight: 400;\">, e isso abre espa\u00e7o para pagamento adicional e poss\u00edveis passivos.<\/span><span style=\"font-weight: 400;\"><br \/>\n<\/span><span style=\"font-weight: 400;\">O mesmo vale para acordos ou escalas que exigem perman\u00eancia no local.<\/span><\/p>\n<h3><b>3. Qual \u00e9 o intervalo m\u00ednimo para jornadas superiores a 6 horas?<\/b><\/h3>\n<p><span style=\"font-weight: 400;\">Para trabalhadores que ultrapassam 6 horas de jornada, a regra \u00e9 clara:\u00a0 <\/span><b>m\u00ednimo de 1 hora de intervalo<\/b><span style=\"font-weight: 400;\">. J\u00e1 para jornadas de 4 a 6 horas, o colaborador tem direito a pelo menos <\/span><b>15 minutos de pausa<\/b><span style=\"font-weight: 400;\">. Respeitar esses limites \u00e9 uma das formas mais simples, e mais eficazes, de garantir seguran\u00e7a jur\u00eddica ao seu RH.<\/span><\/p>\n<h3><b>4. O RH precisa registrar in\u00edcio e fim do intervalo?<\/b><\/h3>\n<p><span style=\"font-weight: 400;\">Sim, e isso faz toda a diferen\u00e7a na hora de comprovar conformidade. O ponto deve registrar: <\/span><b>entrada, in\u00edcio do intervalo, retorno e sa\u00edda<\/b><span style=\"font-weight: 400;\">. Com essas quatro marca\u00e7\u00f5es, o RH consegue demonstrar que o intervalo intrajornada foi oferecido e usufru\u00eddo corretamente, reduzindo riscos trabalhistas e facilitando auditorias.<\/span><\/p>\n<h3><b>5. Se o colaborador trabalha 8h + 1h de almo\u00e7o, ele est\u00e1 9h na empresa. Mas quantas horas s\u00e3o consideradas trabalhadas?<\/b><\/h3>\n<p><span style=\"font-weight: 400;\">Nesse caso, s\u00e3o <\/span><b>8 horas de trabalho<\/b><span style=\"font-weight: 400;\"> e <\/span><b>1 hora de intervalo<\/b><span style=\"font-weight: 400;\">,\u00a0 totalizando 9 horas no local, mas sem que o almo\u00e7o entre no c\u00e1lculo da jornada. A exce\u00e7\u00e3o acontece quando o colaborador permanece \u00e0 disposi\u00e7\u00e3o, como citamos acima.<\/span><\/p>\n<h3><b>6. Como a IA pode ajudar o RH a controlar o intervalo de almo\u00e7o?<\/b><\/h3>\n<p><span style=\"font-weight: 400;\">Ferramentas com IA podem ser grandes aliadas aqui. Elas detectam automaticamente:<\/span><\/p>\n<ul>\n<li style=\"list-style-type: none;\">\n<ul>\n<li style=\"list-style-type: none;\">\n<ul>\n<li style=\"font-weight: 400;\" aria-level=\"1\"><span style=\"font-weight: 400;\">Intervalos muito curtos ou n\u00e3o registrados;<\/span><\/li>\n<li style=\"font-weight: 400;\" aria-level=\"1\"><span style=\"font-weight: 400;\">Redu\u00e7\u00f5es indevidas;<\/span><\/li>\n<li style=\"font-weight: 400;\" aria-level=\"1\"><span style=\"font-weight: 400;\">Padr\u00f5es de inconsist\u00eancia no ponto;<\/span><\/li>\n<li style=\"font-weight: 400;\" aria-level=\"1\"><span style=\"font-weight: 400;\">Riscos de pagamento retroativo por supress\u00e3o de intervalo.<\/span><\/li>\n<\/ul>\n<\/li>\n<\/ul>\n<\/li>\n<\/ul>\n<p><span style=\"font-weight: 400;\">Al\u00e9m disso, a IA gera alertas e relat\u00f3rios que ajudam o RH a agir antes que o problema vire passivo, e \u00e9 justamente esse tipo de automa\u00e7\u00e3o que eleva a maturidade da gest\u00e3o de jornada.<\/span><\/p>\n<hr \/>\n<h2><span style=\"font-weight: 400;\">Conclus\u00e3o<\/span><\/h2>\n<p><span style=\"font-weight: 400;\">Se o hor\u00e1rio de almo\u00e7o conta como hora trabalhar \u00e9 uma das d\u00favidas mais comuns no RH e tamb\u00e9m uma das que mais geram passivos quando mal interpretada. Entender corretamente o intervalo de almo\u00e7o vai al\u00e9m de cumprir a CLT. \u00c9 garantir uma <\/span><b>jornada saud\u00e1vel, previs\u00edvel e sem surpresas<\/b><span style=\"font-weight: 400;\"> no fechamento da folha.<\/span><\/p>\n<p><span style=\"font-weight: 400;\">Pela legisla\u00e7\u00e3o, <\/span><b>o intervalo de almo\u00e7o n\u00e3o conta como hora trabalhada<\/b><span style=\"font-weight: 400;\"> quando a jornada di\u00e1ria ultrapassa seis horas. Na pr\u00e1tica, isso significa que o colaborador faz sua pausa afastado das atividades, e esse per\u00edodo n\u00e3o entra no c\u00e1lculo de horas.<\/span><\/p>\n<p><span style=\"font-weight: 400;\">O ponto cr\u00edtico, onde muitas empresas escorregam, est\u00e1 no registro. Se o intervalo n\u00e3o \u00e9 controlado corretamente ou se o colaborador permanece \u00e0 disposi\u00e7\u00e3o durante a pausa, atendendo clientes, respondendo mensagens ou ficando no posto, esse tempo pode ser considerado hora trabalhada.\u00a0<\/span><\/p>\n<p><span style=\"font-weight: 400;\">A partir da\u00ed surgem os riscos, como a\u00e7\u00f5es por intervalo suprimido, pagamentos retroativos e discuss\u00f5es sobre perman\u00eancia \u00e0 disposi\u00e7\u00e3o.<\/span><\/p>\n<p><span style=\"font-weight: 400;\">No fim do dia, <\/span><b>o que separa conformidade de risco \u00e9 a precis\u00e3o do controle<\/b><span style=\"font-weight: 400;\">. Quando o RH registra in\u00edcio e fim do intervalo, identifica exce\u00e7\u00f5es e mant\u00e9m um hist\u00f3rico audit\u00e1vel, a empresa ganha previsibilidade, entende a jornada real e evita inconsist\u00eancias que s\u00f3 aparecem no fechamento da folha.<\/span><\/p>\n<p><span style=\"font-weight: 400;\">Empresas que estruturam bem o controle do intervalo colhem ganhos imediatos. Menos retrabalho, escalas mais eficientes, colaboradores mais satisfeitos e total alinhamento com a legisla\u00e7\u00e3o, sem depender de confer\u00eancia manual.<\/span><\/p>\n<p><span style=\"font-weight: 400;\">Se voc\u00ea quer levar esse controle ao pr\u00f3ximo n\u00edvel, com automa\u00e7\u00e3o, alertas e seguran\u00e7a jur\u00eddica, solicite uma demonstra\u00e7\u00e3o gr\u00e1tis e conhe\u00e7a <\/span><b>o m\u00f3dulo de controle de intervalo e jornada da Factorial.<\/b><\/p>\n<p><a href=\"https:\/\/factorialhr.com.br\/solicitar-demonstracao\" target=\"_blank\" rel=\"noopener\"><img decoding=\"async\" class=\"alignnone size-medium wp-image-127168\" src=\"https:\/\/factorialhr.com.br\/wp-content\/uploads\/2024\/02\/13170953\/cta-solicitar-demo-br-300x68.png\" alt=\"Bot\u00e3o com o texto solicitar demonstra\u00e7\u00e3o gr\u00e1tis em fundo rosa, chamando a aten\u00e7\u00e3o para uma oferta de teste gratuito.\" width=\"300\" height=\"68\" srcset=\"https:\/\/factorialhr.com.br\/wp-content\/uploads\/2024\/02\/13170953\/cta-solicitar-demo-br-300x68.png 300w, https:\/\/factorialhr.com.br\/wp-content\/uploads\/2024\/02\/13170953\/cta-solicitar-demo-br.png 661w\" sizes=\"(max-width: 300px) 100vw, 300px\" \/><\/a><\/p>\n","protected":false},"excerpt":{"rendered":"<p>Quando o assunto \u00e9 jornada de trabalho, \u00e9 natural que surjam v\u00e1rias d\u00favidas, e o hor\u00e1rio de almo\u00e7o \u00e9 uma delas. Se o colaborador cumpre 8 horas + 1 hora de almo\u00e7o, o hor\u00e1rio de almo\u00e7o conta como hora trabalhada? Parece simples, mas a resposta vai al\u00e9m da matem\u00e1tica, envolve CLT, regras de intervalo intrajornada,<a href=\"https:\/\/factorialhr.com.br\/blog\/horario-de-almoco-conta-como-hora-trabalhada\/\" class=\"read-more\"> [&#8230;]<\/a><\/p>\n","protected":false},"author":141,"featured_media":43240,"comment_status":"open","ping_status":"closed","sticky":false,"template":"","format":"standard","meta":{"_acf_changed":false,"footnotes":""},"categories":[425],"tags":[],"class_list":["post-33304","post","type-post","status-publish","format-standard","has-post-thumbnail","hentry","category-controle-da-jornada-de-trabalho"],"acf":{"topics":"time-tracking"},"yoast_head":"<!-- This site is optimized with the Yoast SEO Premium plugin v21.5 (Yoast SEO v21.9.1) - https:\/\/yoast.com\/wordpress\/plugins\/seo\/ -->\n<title>Hor\u00e1rio de almo\u00e7o conta como hora trabalhada? Veja o que diz a CLT<\/title>\n<meta name=\"description\" content=\"Entenda se o hor\u00e1rio de almo\u00e7o conta como hora trabalhada, quais s\u00e3o as regras da CLT, exce\u00e7\u00f5es e impactos na jornada e folha de pagamento.\" \/>\n<meta name=\"robots\" content=\"index, follow, max-snippet:-1, max-image-preview:large, max-video-preview:-1\" \/>\n<link rel=\"canonical\" href=\"https:\/\/factorialhr.com.br\/blog\/horario-de-almoco-conta-como-hora-trabalhada\/\" \/>\n<meta property=\"og:locale\" content=\"pt_BR\" \/>\n<meta property=\"og:type\" content=\"article\" \/>\n<meta property=\"og:title\" content=\"Hor\u00e1rio de almo\u00e7o: o que diz a lei sobre hora trabalhada? Guia completo para RH\" \/>\n<meta property=\"og:description\" content=\"Entenda se o hor\u00e1rio de almo\u00e7o conta como hora trabalhada, quais s\u00e3o as regras da CLT, exce\u00e7\u00f5es e impactos na jornada e folha de pagamento.\" \/>\n<meta property=\"og:url\" content=\"https:\/\/factorialhr.com.br\/blog\/horario-de-almoco-conta-como-hora-trabalhada\/\" \/>\n<meta property=\"og:site_name\" content=\"Factorial\" \/>\n<meta property=\"article:publisher\" content=\"https:\/\/www.facebook.com\/people\/Factorial\/100064908455810\/\" \/>\n<meta property=\"article:author\" content=\"https:\/\/www.facebook.com\/FactorialBRPT\/\" \/>\n<meta property=\"article:published_time\" content=\"2023-04-21T11:09:48+00:00\" \/>\n<meta property=\"article:modified_time\" content=\"2025-12-23T14:04:14+00:00\" \/>\n<meta property=\"og:image\" content=\"https:\/\/factorialhr.com.br\/wp-content\/uploads\/2020\/11\/14144450\/horario-almoco-hora-trabalhada.jpg\" \/>\n\t<meta property=\"og:image:width\" content=\"1112\" \/>\n\t<meta property=\"og:image:height\" content=\"625\" \/>\n\t<meta property=\"og:image:type\" content=\"image\/jpeg\" \/>\n<meta name=\"author\" content=\"Renata Chies\" \/>\n<meta name=\"twitter:card\" content=\"summary_large_image\" \/>\n<meta name=\"twitter:creator\" content=\"@factorialapp\" \/>\n<meta name=\"twitter:site\" content=\"@factorialapp\" \/>\n<meta name=\"twitter:label1\" content=\"Written by\" \/>\n\t<meta name=\"twitter:data1\" content=\"Renata Chies\" \/>\n\t<meta name=\"twitter:label2\" content=\"Est. reading time\" \/>\n\t<meta name=\"twitter:data2\" content=\"21 minutos\" \/>\n<script type=\"application\/ld+json\" class=\"yoast-schema-graph\">{\"@context\":\"https:\/\/schema.org\",\"@graph\":[{\"@type\":\"Article\",\"@id\":\"https:\/\/factorialhr.com.br\/blog\/horario-de-almoco-conta-como-hora-trabalhada\/#article\",\"isPartOf\":{\"@id\":\"https:\/\/factorialhr.com.br\/blog\/horario-de-almoco-conta-como-hora-trabalhada\/\"},\"author\":{\"name\":\"Renata Chies\",\"@id\":\"https:\/\/factorialhr.com.br\/blog\/#\/schema\/person\/6b51d8cb491b0adbb0fe6daf4d7ef0e9\"},\"headline\":\"Hor\u00e1rio de almo\u00e7o: o que diz a lei sobre hora trabalhada? Guia completo para RH\",\"datePublished\":\"2023-04-21T11:09:48+00:00\",\"dateModified\":\"2025-12-23T14:04:14+00:00\",\"mainEntityOfPage\":{\"@id\":\"https:\/\/factorialhr.com.br\/blog\/horario-de-almoco-conta-como-hora-trabalhada\/\"},\"wordCount\":3644,\"commentCount\":0,\"publisher\":{\"@id\":\"https:\/\/factorialhr.com.br\/blog\/#organization\"},\"articleSection\":[\"Controle da Jornada de Trabalho\"],\"inLanguage\":\"pt-PT\",\"potentialAction\":[{\"@type\":\"CommentAction\",\"name\":\"Comment\",\"target\":[\"https:\/\/factorialhr.com.br\/blog\/horario-de-almoco-conta-como-hora-trabalhada\/#respond\"]}]},{\"@type\":\"WebPage\",\"@id\":\"https:\/\/factorialhr.com.br\/blog\/horario-de-almoco-conta-como-hora-trabalhada\/\",\"url\":\"https:\/\/factorialhr.com.br\/blog\/horario-de-almoco-conta-como-hora-trabalhada\/\",\"name\":\"Hor\u00e1rio de almo\u00e7o conta como hora trabalhada? Veja o que diz a CLT\",\"isPartOf\":{\"@id\":\"https:\/\/factorialhr.com.br\/blog\/#website\"},\"datePublished\":\"2023-04-21T11:09:48+00:00\",\"dateModified\":\"2025-12-23T14:04:14+00:00\",\"description\":\"Entenda se o hor\u00e1rio de almo\u00e7o conta como hora trabalhada, quais s\u00e3o as regras da CLT, exce\u00e7\u00f5es e impactos na jornada e folha de pagamento.\",\"inLanguage\":\"pt-PT\",\"potentialAction\":[{\"@type\":\"ReadAction\",\"target\":[\"https:\/\/factorialhr.com.br\/blog\/horario-de-almoco-conta-como-hora-trabalhada\/\"]}]},{\"@type\":\"WebSite\",\"@id\":\"https:\/\/factorialhr.com.br\/blog\/#website\",\"url\":\"https:\/\/factorialhr.com.br\/blog\/\",\"name\":\"Factorial\",\"description\":\"\",\"publisher\":{\"@id\":\"https:\/\/factorialhr.com.br\/blog\/#organization\"},\"potentialAction\":[{\"@type\":\"SearchAction\",\"target\":{\"@type\":\"EntryPoint\",\"urlTemplate\":\"https:\/\/factorialhr.com.br\/blog\/?s={search_term_string}\"},\"query-input\":\"required name=search_term_string\"}],\"inLanguage\":\"pt-PT\"},{\"@type\":\"Organization\",\"@id\":\"https:\/\/factorialhr.com.br\/blog\/#organization\",\"name\":\"All-in-one business management software - Factorial\",\"url\":\"https:\/\/factorialhr.com.br\/blog\/\",\"logo\":{\"@type\":\"ImageObject\",\"inLanguage\":\"pt-PT\",\"@id\":\"https:\/\/factorialhr.com.br\/blog\/#\/schema\/logo\/image\/\",\"url\":\"https:\/\/factorialhr.com.br\/wp-content\/uploads\/2023\/07\/18155144\/factorial-logo.png\",\"contentUrl\":\"https:\/\/factorialhr.com.br\/wp-content\/uploads\/2023\/07\/18155144\/factorial-logo.png\",\"width\":946,\"height\":880,\"caption\":\"All-in-one business management software - Factorial\"},\"image\":{\"@id\":\"https:\/\/factorialhr.com.br\/blog\/#\/schema\/logo\/image\/\"},\"sameAs\":[\"https:\/\/www.facebook.com\/people\/Factorial\/100064908455810\/\",\"https:\/\/twitter.com\/factorialapp\",\"https:\/\/www.linkedin.com\/company\/factorialhr\",\"https:\/\/www.youtube.com\/@factorialmedia\",\"https:\/\/www.instagram.com\/factorial\/#\"]},{\"@type\":\"Person\",\"@id\":\"https:\/\/factorialhr.com.br\/blog\/#\/schema\/person\/6b51d8cb491b0adbb0fe6daf4d7ef0e9\",\"name\":\"Renata Chies\",\"image\":{\"@type\":\"ImageObject\",\"inLanguage\":\"pt-PT\",\"@id\":\"https:\/\/factorialhr.com.br\/blog\/#\/schema\/person\/image\/\",\"url\":\"https:\/\/secure.gravatar.com\/avatar\/dbd34fc199b480c34d11966ed430ee8a?s=96&d=identicon&r=g\",\"contentUrl\":\"https:\/\/secure.gravatar.com\/avatar\/dbd34fc199b480c34d11966ed430ee8a?s=96&d=identicon&r=g\",\"caption\":\"Renata Chies\"},\"description\":\"Renata Chies \u00e9 jornalista e comunicadora social. Nos seus 10 anos de experi\u00eancia na \u00e1rea da Comunica\u00e7\u00e3o, j\u00e1 trabalhou como rep\u00f3rter de r\u00e1dio, televis\u00e3o e online, produtora, editora, redatora, social media e assessora de imprensa. Na Factorial, produz conte\u00fados atualizados sobre o universo dos Recursos Humanos.\",\"sameAs\":[\"https:\/\/www.facebook.com\/FactorialBRPT\/\",\"https:\/\/www.instagram.com\/renata_chies\/\",\"https:\/\/www.linkedin.com\/in\/renatachies\/\",\"https:\/\/www.youtube.com\/c\/factorialbrasil\"],\"knowsAbout\":[\"Inbound Marketing\",\"SEO\",\"Content\",\"Social Media\"],\"knowsLanguage\":[\"Portugu\u00eas\",\"Ingl\u00eas\",\"Espanhol\",\"Italiano\"],\"jobTitle\":\"Content & SEO Specialist\",\"worksFor\":\"Renata Chies\",\"url\":\"https:\/\/factorialhr.com.br\/blog\/author\/renata-chies\/\"}]}<\/script>\n<!-- \/ Yoast SEO Premium plugin. -->","yoast_head_json":{"title":"Hor\u00e1rio de almo\u00e7o conta como hora trabalhada? Veja o que diz a CLT","description":"Entenda se o hor\u00e1rio de almo\u00e7o conta como hora trabalhada, quais s\u00e3o as regras da CLT, exce\u00e7\u00f5es e impactos na jornada e folha de pagamento.","robots":{"index":"index","follow":"follow","max-snippet":"max-snippet:-1","max-image-preview":"max-image-preview:large","max-video-preview":"max-video-preview:-1"},"canonical":"https:\/\/factorialhr.com.br\/blog\/horario-de-almoco-conta-como-hora-trabalhada\/","og_locale":"pt_BR","og_type":"article","og_title":"Hor\u00e1rio de almo\u00e7o: o que diz a lei sobre hora trabalhada? Guia completo para RH","og_description":"Entenda se o hor\u00e1rio de almo\u00e7o conta como hora trabalhada, quais s\u00e3o as regras da CLT, exce\u00e7\u00f5es e impactos na jornada e folha de pagamento.","og_url":"https:\/\/factorialhr.com.br\/blog\/horario-de-almoco-conta-como-hora-trabalhada\/","og_site_name":"Factorial","article_publisher":"https:\/\/www.facebook.com\/people\/Factorial\/100064908455810\/","article_author":"https:\/\/www.facebook.com\/FactorialBRPT\/","article_published_time":"2023-04-21T11:09:48+00:00","article_modified_time":"2025-12-23T14:04:14+00:00","og_image":[{"width":1112,"height":625,"url":"https:\/\/factorialhr.com.br\/wp-content\/uploads\/2020\/11\/14144450\/horario-almoco-hora-trabalhada.jpg","type":"image\/jpeg"}],"author":"Renata Chies","twitter_card":"summary_large_image","twitter_creator":"@factorialapp","twitter_site":"@factorialapp","twitter_misc":{"Written by":"Renata Chies","Est. reading time":"21 minutos"},"schema":{"@context":"https:\/\/schema.org","@graph":[{"@type":"Article","@id":"https:\/\/factorialhr.com.br\/blog\/horario-de-almoco-conta-como-hora-trabalhada\/#article","isPartOf":{"@id":"https:\/\/factorialhr.com.br\/blog\/horario-de-almoco-conta-como-hora-trabalhada\/"},"author":{"name":"Renata Chies","@id":"https:\/\/factorialhr.com.br\/blog\/#\/schema\/person\/6b51d8cb491b0adbb0fe6daf4d7ef0e9"},"headline":"Hor\u00e1rio de almo\u00e7o: o que diz a lei sobre hora trabalhada? Guia completo para RH","datePublished":"2023-04-21T11:09:48+00:00","dateModified":"2025-12-23T14:04:14+00:00","mainEntityOfPage":{"@id":"https:\/\/factorialhr.com.br\/blog\/horario-de-almoco-conta-como-hora-trabalhada\/"},"wordCount":3644,"commentCount":0,"publisher":{"@id":"https:\/\/factorialhr.com.br\/blog\/#organization"},"articleSection":["Controle da Jornada de Trabalho"],"inLanguage":"pt-PT","potentialAction":[{"@type":"CommentAction","name":"Comment","target":["https:\/\/factorialhr.com.br\/blog\/horario-de-almoco-conta-como-hora-trabalhada\/#respond"]}]},{"@type":"WebPage","@id":"https:\/\/factorialhr.com.br\/blog\/horario-de-almoco-conta-como-hora-trabalhada\/","url":"https:\/\/factorialhr.com.br\/blog\/horario-de-almoco-conta-como-hora-trabalhada\/","name":"Hor\u00e1rio de almo\u00e7o conta como hora trabalhada? Veja o que diz a CLT","isPartOf":{"@id":"https:\/\/factorialhr.com.br\/blog\/#website"},"datePublished":"2023-04-21T11:09:48+00:00","dateModified":"2025-12-23T14:04:14+00:00","description":"Entenda se o hor\u00e1rio de almo\u00e7o conta como hora trabalhada, quais s\u00e3o as regras da CLT, exce\u00e7\u00f5es e impactos na jornada e folha de pagamento.","inLanguage":"pt-PT","potentialAction":[{"@type":"ReadAction","target":["https:\/\/factorialhr.com.br\/blog\/horario-de-almoco-conta-como-hora-trabalhada\/"]}]},{"@type":"WebSite","@id":"https:\/\/factorialhr.com.br\/blog\/#website","url":"https:\/\/factorialhr.com.br\/blog\/","name":"Factorial","description":"","publisher":{"@id":"https:\/\/factorialhr.com.br\/blog\/#organization"},"potentialAction":[{"@type":"SearchAction","target":{"@type":"EntryPoint","urlTemplate":"https:\/\/factorialhr.com.br\/blog\/?s={search_term_string}"},"query-input":"required name=search_term_string"}],"inLanguage":"pt-PT"},{"@type":"Organization","@id":"https:\/\/factorialhr.com.br\/blog\/#organization","name":"All-in-one business management software - Factorial","url":"https:\/\/factorialhr.com.br\/blog\/","logo":{"@type":"ImageObject","inLanguage":"pt-PT","@id":"https:\/\/factorialhr.com.br\/blog\/#\/schema\/logo\/image\/","url":"https:\/\/factorialhr.com.br\/wp-content\/uploads\/2023\/07\/18155144\/factorial-logo.png","contentUrl":"https:\/\/factorialhr.com.br\/wp-content\/uploads\/2023\/07\/18155144\/factorial-logo.png","width":946,"height":880,"caption":"All-in-one business management software - Factorial"},"image":{"@id":"https:\/\/factorialhr.com.br\/blog\/#\/schema\/logo\/image\/"},"sameAs":["https:\/\/www.facebook.com\/people\/Factorial\/100064908455810\/","https:\/\/twitter.com\/factorialapp","https:\/\/www.linkedin.com\/company\/factorialhr","https:\/\/www.youtube.com\/@factorialmedia","https:\/\/www.instagram.com\/factorial\/#"]},{"@type":"Person","@id":"https:\/\/factorialhr.com.br\/blog\/#\/schema\/person\/6b51d8cb491b0adbb0fe6daf4d7ef0e9","name":"Renata Chies","image":{"@type":"ImageObject","inLanguage":"pt-PT","@id":"https:\/\/factorialhr.com.br\/blog\/#\/schema\/person\/image\/","url":"https:\/\/secure.gravatar.com\/avatar\/dbd34fc199b480c34d11966ed430ee8a?s=96&d=identicon&r=g","contentUrl":"https:\/\/secure.gravatar.com\/avatar\/dbd34fc199b480c34d11966ed430ee8a?s=96&d=identicon&r=g","caption":"Renata Chies"},"description":"Renata Chies \u00e9 jornalista e comunicadora social. Nos seus 10 anos de experi\u00eancia na \u00e1rea da Comunica\u00e7\u00e3o, j\u00e1 trabalhou como rep\u00f3rter de r\u00e1dio, televis\u00e3o e online, produtora, editora, redatora, social media e assessora de imprensa. Na Factorial, produz conte\u00fados atualizados sobre o universo dos Recursos Humanos.","sameAs":["https:\/\/www.facebook.com\/FactorialBRPT\/","https:\/\/www.instagram.com\/renata_chies\/","https:\/\/www.linkedin.com\/in\/renatachies\/","https:\/\/www.youtube.com\/c\/factorialbrasil"],"knowsAbout":["Inbound Marketing","SEO","Content","Social Media"],"knowsLanguage":["Portugu\u00eas","Ingl\u00eas","Espanhol","Italiano"],"jobTitle":"Content & SEO Specialist","worksFor":"Renata Chies","url":"https:\/\/factorialhr.com.br\/blog\/author\/renata-chies\/"}]}},"_links":{"self":[{"href":"https:\/\/factorialhr.com.br\/blog\/wp-json\/wp\/v2\/posts\/33304"}],"collection":[{"href":"https:\/\/factorialhr.com.br\/blog\/wp-json\/wp\/v2\/posts"}],"about":[{"href":"https:\/\/factorialhr.com.br\/blog\/wp-json\/wp\/v2\/types\/post"}],"author":[{"embeddable":true,"href":"https:\/\/factorialhr.com.br\/blog\/wp-json\/wp\/v2\/users\/141"}],"replies":[{"embeddable":true,"href":"https:\/\/factorialhr.com.br\/blog\/wp-json\/wp\/v2\/comments?post=33304"}],"version-history":[{"count":31,"href":"https:\/\/factorialhr.com.br\/blog\/wp-json\/wp\/v2\/posts\/33304\/revisions"}],"predecessor-version":[{"id":176026,"href":"https:\/\/factorialhr.com.br\/blog\/wp-json\/wp\/v2\/posts\/33304\/revisions\/176026"}],"wp:featuredmedia":[{"embeddable":true,"href":"https:\/\/factorialhr.com.br\/blog\/wp-json\/wp\/v2\/media\/43240"}],"wp:attachment":[{"href":"https:\/\/factorialhr.com.br\/blog\/wp-json\/wp\/v2\/media?parent=33304"}],"wp:term":[{"taxonomy":"category","embeddable":true,"href":"https:\/\/factorialhr.com.br\/blog\/wp-json\/wp\/v2\/categories?post=33304"},{"taxonomy":"post_tag","embeddable":true,"href":"https:\/\/factorialhr.com.br\/blog\/wp-json\/wp\/v2\/tags?post=33304"}],"curies":[{"name":"wp","href":"https:\/\/api.w.org\/{rel}","templated":true}]}}