{"id":28586,"date":"2020-09-02T18:27:35","date_gmt":"2020-09-02T16:27:35","guid":{"rendered":"https:\/\/factorialhr.com\/blog\/?p=28586"},"modified":"2025-12-19T15:22:57","modified_gmt":"2025-12-19T13:22:57","slug":"ferias-fracionadas","status":"publish","type":"post","link":"https:\/\/factorialhr.com.br\/blog\/ferias-fracionadas\/","title":{"rendered":"F\u00e9rias fracionadas: regras, prazos e como calcular (CLT + exemplos)"},"content":{"rendered":"<p><span style=\"font-weight: 400;\">O direito a f\u00e9rias \u00e9 garantido pela Constitui\u00e7\u00e3o e pela Consolida\u00e7\u00e3o das Leis do Trabalho (<\/span><a href=\"https:\/\/factorialhr.com.br\/blog\/leis-trabalhistas\/\"><span style=\"font-weight: 400;\">CLT<\/span><\/a><span style=\"font-weight: 400;\">). No entanto, desde a Reforma Trabalhista algumas novidades quanto ao fracionamento de f\u00e9rias podem gerar d\u00favidas. Afinal, quais s\u00e3o as regras atuais para as <\/span><b>f\u00e9rias fracionadas<\/b><span style=\"font-weight: 400;\">?<\/span><\/p>\n<p><span style=\"font-weight: 400;\">Em resumo, as f\u00e9rias fracionadas podem ser:<\/span><\/p>\n<ul>\n<li style=\"font-weight: 400;\" aria-level=\"1\"><b>At\u00e9 3 per\u00edodos<\/b><span style=\"font-weight: 400;\">: um com no m\u00ednimo <\/span><b>14 dias corridos<\/b><span style=\"font-weight: 400;\"> e os outros com <\/span><b>pelo menos 5 dias<\/b><span style=\"font-weight: 400;\">.<\/span><\/li>\n<li style=\"font-weight: 400;\" aria-level=\"1\"><b>Sempre em concord\u00e2ncia do colaborador<\/b><span style=\"font-weight: 400;\">: \u00e9 combinado, e n\u00e3o imposto.<\/span><\/li>\n<li style=\"font-weight: 400;\" aria-level=\"1\"><b>Com aviso de 30 dias<\/b><span style=\"font-weight: 400;\"> e <\/span><b>pagamento at\u00e9 2 dias antes<\/b><span style=\"font-weight: 400;\">, como j\u00e1 funcionava antes.<\/span><\/li>\n<\/ul>\n<p><span style=\"font-weight: 400;\">Pronto. Em tr\u00eas t\u00f3picos, voc\u00ea j\u00e1 tem a base que resolve a maior parte das d\u00favidas do RH e te ajuda a responder aquela pergunta cl\u00e1ssica do gestor: <\/span><i><span style=\"font-weight: 400;\">\u201cd\u00e1 para dividir as f\u00e9rias assim?\u201d<\/span><\/i><\/p>\n<p><span style=\"font-weight: 400;\">Nos pr\u00f3ximos t\u00f3picos, voc\u00ea encontra regras completas da CLT, exemplos pr\u00e1ticos, c\u00e1lculos e como evitar erros comuns. Vamos l\u00e1?<\/span><\/p>\n<p><span style=\"font-weight: 400;\">\u27a1\ufe0f Est\u00e1 procurando algo espec\u00edfico sobre o tema? Acesse o \u00edndice do artigo no topo da sua tela. \ud83d\ude09<\/span><\/p>\n<p><img decoding=\"async\" class=\"alignnone size-medium wp-image-126214\" src=\"https:\/\/factorialhr.com.br\/wp-content\/uploads\/2024\/01\/31193050\/br-freebie-planilha-gestao-ferias-300x300.png\" alt=\"planilha gest\u00e3o de f\u00e9rias\" width=\"300\" height=\"300\" srcset=\"https:\/\/factorialhr.com.br\/wp-content\/uploads\/2024\/01\/31193050\/br-freebie-planilha-gestao-ferias-300x300.png 300w, https:\/\/factorialhr.com.br\/wp-content\/uploads\/2024\/01\/31193050\/br-freebie-planilha-gestao-ferias-150x150.png 150w, https:\/\/factorialhr.com.br\/wp-content\/uploads\/2024\/01\/31193050\/br-freebie-planilha-gestao-ferias-160x160.png 160w, https:\/\/factorialhr.com.br\/wp-content\/uploads\/2024\/01\/31193050\/br-freebie-planilha-gestao-ferias-80x80.png 80w, https:\/\/factorialhr.com.br\/wp-content\/uploads\/2024\/01\/31193050\/br-freebie-planilha-gestao-ferias.png 400w\" sizes=\"(max-width: 300px) 100vw, 300px\" \/><\/p>\n<hr \/>\n<h2><span style=\"font-weight: 400;\">O que s\u00e3o f\u00e9rias fracionadas?<\/span><\/h2>\n<p><span style=\"font-weight: 400;\">As <\/span><b>f\u00e9rias fracionadas<\/b><span style=\"font-weight: 400;\"> s\u00e3o a possibilidade, prevista no <\/span><b>art. 134 da CLT<\/b><span style=\"font-weight: 400;\">, de dividir os 30 dias de descanso em at\u00e9 <\/span><b>tr\u00eas per\u00edodos<\/b><span style=\"font-weight: 400;\">. A l\u00f3gica \u00e9 simples e pr\u00e1tica: um desses per\u00edodos precisa ter <\/span><b>pelo menos 14 dias corridos<\/b><span style=\"font-weight: 400;\">, enquanto os outros podem ter <\/span><b>no m\u00ednimo 5 dias<\/b><span style=\"font-weight: 400;\"> cada. Mas o mais interessante \u00e9 como isso possibilita uma maior flexibilidade no dia a dia.<\/span><\/p>\n<p><span style=\"font-weight: 400;\">Sabe quando a empresa precisa manter a opera\u00e7\u00e3o rodando durante um pico de demanda, e ao mesmo tempo o colaborador quer ajustar as f\u00e9rias para organizar mudan\u00e7as, viagens curtas ou compromissos familiares? O fracionamento se torna a solu\u00e7\u00e3o que equilibra tudo, sem estresse para nenhum dos lados.<\/span><\/p>\n<p><span style=\"font-weight: 400;\">\u00c9, literalmente, o meio-termo que permite flexibilidade sem perder previsibilidade.<\/span><\/p>\n<hr \/>\n<h2><span style=\"font-weight: 400;\">F\u00e9rias fracionadas: o que mudou, na pr\u00e1tica, para o RH<\/span><\/h2>\n<p><span style=\"font-weight: 400;\">Se voc\u00ea j\u00e1 lidou com pedidos de f\u00e9rias fracionadas, sabe que a teoria \u00e9 simples, mas a pr\u00e1tica exige jogo de cintura. Dividir os 30 dias em at\u00e9 tr\u00eas per\u00edodos d\u00e1 uma flexibilidade incr\u00edvel para o colaborador, e, ao mesmo tempo, desafia o RH a manter tudo equilibrado entre opera\u00e7\u00e3o, sazonalidades e expectativas das equipes.<\/span><\/p>\n<p><span style=\"font-weight: 400;\">No dia a dia, isso traz algumas perguntas inevit\u00e1veis:<\/span><\/p>\n<ul>\n<li style=\"font-weight: 400;\" aria-level=\"1\"><span style=\"font-weight: 400;\">Como distribuir os per\u00edodos sem criar gargalos na opera\u00e7\u00e3o?<\/span><\/li>\n<li style=\"font-weight: 400;\" aria-level=\"1\"><span style=\"font-weight: 400;\">Quais setores t\u00eam picos que exigem uma divis\u00e3o mais estrat\u00e9gica?<\/span><\/li>\n<li style=\"font-weight: 400;\" aria-level=\"1\"><span style=\"font-weight: 400;\">Como garantir que cada etapa, de aprova\u00e7\u00e3o a pagamento, siga o fluxo correto, sem atropelos?<\/span><\/li>\n<\/ul>\n<p><span style=\"font-weight: 400;\">Do ponto de vista dos colaboradores, a percep\u00e7\u00e3o \u00e9 quase sempre positiva. Afinal, quem n\u00e3o gostaria de ajustar o descanso ao calend\u00e1rio familiar, a uma viagem espec\u00edfica ou at\u00e9 \u00e0quela pausa estrat\u00e9gica em meses mais tranquilos? Pequenos per\u00edodos podem render grandes descansos quando bem distribu\u00eddos.<\/span><\/p>\n<p><span style=\"font-weight: 400;\">Para o RH, o caminho pode ser um pouco mais complexo: <\/span><b>mais datas, mais registros, mais aprova\u00e7\u00f5es e mais pontos de aten\u00e7\u00e3o<\/b><span style=\"font-weight: 400;\">.\u00a0<\/span><\/p>\n<p><span style=\"font-weight: 400;\">Tr\u00eas per\u00edodos significam acompanhar:<\/span><\/p>\n<ul>\n<li style=\"font-weight: 400;\" aria-level=\"1\"><span style=\"font-weight: 400;\">tr\u00eas prazos de <\/span><a href=\"https:\/\/factorialhr.com.br\/blog\/aviso-recibo-ferias\/\"><span style=\"font-weight: 400;\">aviso de f\u00e9rias<\/span><\/a><\/li>\n<li style=\"font-weight: 400;\" aria-level=\"1\"><span style=\"font-weight: 400;\">tr\u00eas rodadas de pagamento<\/span><\/li>\n<li style=\"font-weight: 400;\" aria-level=\"1\"><span style=\"font-weight: 400;\">e tr\u00eas atualiza\u00e7\u00f5es de calend\u00e1rio.\u00a0<\/span><\/li>\n<\/ul>\n<p><span style=\"font-weight: 400;\">E, claro, garantir que gestores estejam alinhados para n\u00e3o travar a opera\u00e7\u00e3o.<\/span><\/p>\n<p><span style=\"font-weight: 400;\">\u00c9 exatamente aqui que ferramentas inteligentes entram como uma virada de chave. Imagine centralizar tudo &#8211; solicita\u00e7\u00f5es, aprova\u00e7\u00f5es, documentos, prazos e hist\u00f3rico &#8211; num \u00fanico fluxo.\u00a0<\/span><\/p>\n<p><span style=\"font-weight: 400;\">Em vez de planilhas dispersas e trocas infinitas de e-mail, voc\u00ea enxerga <\/span><b>o calend\u00e1rio inteiro em poucos cliques<\/b><span style=\"font-weight: 400;\">, recebe alertas antes dos prazos e ainda mant\u00e9m uma trilha de auditoria preparada para qualquer auditoria interna ou externa.<\/span><\/p>\n<p><b>Veja como isso funciona na pr\u00e1tica! Solicite uma demonstra\u00e7\u00e3o gr\u00e1tis.<\/b><\/p>\n<p><span style=\"font-weight: 400;\"> \n <!--HubSpot Call-to-Action Code -->\n    <span class=\"hs-cta-wrapper\" id=\"hs-cta-wrapper-21628071-1bfc-48bb-855d-e9341a8c755a\">\n        <span class=\"hs-cta-node hs-cta-21628071-1bfc-48bb-855d-e9341a8c755a\" id=\"21628071-1bfc-48bb-855d-e9341a8c755a\">\n            <a href=\"https:\/\/cta-redirect.hubspot.com\/cta\/redirect\/4960096\/21628071-1bfc-48bb-855d-e9341a8c755a\">\n                <img decoding=\"async\" class=\"lazyload hs-cta-img\" id=\"hs-cta-img-21628071-1bfc-48bb-855d-e9341a8c755a\" style=\"border-width:0px;\" src=\"https:\/\/no-cache.hubspot.com\/cta\/default\/4960096\/21628071-1bfc-48bb-855d-e9341a8c755a.png\"  alt=\"ferias ausencias rh\" width=\"900\" height=\"308\" \/>\n            <\/a>\n        <\/span>\n        <script type=\"text\/javascript\">\n            function loadCTA(){\n                window.hbspt.cta.load(4960096, '21628071-1bfc-48bb-855d-e9341a8c755a', {'region': 'eu1'})\n            }\n            if(window.hbspt){\n                loadCTA()\n            }else{\n                Defer.js(\n                    'https:\/\/js.hubspot.com\/cta\/current.js',\n                    'hubspotCTA', \n                    0, \n                    loadCTA\n                );\n            }\n        <\/script>\n    <\/span>\n<!-- end HubSpot Call-to-Action Code -->\n<\/span><\/p>\n<hr \/>\n<h2><span style=\"font-weight: 400;\">F\u00e9rias fracionadas em 3 per\u00edodos: como funciona<\/span><\/h2>\n<p><span style=\"font-weight: 400;\">Se voc\u00ea trabalha com RH ou DP h\u00e1 muitos anos, deve lembrar como o fracionamento de f\u00e9rias parecia quase uma raridade, cheio de restri\u00e7\u00f5es, exce\u00e7\u00f5es e aquele receio de \u201cser\u00e1 que pode mesmo?\u201d. Depois da <\/span><a href=\"https:\/\/factorialhr.com.br\/blog\/ferias-reforma-trabalhista\/\"><b>Reforma Trabalhista<\/b><\/a><span style=\"font-weight: 400;\">, o jogo virou. Desde 2017, a lei abriu espa\u00e7o para um modelo muito mais flex\u00edvel, e, sejamos honestos, muito mais conectado com o jeito que as empresas realmente funcionam.<\/span><\/p>\n<p><b>Mas vamos ao que interessa:<\/b><span style=\"font-weight: 400;\"> como, na pr\u00e1tica, funciona dividir os 30 dias de f\u00e9rias em at\u00e9 tr\u00eas per\u00edodos?<\/span><\/p>\n<p><span style=\"font-weight: 400;\">A resposta est\u00e1 no <\/span><b>art. 134 da CLT<\/b><span style=\"font-weight: 400;\">:<\/span><\/p>\n<ul>\n<li style=\"font-weight: 400;\" aria-level=\"1\"><b>At\u00e9 3 per\u00edodos<\/b><span style=\"font-weight: 400;\">, sempre em acordo entre empresa e colaborador.<\/span><\/li>\n<li style=\"font-weight: 400;\" aria-level=\"1\"><b>Um per\u00edodo precisa ter pelo menos 14 dias corridos.<\/b><\/li>\n<li style=\"font-weight: 400;\" aria-level=\"1\"><b>Os outros devem ter no m\u00ednimo 5 dias cada.<\/b><\/li>\n<li style=\"font-weight: 400;\" aria-level=\"1\"><span style=\"font-weight: 400;\">E tudo deve ser planejado e registrado com anteced\u00eancia, sem improvisos de \u00faltima hora.<\/span><\/li>\n<\/ul>\n<p><span style=\"font-weight: 400;\">Percebeu o esp\u00edrito da regra? Flexibilidade, sim. Fragmenta\u00e7\u00e3o descontrolada, n\u00e3o.<\/span><\/p>\n<p><b>Imagine a cena:<\/b><span style=\"font-weight: 400;\">\u00a0<\/span><\/p>\n<p><span style=\"font-weight: 400;\">Seu colaborador programa <\/span><b>14 dias em julho<\/b><span style=\"font-weight: 400;\">, quando a equipe est\u00e1 mais tranquila; depois tira <\/span><b>10 dias em dezembro<\/b><span style=\"font-weight: 400;\">, para aproveitar o fim de ano; e ainda guarda <\/span><b>6 dias<\/b><span style=\"font-weight: 400;\"> para um momento inesperado no meio do semestre.<\/span><\/p>\n<p><span style=\"font-weight: 400;\">Para o colaborador, isso \u00e9 autonomia. Para o RH, isso \u00e9\u2026<\/span><\/p>\n<ul>\n<li style=\"font-weight: 400;\" aria-level=\"1\"><span style=\"font-weight: 400;\">tr\u00eas janelas de planejamento,\u00a0<\/span><\/li>\n<li style=\"font-weight: 400;\" aria-level=\"1\"><span style=\"font-weight: 400;\">tr\u00eas aprova\u00e7\u00f5es,\u00a0<\/span><\/li>\n<li style=\"font-weight: 400;\" aria-level=\"1\"><span style=\"font-weight: 400;\">tr\u00eas datas de pagamento\u00a0<\/span><\/li>\n<li style=\"font-weight: 400;\" aria-level=\"1\"><span style=\"font-weight: 400;\">e tr\u00eas pontos de aten\u00e7\u00e3o no calend\u00e1rio.<\/span><\/li>\n<\/ul>\n<p><span style=\"font-weight: 400;\">E aqui surge a pergunta que todo gestor j\u00e1 se fez: como manter tudo isso organizado sem virar malabarista de planilhas?<\/span><\/p>\n<p><b>A resposta:<\/b><span style=\"font-weight: 400;\"> com processos bem estruturados, e, de prefer\u00eancia, automatizados.\u00a0<\/span><\/p>\n<p><span style=\"font-weight: 400;\">Algumas ferramentas deixam o fracionamento leve e previs\u00edvel:<\/span><\/p>\n<ul>\n<li style=\"font-weight: 400;\" aria-level=\"1\"><span style=\"font-weight: 400;\">aprova\u00e7\u00f5es centralizadas,\u00a0<\/span><\/li>\n<li style=\"font-weight: 400;\" aria-level=\"1\"><span style=\"font-weight: 400;\">calend\u00e1rio unificado,\u00a0<\/span><\/li>\n<li style=\"font-weight: 400;\" aria-level=\"1\"><span style=\"font-weight: 400;\">prazos automatizados\u00a0<\/span><\/li>\n<li style=\"font-weight: 400;\" aria-level=\"1\"><span style=\"font-weight: 400;\">e registros completos para auditoria.<\/span><\/li>\n<\/ul>\n<p><span style=\"font-weight: 400;\">Tudo flui melhor quando a tecnologia cuida do operacional e voc\u00ea pode focar no estrat\u00e9gico.<\/span><\/p>\n<p><span style=\"font-weight: 400;\">Se a sua empresa est\u00e1 lidando com mais solicita\u00e7\u00f5es de f\u00e9rias fracionadas, pode apostar: ter esse controle em um s\u00f3 lugar faz toda a diferen\u00e7a.<\/span><\/p>\n<p><span style=\"font-weight: 400;\"> \n <!--HubSpot Call-to-Action Code -->\n    <span class=\"hs-cta-wrapper\" id=\"hs-cta-wrapper-21628071-1bfc-48bb-855d-e9341a8c755a\">\n        <span class=\"hs-cta-node hs-cta-21628071-1bfc-48bb-855d-e9341a8c755a\" id=\"21628071-1bfc-48bb-855d-e9341a8c755a\">\n            <a href=\"https:\/\/cta-redirect.hubspot.com\/cta\/redirect\/4960096\/21628071-1bfc-48bb-855d-e9341a8c755a\">\n                <img decoding=\"async\" class=\"lazyload hs-cta-img\" id=\"hs-cta-img-21628071-1bfc-48bb-855d-e9341a8c755a\" style=\"border-width:0px;\" src=\"https:\/\/no-cache.hubspot.com\/cta\/default\/4960096\/21628071-1bfc-48bb-855d-e9341a8c755a.png\"  alt=\"ferias ausencias rh\" width=\"900\" height=\"308\" \/>\n            <\/a>\n        <\/span>\n        <script type=\"text\/javascript\">\n            function loadCTA(){\n                window.hbspt.cta.load(4960096, '21628071-1bfc-48bb-855d-e9341a8c755a', {'region': 'eu1'})\n            }\n            if(window.hbspt){\n                loadCTA()\n            }else{\n                Defer.js(\n                    'https:\/\/js.hubspot.com\/cta\/current.js',\n                    'hubspotCTA', \n                    0, \n                    loadCTA\n                );\n            }\n        <\/script>\n    <\/span>\n<!-- end HubSpot Call-to-Action Code -->\n<\/span><\/p>\n<hr \/>\n<h3><span style=\"font-weight: 400;\">Regras do fracionamento de f\u00e9rias (CLT): o que o RH realmente precisa ter no radar<\/span><\/h3>\n<p><span style=\"font-weight: 400;\">Quando o assunto \u00e9 f\u00e9rias fracionadas, a primeira pergunta que surge no RH \u00e9: <\/span><i><span style=\"font-weight: 400;\">\u201cOk, podemos dividir, mas at\u00e9 onde a legisla\u00e7\u00e3o permite ir sem correr riscos?\u201d\u00a0<\/span><\/i><\/p>\n<p><span style=\"font-weight: 400;\">A boa not\u00edcia \u00e9 que o <\/span><b>art. 134 da CLT<\/b><span style=\"font-weight: 400;\"> deixa esse caminho bem claro, e, quando voc\u00ea olha para as regras com calma, percebe que elas fazem sentido tanto para a opera\u00e7\u00e3o quanto para o bem-estar do time.<\/span><\/p>\n<p><span style=\"font-weight: 400;\">Vamos traduzir tudo de forma simples e aplic\u00e1vel ao dia a dia?<\/span><\/p>\n<p><b>1\ufe0f\u20e3 As f\u00e9rias podem ser divididas em at\u00e9 3 per\u00edodos<\/b><b><br \/>\n<\/b><span style=\"font-weight: 400;\">Nada de fatiar em cinco \u201cmini pausas\u201d ao longo do ano, por mais tentador que pare\u00e7a no planejamento. A lei \u00e9 objetiva: <\/span><i><span style=\"font-weight: 400;\">\u201cas f\u00e9rias poder\u00e3o ser usufru\u00eddas em at\u00e9 tr\u00eas per\u00edodos\u201d<\/span><\/i><span style=\"font-weight: 400;\"> (art. 134, \u00a71\u00ba). Ou seja, h\u00e1 flexibilidade, mas com limites que ajudam a manter a casa organizada.<\/span><\/p>\n<p><b>2\ufe0f\u20e3 Um dos per\u00edodos deve ter pelo menos 14 dias corridos<\/b><b><br \/>\n<\/b><span style=\"font-weight: 400;\">Pense nisso como o <\/span><i><span style=\"font-weight: 400;\">per\u00edodo principal<\/span><\/i><span style=\"font-weight: 400;\">, aquele que realmente permite que o colaborador desconecte. O famoso \u201cah, agora sim estou descansando\u201d. Sem esses 14 dias, a chance de o descanso virar s\u00f3 uma pausa corrida \u00e9 enorme.<\/span><\/p>\n<p><b>3\ufe0f\u20e3 Os outros per\u00edodos n\u00e3o podem ter menos de 5 dias cada<\/b><b><br \/>\n<\/b><span style=\"font-weight: 400;\">Aqui entra o equil\u00edbrio entre flexibilidade e bom senso. Per\u00edodos micro n\u00e3o ajudam ningu\u00e9m: o colaborador n\u00e3o descansa e o RH vira ref\u00e9m de um calend\u00e1rio imposs\u00edvel. A CLT refor\u00e7a isso ao exigir no m\u00ednimo 5 dias consecutivos nos demais blocos.<\/span><\/p>\n<p><b>4\ufe0f\u20e3 Precisa haver concord\u00e2ncia do colaborador<\/b><b><br \/>\n<\/b><span style=\"font-weight: 400;\">Essa \u00e9 a regra que mais pega gestores de surpresa: o fracionamento <\/span><b>n\u00e3o<\/b><span style=\"font-weight: 400;\"> pode ser imposto. O \u00a71\u00ba do art. 134 deixa claro que o acordo deve ser m\u00fatuo, nada de avisar \u201cj\u00e1 programei suas f\u00e9rias em tr\u00eas partes\u201d como se fosse uma atualiza\u00e7\u00e3o do sistema.<\/span><\/p>\n<p><span style=\"font-weight: 400;\">No fim, essas quatro diretrizes funcionam como o roteiro oficial para qualquer negocia\u00e7\u00e3o de f\u00e9rias fracionadas. Quando o RH consegue transformar tudo isso em um processo padronizado, com datas claras, aprova\u00e7\u00f5es registradas e comunica\u00e7\u00e3o alinhada,\u00a0 o fracionamento deixa de ser um quebra-cabe\u00e7a e vira uma solu\u00e7\u00e3o.<\/span><\/p>\n<p><span style=\"font-weight: 400;\">E, claro, se voc\u00ea quer fugir de planilhas paralelas, mensagens desencontradas e aquele antigo \u201cquem j\u00e1 aprovou o qu\u00ea?\u201d, a <\/span><b>Factorial<\/b><span style=\"font-weight: 400;\"> te entrega exatamente o que o RH precisa:<\/span><\/p>\n<ul>\n<li style=\"font-weight: 400;\" aria-level=\"1\"><span style=\"font-weight: 400;\">calend\u00e1rio visual<\/span><\/li>\n<li style=\"font-weight: 400;\" aria-level=\"1\"><span style=\"font-weight: 400;\">fluxos de aprova\u00e7\u00e3o<\/span><\/li>\n<li style=\"font-weight: 400;\" aria-level=\"1\"><span style=\"font-weight: 400;\">alertas autom\u00e1ticos<\/span><\/li>\n<li style=\"font-weight: 400;\" aria-level=\"1\"><span style=\"font-weight: 400;\">e hist\u00f3rico completo de cada per\u00edodo de f\u00e9rias.\u00a0<\/span><\/li>\n<\/ul>\n<p><span style=\"font-weight: 400;\">Tudo no mesmo lugar, tudo funcionando sem esfor\u00e7o.<\/span><\/p>\n<p><b>CTA: <\/b><b>\u27a1\ufe0f <\/b><b>Conhe\u00e7a a calculadora de F\u00e9rias da Factorial:<\/b><span style=\"font-weight: 400;\"><br \/>\n \n <!--HubSpot Call-to-Action Code -->\n    <span class=\"hs-cta-wrapper\" id=\"hs-cta-wrapper-a049fb2a-a40f-435f-a6f3-223a0f1a29a8\">\n        <span class=\"hs-cta-node hs-cta-a049fb2a-a40f-435f-a6f3-223a0f1a29a8\" id=\"a049fb2a-a40f-435f-a6f3-223a0f1a29a8\">\n            <a href=\"https:\/\/cta-redirect.hubspot.com\/cta\/redirect\/4960096\/a049fb2a-a40f-435f-a6f3-223a0f1a29a8\">\n                <img decoding=\"async\" class=\"lazyload hs-cta-img\" id=\"hs-cta-img-a049fb2a-a40f-435f-a6f3-223a0f1a29a8\" style=\"border-width:0px;\" src=\"https:\/\/no-cache.hubspot.com\/cta\/default\/4960096\/a049fb2a-a40f-435f-a6f3-223a0f1a29a8.png\"  alt=\"calculadora f\u00e9rias\" width=\"400\" height=\"400\" \/>\n            <\/a>\n        <\/span>\n        <script type=\"text\/javascript\">\n            function loadCTA(){\n                window.hbspt.cta.load(4960096, 'a049fb2a-a40f-435f-a6f3-223a0f1a29a8', {'region': 'eu1'})\n            }\n            if(window.hbspt){\n                loadCTA()\n            }else{\n                Defer.js(\n                    'https:\/\/js.hubspot.com\/cta\/current.js',\n                    'hubspotCTA', \n                    0, \n                    loadCTA\n                );\n            }\n        <\/script>\n    <\/span>\n<!-- end HubSpot Call-to-Action Code -->\n<\/span><\/p>\n<hr \/>\n<h2><span style=\"font-weight: 400;\">Quem decide sobre o fracionamento, e como formalizar corretamente<\/span><\/h2>\n<p><span style=\"font-weight: 400;\">Essa \u00e9 uma quest\u00e3o muito importante: <\/span><b>a empresa pode sugerir<\/b><span style=\"font-weight: 400;\">, mas <\/span><b>o colaborador precisa concordar<\/b><span style=\"font-weight: 400;\">. Sem esse acordo m\u00fatuo, o fracionamento simplesmente n\u00e3o acontece, e isso n\u00e3o \u00e9 detalhe, \u00e9 regra da CLT.<\/span><\/p>\n<p><span style=\"font-weight: 400;\">Mas saber <\/span><i><span style=\"font-weight: 400;\">quem decide<\/span><\/i><span style=\"font-weight: 400;\"> \u00e9 s\u00f3 metade do caminho. O desafio real \u00e9 transformar essa decis\u00e3o em um processo claro, rastre\u00e1vel e sem pontos soltos. Afinal, quantas vezes voc\u00ea j\u00e1 precisou revisitar e-mails antigos ou ca\u00e7ar anexos perdidos para confirmar um acordo?<\/span><\/p>\n<p><span style=\"font-weight: 400;\">Para evitar esse cen\u00e1rio, aqui vai um <\/span><b>checklist pr\u00e1tico de f\u00e9rias fracionadas<\/b><span style=\"font-weight: 400;\">:<\/span><\/p>\n<h4><b>1\ufe0f\u20e3 Formalize o acordo por escrito<\/b><\/h4>\n<p><span style=\"font-weight: 400;\">Nada de \u201cficou combinado verbalmente\u201d. Para o fracionamento funcionar sem dor de cabe\u00e7a, registre a concord\u00e2ncia por meio de:<\/span><\/p>\n<ul>\n<li style=\"font-weight: 400;\" aria-level=\"1\"><span style=\"font-weight: 400;\">termo de concord\u00e2ncia,<\/span><\/li>\n<li style=\"font-weight: 400;\" aria-level=\"1\"><span style=\"font-weight: 400;\">solicita\u00e7\u00e3o formal pelo sistema,<\/span><\/li>\n<li style=\"font-weight: 400;\" aria-level=\"1\"><span style=\"font-weight: 400;\">ou fluxo de aprova\u00e7\u00e3o documentado.<\/span><\/li>\n<\/ul>\n<p><span style=\"font-weight: 400;\">Pense nisso como um seguro operacional: protege ambas as partes, evita retrabalho e cria um hist\u00f3rico confi\u00e1vel, especialmente quando os per\u00edodos s\u00e3o negociados ao longo do ano.<\/span><\/p>\n<h4><b>2\ufe0f\u20e3 Atualize a ficha do empregado e a CTPS (f\u00edsica ou digital)<\/b><\/h4>\n<p><span style=\"font-weight: 400;\">O RH precisa registrar cada per\u00edodo oficialmente: datas, quantidade de dias e valores pagos. Esses registros s\u00e3o essenciais para auditorias, fiscaliza\u00e7\u00f5es e at\u00e9 para alinhamentos futuros com gestores. \u00c9 o tipo de detalhe que, quando falta, vira problema; quando est\u00e1 organizado, evita ru\u00eddos.<\/span><\/p>\n<h4><b>3\ufe0f\u20e3 Verifique obriga\u00e7\u00f5es da conven\u00e7\u00e3o coletiva<\/b><\/h4>\n<p><span style=\"font-weight: 400;\">Algumas CCTs exigem comunica\u00e7\u00e3o ao sindicato ou regras adicionais sobre fracionamento. Por isso, vale sempre fazer uma checagem r\u00e1pida antes de confirmar as datas, especialmente em setores com regras mais r\u00edgidas, como sa\u00fade, ind\u00fastria ou transporte. Uma simples revis\u00e3o evita retrabalho e garante que tudo esteja 100% alinhado.<\/span><\/p>\n<p><span style=\"font-weight: 400;\">Conhe\u00e7a a <\/span><b>planilha de Gest\u00e3o de f\u00e9rias da Factorial!<\/b><\/p>\n<p><span style=\"font-weight: 400;\"> \n <!--HubSpot Call-to-Action Code -->\n    <span class=\"hs-cta-wrapper\" id=\"hs-cta-wrapper-cbb32337-741b-49f7-9f40-00e151fb274a\">\n        <span class=\"hs-cta-node hs-cta-cbb32337-741b-49f7-9f40-00e151fb274a\" id=\"cbb32337-741b-49f7-9f40-00e151fb274a\">\n            <a href=\"https:\/\/cta-redirect.hubspot.com\/cta\/redirect\/4960096\/cbb32337-741b-49f7-9f40-00e151fb274a\">\n                <img decoding=\"async\" class=\"lazyload hs-cta-img\" id=\"hs-cta-img-cbb32337-741b-49f7-9f40-00e151fb274a\" style=\"border-width:0px;\" src=\"https:\/\/no-cache.hubspot.com\/cta\/default\/4960096\/cbb32337-741b-49f7-9f40-00e151fb274a.png\"  alt=\"planilha gestao de ferias\" width=\"400\" height=\"400\" \/>\n            <\/a>\n        <\/span>\n        <script type=\"text\/javascript\">\n            function loadCTA(){\n                window.hbspt.cta.load(4960096, 'cbb32337-741b-49f7-9f40-00e151fb274a', {'region': 'eu1'})\n            }\n            if(window.hbspt){\n                loadCTA()\n            }else{\n                Defer.js(\n                    'https:\/\/js.hubspot.com\/cta\/current.js',\n                    'hubspotCTA', \n                    0, \n                    loadCTA\n                );\n            }\n        <\/script>\n    <\/span>\n<!-- end HubSpot Call-to-Action Code -->\n<\/span><\/p>\n<hr \/>\n<h2><span style=\"font-weight: 400;\">Abono pecuni\u00e1rio (venda de f\u00e9rias) e impacto no fracionamento<\/span><\/h2>\n<p><span style=\"font-weight: 400;\">Quando o assunto \u00e9 f\u00e9rias, sempre aparece aquela pergunta cl\u00e1ssica na mesa do RH: <\/span><i><span style=\"font-weight: 400;\">\u201cE o colaborador pode vender parte das f\u00e9rias mesmo quando elas s\u00e3o fracionadas?\u201d<\/span><\/i><\/p>\n<p><span style=\"font-weight: 400;\">Pode, sim, e quem d\u00e1 essa permiss\u00e3o \u00e9 o <\/span><b>art. 143 da CLT<\/b><span style=\"font-weight: 400;\">, que permite converter at\u00e9 <\/span><b>1\/3 dos dias de f\u00e9rias em abono pecuni\u00e1rio<\/b><span style=\"font-weight: 400;\">. Mas, na pr\u00e1tica, isso muda o jogo do fracionamento e exige aten\u00e7\u00e3o redobrada.<\/span><\/p>\n<p><span style=\"font-weight: 400;\">J\u00e1 come\u00e7amos com a regra mais importante: <\/span><b>o pedido de abono precisa ser feito at\u00e9 15 dias antes do fim do per\u00edodo aquisitivo.<\/b><\/p>\n<p><span style=\"font-weight: 400;\">N\u00e3o \u00e9 algo que d\u00e1 para decidir na \u00faltima hora, nem aquele \u201cpede para o DP que a gente v\u00ea\u201d. Se o prazo passar, o empregador n\u00e3o \u00e9 obrigado a aceitar, e isso evita bastante desgaste quando o RH j\u00e1 est\u00e1 com o planejamento de f\u00e9rias rodando.<\/span><\/p>\n<p><span style=\"font-weight: 400;\">Agora, vamos ao ponto que realmente bagun\u00e7a (ou organiza!) o quebra-cabe\u00e7a: como o abono impacta o fracionamento?<\/span><\/p>\n<p><b>Pense no caso mais comum:<\/b><\/p>\n<ul>\n<li style=\"font-weight: 400;\" aria-level=\"1\"><span style=\"font-weight: 400;\">O colaborador tem <\/span><b>30 dias<\/b><span style=\"font-weight: 400;\">.<\/span><\/li>\n<li style=\"font-weight: 400;\" aria-level=\"1\"><span style=\"font-weight: 400;\">Decide vender <\/span><b>10<\/b><span style=\"font-weight: 400;\">.<\/span><\/li>\n<li style=\"font-weight: 400;\" aria-level=\"1\"><span style=\"font-weight: 400;\">Ele passa a ter <\/span><b>20 dias de descanso<\/b><span style=\"font-weight: 400;\">.<\/span><\/li>\n<\/ul>\n<p><span style=\"font-weight: 400;\">Simples? Sim. Mas aqui est\u00e1 o detalhe: <\/span><b>s\u00f3 os dias de descanso podem ser fracionados<\/b><span style=\"font-weight: 400;\">. O abono fica fora dessa equa\u00e7\u00e3o.<\/span><\/p>\n<p><span style=\"font-weight: 400;\">Vamos olhar isso de forma bem visual:<\/span><\/p>\n<h3><span style=\"font-weight: 400;\">Exemplo 1: f\u00e9rias com abono (10 dias vendidos)<\/span><\/h3>\n<p><span style=\"font-weight: 400;\">F\u00e9rias totais: <\/span><b>30 dias<\/b><span style=\"font-weight: 400;\"><br \/>\n<\/span><span style=\"font-weight: 400;\">Abono (venda): <\/span><b>10 dias<\/b><span style=\"font-weight: 400;\"><br \/>\n<\/span><span style=\"font-weight: 400;\">Dias dispon\u00edveis para descanso: <\/span><b>20 dias<\/b><\/p>\n<p><span style=\"font-weight: 400;\">Possibilidades de fracionamento:<\/span><\/p>\n<p><span style=\"font-weight: 400;\">\u2714\ufe0f 14 + 6 dias<\/span><\/p>\n<p><span style=\"font-weight: 400;\">&#8211; Um per\u00edodo com 14 dias \u2705<\/span><\/p>\n<p><span style=\"font-weight: 400;\">&#8211; Outro per\u00edodo com 6 dias (\u2265 5 dias) \u2705<\/span><\/p>\n<p><span style=\"font-weight: 400;\">\u27a1\ufe0f Permitido por lei. Correto.<\/span><\/p>\n<p>&nbsp;<\/p>\n<p><span style=\"font-weight: 400;\">\u2714\ufe0f 15 + 5 dias<\/span><\/p>\n<p><span style=\"font-weight: 400;\">&#8211; Um per\u00edodo com 15 dias (\u2265 14 dias) \u2705<\/span><\/p>\n<p><span style=\"font-weight: 400;\">&#8211; Outro per\u00edodo com 5 dias (\u2265 5 dias) \u2705<\/span><\/p>\n<p><span style=\"font-weight: 400;\">\u27a1\ufe0f Permitido por lei. Correto.<\/span><\/p>\n<p>&nbsp;<\/p>\n<p><span style=\"font-weight: 400;\">\u274c 10 + 5 + 5 dias<\/span><\/p>\n<p><span style=\"font-weight: 400;\">&#8211; Um per\u00edodo com 10 dias \u2705<\/span><\/p>\n<p><span style=\"font-weight: 400;\">&#8211; Um per\u00edodo com 5 dias \u2705<\/span><\/p>\n<p><span style=\"font-weight: 400;\">&#8211; Um per\u00edodo com 5 dias \u2705<\/span><\/p>\n<p><span style=\"font-weight: 400;\">&#8211; Nenhum per\u00edodo com mais de 14 dias \u274c<\/span><\/p>\n<p><span style=\"font-weight: 400;\">\u27a1\ufe0f N\u00c3O \u00e9 permitido por lei, pois nenhum per\u00edodo pode ter menos de 5 dias corridos.<\/span><\/p>\n<p>&nbsp;<\/p>\n<p><span style=\"font-weight: 400;\">\u274c 14 + 5 + 1 dia<\/span><\/p>\n<p><span style=\"font-weight: 400;\">&#8211; Um per\u00edodo com 14 dias \u2705<\/span><\/p>\n<p><span style=\"font-weight: 400;\">&#8211; Um per\u00edodo com 5 dias \u2705<\/span><\/p>\n<p><span style=\"font-weight: 400;\">&#8211; Um per\u00edodo com 1 dia \u274c<\/span><\/p>\n<p><span style=\"font-weight: 400;\">\u27a1\ufe0f N\u00c3O \u00e9 permitido por lei, pois nenhum per\u00edodo pode ter menos de 5 dias corridos.<\/span><\/p>\n<h3><span style=\"font-weight: 400;\">Exemplo 3: pedido fora do prazo<\/span><\/h3>\n<p><span style=\"font-weight: 400;\">O colaborador tenta solicitar abono depois do per\u00edodo limite.<\/span><span style=\"font-weight: 400;\"><br \/>\n<\/span><span style=\"font-weight: 400;\">Resultado: a empresa <\/span><b>n\u00e3o \u00e9 obrigada a aceitar<\/b><span style=\"font-weight: 400;\">. <\/span><span style=\"font-weight: 400;\">\u274c<\/span><span style=\"font-weight: 400;\"><br \/>\n<\/span><span style=\"font-weight: 400;\">E isso pode afetar todo o alinhamento j\u00e1 feito com o gestor. Mais um motivo para formalizar e registrar tudo certinho.<\/span><\/p>\n<p><span style=\"font-weight: 400;\">Percebe como um pedido aparentemente simples pode mudar completamente a log\u00edstica das f\u00e9rias? Quando o RH tem processos claros, tudo flui melhor: o gestor consegue se organizar, o colaborador entende suas possibilidades e a empresa evita surpresas no meio do caminho.<\/span><\/p>\n<p><span style=\"font-weight: 400;\">E para deixar esse fluxo ainda mais redondo, a <\/span><b>Factorial facilita tudo<\/b><span style=\"font-weight: 400;\">:<\/span><\/p>\n<ul>\n<li style=\"font-weight: 400;\" aria-level=\"1\"><span style=\"font-weight: 400;\">pedidos de abono totalmente digitalizados<\/span><\/li>\n<li style=\"font-weight: 400;\" aria-level=\"1\"><span style=\"font-weight: 400;\">aprova\u00e7\u00f5es com trilha de auditoria<\/span><\/li>\n<li style=\"font-weight: 400;\" aria-level=\"1\"><span style=\"font-weight: 400;\">c\u00e1lculo autom\u00e1tico dos dias dispon\u00edveis para fracionamento<\/span><\/li>\n<li style=\"font-weight: 400;\" aria-level=\"1\"><span style=\"font-weight: 400;\">e organiza\u00e7\u00e3o centralizada, sem planilhas paralelas.<\/span><\/li>\n<\/ul>\n<p><span style=\"font-weight: 400;\">Tudo para que o RH ganhe tempo, e tranquilidade, na hora de fechar o calend\u00e1rio de f\u00e9rias.<\/span><\/p>\n<p><a href=\"https:\/\/factorialhr.com.br\/solicitar-demonstracao\" target=\"_blank\" rel=\"noopener\"><img decoding=\"async\" class=\"alignnone size-medium wp-image-127168\" src=\"https:\/\/factorialhr.com.br\/wp-content\/uploads\/2024\/02\/13170953\/cta-solicitar-demo-br-300x68.png\" alt=\"Bot\u00e3o com o texto solicitar demonstra\u00e7\u00e3o gr\u00e1tis em fundo rosa, chamando a aten\u00e7\u00e3o para uma oferta de teste gratuito.\" width=\"300\" height=\"68\" srcset=\"https:\/\/factorialhr.com.br\/wp-content\/uploads\/2024\/02\/13170953\/cta-solicitar-demo-br-300x68.png 300w, https:\/\/factorialhr.com.br\/wp-content\/uploads\/2024\/02\/13170953\/cta-solicitar-demo-br.png 661w\" sizes=\"(max-width: 300px) 100vw, 300px\" \/><\/a><\/p>\n<hr \/>\n<h2><span style=\"font-weight: 400;\">Pagamento e prazos no fracionamento de f\u00e9rias: como evitar dores de cabe\u00e7a<\/span><\/h2>\n<p><span style=\"font-weight: 400;\">Quando o assunto \u00e9 <\/span><b>f\u00e9rias fracionadas<\/b><span style=\"font-weight: 400;\">, um detalhe costuma acender a luz vermelha no RH: <\/span><b>o pagamento<\/b><span style=\"font-weight: 400;\">. E n\u00e3o \u00e9 para menos, de nada adianta ter datas alinhadas, acordo assinado e gestor tranquilo se os prazos legais forem atropelados no meio do caminho. E aqui a <\/span><b>CLT n\u00e3o deixa espa\u00e7o para improviso<\/b><span style=\"font-weight: 400;\">.<\/span><\/p>\n<p><span style=\"font-weight: 400;\">O <\/span><b>art. 145 da CLT<\/b><span style=\"font-weight: 400;\"> \u00e9 direto:<\/span><\/p>\n<p><span style=\"font-weight: 400;\">O pagamento das f\u00e9rias + 1\/3 constitucional deve ser feito at\u00e9 2 dias antes do in\u00edcio <\/span><b>de cada per\u00edodo de descanso<\/b><span style=\"font-weight: 400;\">.<\/span><\/p>\n<p><span style=\"font-weight: 400;\">N\u00e3o \u00e9 quando come\u00e7a o \u201cconjunto\u201d das f\u00e9rias. N\u00e3o \u00e9 uma \u00fanica vez para todo o fracionamento. <\/span><b>\u00c9 a cada in\u00edcio de per\u00edodo.<\/b><\/p>\n<p><span style=\"font-weight: 400;\">E isso gera a pergunta cl\u00e1ssica do dia a dia do DP:<\/span><span style=\"font-weight: 400;\"><br \/>\n<\/span><span style=\"font-weight: 400;\">\u201cSe o colaborador tira 14 dias agora e mais 6 daqui a tr\u00eas meses, pago tudo antes do primeiro per\u00edodo?\u201d<\/span><\/p>\n<p><span style=\"font-weight: 400;\">\u27a1\ufe0f N\u00e3o. Voc\u00ea paga antes de cada in\u00edcio.<\/span><span style=\"font-weight: 400;\"><br \/>\n<\/span><span style=\"font-weight: 400;\">Na teoria \u00e9 simples. Na opera\u00e7\u00e3o, s\u00f3 quem j\u00e1 teve que conciliar datas, folha e aprova\u00e7\u00f5es sabe como isso pode virar um jogo de xadrez.<\/span><\/p>\n<p><a href=\"https:\/\/factorialhr.com.br\/solicitar-demonstracao\" target=\"_blank\" rel=\"noopener\"><img decoding=\"async\" class=\"alignnone size-medium wp-image-127168\" src=\"https:\/\/factorialhr.com.br\/wp-content\/uploads\/2024\/02\/13170953\/cta-solicitar-demo-br-300x68.png\" alt=\"Bot\u00e3o com o texto solicitar demonstra\u00e7\u00e3o gr\u00e1tis em fundo rosa, chamando a aten\u00e7\u00e3o para uma oferta de teste gratuito.\" width=\"300\" height=\"68\" srcset=\"https:\/\/factorialhr.com.br\/wp-content\/uploads\/2024\/02\/13170953\/cta-solicitar-demo-br-300x68.png 300w, https:\/\/factorialhr.com.br\/wp-content\/uploads\/2024\/02\/13170953\/cta-solicitar-demo-br.png 661w\" sizes=\"(max-width: 300px) 100vw, 300px\" \/><\/a><\/p>\n<hr \/>\n<h3><span style=\"font-weight: 400;\">O que diz a jurisprud\u00eancia e por que o RH precisa ficar muito atento<\/span><\/h3>\n<p><span style=\"font-weight: 400;\">O <\/span><b>TST<\/b><span style=\"font-weight: 400;\"> e o <\/span><b>STF<\/b><span style=\"font-weight: 400;\"> v\u00eam consolidando uma linha clara:<\/span><span style=\"font-weight: 400;\"><br \/>\n<\/span><span style=\"font-weight: 400;\">Pagou fora do prazo, mesmo que por um ou dois dias?<\/span><span style=\"font-weight: 400;\"><br \/>\n<\/span><span style=\"font-weight: 400;\">Mesmo que as f\u00e9rias tenham sido concedidas corretamente?<\/span><\/p>\n<p><span style=\"font-weight: 400;\">\u27a1\ufe0f <\/span><b>O per\u00edodo inteiro pode ter que ser pago em dobro.<\/b><\/p>\n<p><b>E mais:<\/b><span style=\"font-weight: 400;\"> o ter\u00e7o constitucional \u00e9 pago apenas uma vez, o dobro incide sobre a remunera\u00e7\u00e3o das f\u00e9rias.<\/span><\/p>\n<p><span style=\"font-weight: 400;\">\u00c9 f\u00e1cil perceber por que isso preocupa gestores e times de DP. Um atraso pontual, uma diverg\u00eancia entre o calend\u00e1rio do RH e o da \u00e1rea, ou at\u00e9 aquela aprova\u00e7\u00e3o que ficou \u201cparada na caixa de entrada\u201d, <\/span><b>pode virar um passivo real e imediato<\/b><span style=\"font-weight: 400;\">.<\/span><\/p>\n<p><span style=\"font-weight: 400;\">E no fracionamento, h\u00e1 um agravante: <\/span><b>mais per\u00edodos = mais prazos = mais chances de erro.<\/b><\/p>\n<hr \/>\n<h2><span style=\"font-weight: 400;\">Como blindar o processo de pagamento das f\u00e9rias (e dormir tranquilo)<\/span><\/h2>\n<p><span style=\"font-weight: 400;\">Para evitar riscos, o RH pode adotar uma rotina mais estruturada, sem depender de mem\u00f3ria, lembretes soltos ou planilhas que s\u00f3 uma pessoa sabe mexer. Por exemplo:<\/span><\/p>\n<ul>\n<li style=\"font-weight: 400;\" aria-level=\"1\"><b>Confirmar datas<\/b><span style=\"font-weight: 400;\"> em um calend\u00e1rio integrado entre RH e gestores.<\/span><\/li>\n<li style=\"font-weight: 400;\" aria-level=\"1\"><b>Sincronizar o fechamento de f\u00e9rias com a folha<\/b><span style=\"font-weight: 400;\">, evitando correrias na \u00faltima hora.<\/span><\/li>\n<li style=\"font-weight: 400;\" aria-level=\"1\"><b>Padronizar registros<\/b><span style=\"font-weight: 400;\"> dos per\u00edodos e pagamentos.<\/span><\/li>\n<li style=\"font-weight: 400;\" aria-level=\"1\"><b>Centralizar aprova\u00e7\u00f5es<\/b><span style=\"font-weight: 400;\">, garantindo rastreabilidade e evitando ajustes tardios.<\/span><\/li>\n<\/ul>\n<p><span style=\"font-weight: 400;\">Porque, convenhamos: com tantas regras e datas diferentes, confiar apenas no \u201ccontrole manual\u201d \u00e9 pedir para algum prazo escapar.<\/span><\/p>\n<h3><span style=\"font-weight: 400;\">Como a Factorial facilita tudo isso<\/span><\/h3>\n<p><span style=\"font-weight: 400;\">Se a ideia \u00e9 garantir que nenhum pagamento saia fora do prazo,\u00a0 e que o fracionamento n\u00e3o vire uma opera\u00e7\u00e3o de guerra, a Factorial entra como um aliado do RH, oferecendo:<\/span><\/p>\n<ul>\n<li style=\"font-weight: 400;\" aria-level=\"1\"><b>Alertas autom\u00e1ticos<\/b><span style=\"font-weight: 400;\"> antes de cada per\u00edodo de f\u00e9rias.<\/span><\/li>\n<li style=\"font-weight: 400;\" aria-level=\"1\"><b>Integra\u00e7\u00e3o do calend\u00e1rio com a folha<\/b><span style=\"font-weight: 400;\">, sem necessidade de cruzar dados manualmente.<\/span><\/li>\n<li style=\"font-weight: 400;\" aria-level=\"1\"><b>Fluxos de aprova\u00e7\u00e3o com trilha de auditoria<\/b><span style=\"font-weight: 400;\">, para evitar perda de prazos.<\/span><\/li>\n<li style=\"font-weight: 400;\" aria-level=\"1\"><b>Pain\u00e9is de acompanhamento<\/b><span style=\"font-weight: 400;\">, que mostram exatamente o que vence e quando.<\/span><\/li>\n<\/ul>\n<p><span style=\"font-weight: 400;\">\u00c9 a combina\u00e7\u00e3o ideal para manter previsibilidade, reduzir riscos e deixar o RH livre para focar no que realmente importa, sem malabarismos jur\u00eddicos e sem planilhas paralelas.<\/span><\/p>\n<p><a href=\"https:\/\/factorialhr.com.br\/solicitar-demonstracao\" target=\"_blank\" rel=\"noopener\"><img decoding=\"async\" class=\"alignnone size-medium wp-image-127168\" src=\"https:\/\/factorialhr.com.br\/wp-content\/uploads\/2024\/02\/13170953\/cta-solicitar-demo-br-300x68.png\" alt=\"Bot\u00e3o com o texto solicitar demonstra\u00e7\u00e3o gr\u00e1tis em fundo rosa, chamando a aten\u00e7\u00e3o para uma oferta de teste gratuito.\" width=\"300\" height=\"68\" srcset=\"https:\/\/factorialhr.com.br\/wp-content\/uploads\/2024\/02\/13170953\/cta-solicitar-demo-br-300x68.png 300w, https:\/\/factorialhr.com.br\/wp-content\/uploads\/2024\/02\/13170953\/cta-solicitar-demo-br.png 661w\" sizes=\"(max-width: 300px) 100vw, 300px\" \/><\/a><\/p>\n<hr \/>\n<h2><span style=\"font-weight: 400;\">F\u00e9rias coletivas x f\u00e9rias individuais: diferen\u00e7as e prazos<\/span><\/h2>\n<p><span style=\"font-weight: 400;\">Se voc\u00ea j\u00e1 participou de um planejamento anual de f\u00e9rias, provavelmente ouviu a pergunta:<\/span><span style=\"font-weight: 400;\"><br \/>\n<\/span> <b>\u201cF\u00e9rias coletivas funcionam igual \u00e0s individuais? \u00c9 s\u00f3 replicar o processo?\u201d<\/b><\/p>\n<p><b>N\u00e3o mesmo.<\/b><\/p>\n<p><span style=\"font-weight: 400;\">Apesar de ambas garantirem o descanso do colaborador, os bastidores s\u00e3o bem diferentes. Prazos, obriga\u00e7\u00f5es legais, comunica\u00e7\u00f5es\u2026 tudo muda. E entender essas diferen\u00e7as \u00e9 o que separa um RH tranquilo de um RH correndo atr\u00e1s de pend\u00eancias em dezembro.<\/span><\/p>\n<h3><b>F\u00e9rias individuais: gest\u00e3o personalizada, colaborador a colaborador<\/b><\/h3>\n<p><span style=\"font-weight: 400;\">Nas f\u00e9rias individuais (e tamb\u00e9m no fracionamento), o RH trabalha de forma quase artesanal \u2014 <\/span><b>um caso por vez<\/b><span style=\"font-weight: 400;\">, acompanhando necessidades, alinhando expectativas e fazendo o quebra-cabe\u00e7a encaixar na opera\u00e7\u00e3o.<\/span><\/p>\n<p><span style=\"font-weight: 400;\">\u00c9 aqui que entram pontos como:<\/span><\/p>\n<ul>\n<li style=\"font-weight: 400;\" aria-level=\"1\"><span style=\"font-weight: 400;\">acordos individuais;<\/span><\/li>\n<li style=\"font-weight: 400;\" aria-level=\"1\"><span style=\"font-weight: 400;\">divis\u00e3o das f\u00e9rias em at\u00e9 <\/span><b>3 per\u00edodos<\/b><span style=\"font-weight: 400;\">;<\/span><\/li>\n<li style=\"font-weight: 400;\" aria-level=\"1\"><span style=\"font-weight: 400;\">pagamento antecipado \u2014 sempre <\/span><b>at\u00e9 2 dias antes do in\u00edcio<\/b><span style=\"font-weight: 400;\">;<\/span><\/li>\n<li style=\"font-weight: 400;\" aria-level=\"1\"><span style=\"font-weight: 400;\">registros formais na ficha e na CTPS;<\/span><\/li>\n<li style=\"font-weight: 400;\" aria-level=\"1\"><span style=\"font-weight: 400;\">alinhamento entre gestor e colaborador para evitar conflitos de agenda.<\/span><\/li>\n<\/ul>\n<p><span style=\"font-weight: 400;\">Em outras palavras: <\/span><b>uma boa dose de flexibilidade<\/b><span style=\"font-weight: 400;\">, desde que tudo esteja documentado e dentro do que a CLT autoriza.<\/span><\/p>\n<p><span style=\"font-weight: 400;\">Sabe quando o colaborador pede para parcelar as f\u00e9rias porque est\u00e1 planejando uma viagem mais longa no meio do ano? Ou quando o gestor precisa reorganizar o time para manter a opera\u00e7\u00e3o? Esse \u00e9 o terreno das f\u00e9rias individuais.<\/span><\/p>\n<p><b>\u00a0<\/b><b>\u27a1\ufe0f <\/b><b>Conhe\u00e7a a calculadora de F\u00e9rias da Factorial:<\/b><span style=\"font-weight: 400;\">  \n <!--HubSpot Call-to-Action Code -->\n    <span class=\"hs-cta-wrapper\" id=\"hs-cta-wrapper-a049fb2a-a40f-435f-a6f3-223a0f1a29a8\">\n        <span class=\"hs-cta-node hs-cta-a049fb2a-a40f-435f-a6f3-223a0f1a29a8\" id=\"a049fb2a-a40f-435f-a6f3-223a0f1a29a8\">\n            <a href=\"https:\/\/cta-redirect.hubspot.com\/cta\/redirect\/4960096\/a049fb2a-a40f-435f-a6f3-223a0f1a29a8\">\n                <img decoding=\"async\" class=\"lazyload hs-cta-img\" id=\"hs-cta-img-a049fb2a-a40f-435f-a6f3-223a0f1a29a8\" style=\"border-width:0px;\" src=\"https:\/\/no-cache.hubspot.com\/cta\/default\/4960096\/a049fb2a-a40f-435f-a6f3-223a0f1a29a8.png\"  alt=\"calculadora f\u00e9rias\" width=\"400\" height=\"400\" \/>\n            <\/a>\n        <\/span>\n        <script type=\"text\/javascript\">\n            function loadCTA(){\n                window.hbspt.cta.load(4960096, 'a049fb2a-a40f-435f-a6f3-223a0f1a29a8', {'region': 'eu1'})\n            }\n            if(window.hbspt){\n                loadCTA()\n            }else{\n                Defer.js(\n                    'https:\/\/js.hubspot.com\/cta\/current.js',\n                    'hubspotCTA', \n                    0, \n                    loadCTA\n                );\n            }\n        <\/script>\n    <\/span>\n<!-- end HubSpot Call-to-Action Code -->\n<\/span><\/p>\n<h3><span style=\"font-weight: 400;\">F\u00e9rias coletivas: quando a decis\u00e3o \u00e9 estrat\u00e9gica (e os prazos s\u00e3o r\u00edgidos)<\/span><\/h3>\n<p><span style=\"font-weight: 400;\">Agora, quando falamos em <\/span><a href=\"https:\/\/factorialhr.com.br\/blog\/ferias-coletivas-como-funciona\/\"><b>f\u00e9rias coletivas<\/b><\/a><span style=\"font-weight: 400;\">, o jogo muda completamente. Aqui, a decis\u00e3o parte da empresa, e o impacto \u00e9 bem maior: afeta uma equipe inteira, um departamento ou at\u00e9 toda a organiza\u00e7\u00e3o.<\/span><\/p>\n<p><span style=\"font-weight: 400;\">E, para n\u00e3o deixar nenhuma etapa passar batida, o <\/span><b>art. 139 da CLT<\/b><span style=\"font-weight: 400;\"> determina obriga\u00e7\u00f5es claras e com prazo fixo: <\/span><b>15 dias de anteced\u00eancia<\/b><span style=\"font-weight: 400;\">.<\/span><\/p>\n<p><span style=\"font-weight: 400;\">Nesse per\u00edodo, a empresa precisa comunicar:<\/span><\/p>\n<ul>\n<li style=\"font-weight: 400;\" aria-level=\"1\"><span style=\"font-weight: 400;\">o <\/span><b>Minist\u00e9rio do Trabalho<\/b><span style=\"font-weight: 400;\"> (hoje pelo portal oficial do Governo Federal, <\/span><i><span style=\"font-weight: 400;\">Servi\u00e7os e Informa\u00e7\u00f5es do Brasil<\/span><\/i><span style=\"font-weight: 400;\">);<\/span><\/li>\n<li style=\"font-weight: 400;\" aria-level=\"1\"><span style=\"font-weight: 400;\">o <\/span><b>sindicato da categoria<\/b><span style=\"font-weight: 400;\">;<\/span><\/li>\n<li style=\"font-weight: 400;\" aria-level=\"1\"><span style=\"font-weight: 400;\">e, claro, os <\/span><b>colaboradores<\/b><span style=\"font-weight: 400;\">, sempre por escrito.<\/span><\/li>\n<\/ul>\n<p><span style=\"font-weight: 400;\">Al\u00e9m disso, as f\u00e9rias coletivas:<\/span><\/p>\n<ul>\n<li style=\"font-weight: 400;\" aria-level=\"1\"><span style=\"font-weight: 400;\">podem ser divididas em <\/span><b>at\u00e9 2 per\u00edodos no ano<\/b><span style=\"font-weight: 400;\">;<\/span><\/li>\n<li style=\"font-weight: 400;\" aria-level=\"1\"><span style=\"font-weight: 400;\">e cada per\u00edodo deve ter <\/span><b>m\u00ednimo de 10 dias corridos<\/b><span style=\"font-weight: 400;\">.<\/span><\/li>\n<\/ul>\n<p><span style=\"font-weight: 400;\">Ou seja, nada de \u201cparada rel\u00e2mpago\u201d de 3 ou 5 dias. F\u00e9rias coletivas exigem planejamento real, aquele que come\u00e7a meses antes, n\u00e3o na v\u00e9spera.<\/span><\/p>\n<p><b>Quer um exemplo pr\u00e1tico?<\/b><\/p>\n<p><span style=\"font-weight: 400;\">Imagine que sua empresa fecha entre Natal e Ano-Novo todo ano. Se isso for formalizado como f\u00e9rias coletivas, o RH precisa programar, comunicar e registrar tudo de forma estruturada, bem diferente do simples recesso.<\/span><\/p>\n<h3><span style=\"font-weight: 400;\">Por que essa diferencia\u00e7\u00e3o importa tanto?<\/span><\/h3>\n<p><span style=\"font-weight: 400;\">Porque, enquanto as <\/span><b>f\u00e9rias individuais dependem do di\u00e1logo<\/b><span style=\"font-weight: 400;\"> direto com cada colaborador, as <\/span><b>f\u00e9rias coletivas mexem com toda a engrenagem da empresa<\/b><span style=\"font-weight: 400;\">.<\/span><\/p>\n<p><span style=\"font-weight: 400;\">Uma comunica\u00e7\u00e3o feita fora do prazo, um registro incorreto ou uma data mal alinhada podem gerar <\/span><b>passivos trabalhistas<\/b><span style=\"font-weight: 400;\"> que ningu\u00e9m quer descobrir em uma fiscaliza\u00e7\u00e3o.<\/span><\/p>\n<p><span style=\"font-weight: 400;\">E \u00e9 exatamente nesses detalhes que muita empresa escorrega, n\u00e3o por m\u00e1 f\u00e9, mas por excesso de tarefas e falta de visibilidade do processo.<\/span><\/p>\n<h3><span style=\"font-weight: 400;\">Onde a Factorial entra para simplificar tudo isso<\/span><\/h3>\n<p><span style=\"font-weight: 400;\">A Factorial ajuda seu RH a transformar esse caos em processo:<\/span><\/p>\n<ul>\n<li style=\"font-weight: 400;\" aria-level=\"1\"><span style=\"font-weight: 400;\">separa claramente per\u00edodos individuais e coletivos no sistema;<\/span><\/li>\n<li style=\"font-weight: 400;\" aria-level=\"1\"><span style=\"font-weight: 400;\">envia lembretes autom\u00e1ticos para prazos cr\u00edticos (inclusive o aviso pr\u00e9vio de 15 dias);<\/span><\/li>\n<li style=\"font-weight: 400;\" aria-level=\"1\"><span style=\"font-weight: 400;\">registra tudo em fluxos audit\u00e1veis, sem risco de perder documentos;<\/span><\/li>\n<li style=\"font-weight: 400;\" aria-level=\"1\"><span style=\"font-weight: 400;\">e organiza o calend\u00e1rio de f\u00e9rias para que gestores e equipes tenham <\/span><b>vis\u00e3o total da programa\u00e7\u00e3o<\/b><span style=\"font-weight: 400;\">.<\/span><\/li>\n<\/ul>\n<p><span style=\"font-weight: 400;\">Assim, voc\u00ea reduz retrabalhos, evita atropelos de fim de ano e garante conformidade, sem depender de planilhas ou controles paralelos.<\/span><\/p>\n<p><a href=\"https:\/\/factorialhr.com.br\/solicitar-demonstracao\" target=\"_blank\" rel=\"noopener\"><img decoding=\"async\" class=\"alignnone size-medium wp-image-127168\" src=\"https:\/\/factorialhr.com.br\/wp-content\/uploads\/2024\/02\/13170953\/cta-solicitar-demo-br-300x68.png\" alt=\"Bot\u00e3o com o texto solicitar demonstra\u00e7\u00e3o gr\u00e1tis em fundo rosa, chamando a aten\u00e7\u00e3o para uma oferta de teste gratuito.\" width=\"300\" height=\"68\" srcset=\"https:\/\/factorialhr.com.br\/wp-content\/uploads\/2024\/02\/13170953\/cta-solicitar-demo-br-300x68.png 300w, https:\/\/factorialhr.com.br\/wp-content\/uploads\/2024\/02\/13170953\/cta-solicitar-demo-br.png 661w\" sizes=\"(max-width: 300px) 100vw, 300px\" \/><\/a><\/p>\n<hr \/>\n<h2><span style=\"font-weight: 400;\">Exemplos pr\u00e1ticos de f\u00e9rias fracionadas e calculadora<\/span><\/h2>\n<p><span style=\"font-weight: 400;\">Se tem um assunto que sempre gera mensagem no Slack, d\u00favida no e-mail ou aquela conversa de corredor com o gestor, \u00e9 o tal do fracionamento de f\u00e9rias. A pergunta \u00e9 quase sempre a mesma:<\/span><\/p>\n<p><b>\u201cT\u00e1, eu entendi a regra\u2026 mas como isso funciona na pr\u00e1tica?\u201d<\/b><\/p>\n<p><span style=\"font-weight: 400;\">E vamos combinar: teoria \u00e9 importante, mas \u00e9 nos exemplos reais \u2014 aqueles que o RH v\u00ea todos os meses \u2014 que tudo come\u00e7a a fazer sentido. Ent\u00e3o, vamos direto ao ponto com tr\u00eas situa\u00e7\u00f5es muito comuns.<\/span><\/p>\n<h3><span style=\"font-weight: 400;\">Exemplo 1: F\u00e9rias fracionadas em 3 per\u00edodos (sem venda de dias)<\/span><\/h3>\n<p><span style=\"font-weight: 400;\">Imagine que a Ana completou seu per\u00edodo aquisitivo e pediu para dividir as f\u00e9rias em tr\u00eas partes. Nada de anormal: a CLT permite, desde que um dos per\u00edodos tenha pelo menos 14 dias corridos.<\/span><\/p>\n<p><span style=\"font-weight: 400;\">O planejamento dela ficou assim:<\/span><\/p>\n<ul>\n<li style=\"font-weight: 400;\" aria-level=\"1\"><b>1\u00ba per\u00edodo:<\/b><span style=\"font-weight: 400;\"> 14 dias<\/span><\/li>\n<li style=\"font-weight: 400;\" aria-level=\"1\"><b>2\u00ba per\u00edodo:<\/b><span style=\"font-weight: 400;\"> 10 dias<\/span><\/li>\n<li style=\"font-weight: 400;\" aria-level=\"1\"><b>3\u00ba per\u00edodo:<\/b><span style=\"font-weight: 400;\"> 6 dias<\/span><\/li>\n<\/ul>\n<p><span style=\"font-weight: 400;\">Agora vem a pergunta que sempre aparece no RH:<\/span><span style=\"font-weight: 400;\"><br \/>\n<\/span> <b>\u201cPreciso pagar tudo de uma vez?\u201d<\/b><\/p>\n<p><span style=\"font-weight: 400;\">N\u00e3o \u2014 e esse detalhe faz diferen\u00e7a no fluxo da folha.<\/span><\/p>\n<p><span style=\"font-weight: 400;\">O pagamento deve seguir <\/span><b>cada in\u00edcio de per\u00edodo<\/b><span style=\"font-weight: 400;\">, sempre com <\/span><b>2 dias de anteced\u00eancia<\/b><span style=\"font-weight: 400;\">:<\/span><\/p>\n<ul>\n<li style=\"font-weight: 400;\" aria-level=\"1\"><span style=\"font-weight: 400;\">2 dias antes dos 14 dias \u2192 pagar 14 dias + 1\/3<\/span><\/li>\n<li style=\"font-weight: 400;\" aria-level=\"1\"><span style=\"font-weight: 400;\">2 dias antes dos 10 dias \u2192 pagar 10 dias + 1\/3<\/span><\/li>\n<li style=\"font-weight: 400;\" aria-level=\"1\"><span style=\"font-weight: 400;\">2 dias antes dos 6 dias \u2192 pagar 6 dias + 1\/3<\/span><\/li>\n<\/ul>\n<h3><span style=\"font-weight: 400;\">Exemplo 2: F\u00e9rias fracionadas + venda de 10 dias<\/span><\/h3>\n<p><span style=\"font-weight: 400;\">Agora pense no Tiago, que quer tirar f\u00e9rias em dois per\u00edodos e <\/span><b>vender 10 dias<\/b><span style=\"font-weight: 400;\">, o famoso abono previsto na CLT.<\/span><\/p>\n<p><span style=\"font-weight: 400;\">O cen\u00e1rio:<\/span><\/p>\n<ul>\n<li style=\"font-weight: 400;\" aria-level=\"1\"><span style=\"font-weight: 400;\">Total: 30 dias<\/span><\/li>\n<li style=\"font-weight: 400;\" aria-level=\"1\"><b>Venda:<\/b><span style=\"font-weight: 400;\"> 10 dias<\/span><\/li>\n<li style=\"font-weight: 400;\" aria-level=\"1\"><b>Descanso:<\/b><span style=\"font-weight: 400;\"> 20 dias<\/span><\/li>\n<li style=\"font-weight: 400;\" aria-level=\"1\"><span style=\"font-weight: 400;\">Divis\u00e3o:<\/span>\n<ul>\n<li style=\"font-weight: 400;\" aria-level=\"2\"><span style=\"font-weight: 400;\">1\u00ba per\u00edodo: 14 dias<\/span><\/li>\n<li style=\"font-weight: 400;\" aria-level=\"2\"><span style=\"font-weight: 400;\">2\u00ba per\u00edodo: 6 dias<\/span><\/li>\n<\/ul>\n<\/li>\n<\/ul>\n<p><span style=\"font-weight: 400;\">Aqui entra uma das d\u00favidas mais comuns: <\/span><b>\u201cO abono \u00e9 pago quando?\u201d<\/b><\/p>\n<p><span style=\"font-weight: 400;\">Sempre <\/span><b>junto com o primeiro per\u00edodo<\/b><span style=\"font-weight: 400;\">, porque a lei exige que todo o pacote de f\u00e9rias (incluindo o abono) seja quitado antes do in\u00edcio do descanso.<\/span><\/p>\n<p><span style=\"font-weight: 400;\">Ent\u00e3o, na pr\u00e1tica:<\/span><\/p>\n<ul>\n<li style=\"font-weight: 400;\" aria-level=\"1\"><span style=\"font-weight: 400;\">2 dias antes dos 14 dias \u2192 pagar 14 dias + 10 dias (vendidos) + 1\/3 sobre 24 dias<\/span><\/li>\n<li style=\"font-weight: 400;\" aria-level=\"1\"><span style=\"font-weight: 400;\">2 dias antes dos 6 dias \u2192 pagar 6 dias + 1\/3<\/span><\/li>\n<\/ul>\n<h3><span style=\"font-weight: 400;\">Exemplo 3: F\u00e9rias fracionadas com redu\u00e7\u00e3o por faltas<\/span><\/h3>\n<p><span style=\"font-weight: 400;\">E aqui vai um cl\u00e1ssico do DP: o colaborador teve <\/span><b>faltas injustificadas<\/b><span style=\"font-weight: 400;\"> e, por isso, perdeu parte do direito \u00e0s f\u00e9rias.<\/span><\/p>\n<p><span style=\"font-weight: 400;\">A Luiza, por exemplo, teve <\/span><b>7 faltas injustificadas<\/b><span style=\"font-weight: 400;\">.<\/span><span style=\"font-weight: 400;\"><br \/>\n<\/span><b>Resultado:<\/b><span style=\"font-weight: 400;\"> em vez de 30 dias, passou a ter direito a <\/span><b>24 dias<\/b><span style=\"font-weight: 400;\">.<\/span><\/p>\n<p><span style=\"font-weight: 400;\">Ela optou por dividir assim:<\/span><\/p>\n<ul>\n<li style=\"font-weight: 400;\" aria-level=\"1\"><b>1\u00ba per\u00edodo:<\/b><span style=\"font-weight: 400;\"> 14 dias<\/span><\/li>\n<li style=\"font-weight: 400;\" aria-level=\"1\"><b>2\u00ba per\u00edodo:<\/b><span style=\"font-weight: 400;\"> 10 dias<\/span><\/li>\n<\/ul>\n<p><span style=\"font-weight: 400;\">E como fica o c\u00e1lculo?<\/span><\/p>\n<ul>\n<li style=\"font-weight: 400;\" aria-level=\"1\"><span style=\"font-weight: 400;\">O pagamento considera <\/span><b>s\u00f3 os 24 dias<\/b><span style=\"font-weight: 400;\">.<\/span><\/li>\n<li style=\"font-weight: 400;\" aria-level=\"1\"><span style=\"font-weight: 400;\">O 1\/3 constitucional incide sobre esses 24 dias.<\/span><\/li>\n<li style=\"font-weight: 400;\" aria-level=\"1\"><span style=\"font-weight: 400;\">O RH paga cada per\u00edodo respeitando o prazo dos 2 dias.<\/span><\/li>\n<\/ul>\n<p><span style=\"font-weight: 400;\">\u27a1\ufe0f <\/span><b>Quer testar como tudo isso funciona? Baixe a calculadora de f\u00e9rias da Factorial!<\/b><\/p>\n<p><b>Calculadora de F\u00e9rias:<\/b><span style=\"font-weight: 400;\">  \n <!--HubSpot Call-to-Action Code -->\n    <span class=\"hs-cta-wrapper\" id=\"hs-cta-wrapper-a049fb2a-a40f-435f-a6f3-223a0f1a29a8\">\n        <span class=\"hs-cta-node hs-cta-a049fb2a-a40f-435f-a6f3-223a0f1a29a8\" id=\"a049fb2a-a40f-435f-a6f3-223a0f1a29a8\">\n            <a href=\"https:\/\/cta-redirect.hubspot.com\/cta\/redirect\/4960096\/a049fb2a-a40f-435f-a6f3-223a0f1a29a8\">\n                <img decoding=\"async\" class=\"lazyload hs-cta-img\" id=\"hs-cta-img-a049fb2a-a40f-435f-a6f3-223a0f1a29a8\" style=\"border-width:0px;\" src=\"https:\/\/no-cache.hubspot.com\/cta\/default\/4960096\/a049fb2a-a40f-435f-a6f3-223a0f1a29a8.png\"  alt=\"calculadora f\u00e9rias\" width=\"400\" height=\"400\" \/>\n            <\/a>\n        <\/span>\n        <script type=\"text\/javascript\">\n            function loadCTA(){\n                window.hbspt.cta.load(4960096, 'a049fb2a-a40f-435f-a6f3-223a0f1a29a8', {'region': 'eu1'})\n            }\n            if(window.hbspt){\n                loadCTA()\n            }else{\n                Defer.js(\n                    'https:\/\/js.hubspot.com\/cta\/current.js',\n                    'hubspotCTA', \n                    0, \n                    loadCTA\n                );\n            }\n        <\/script>\n    <\/span>\n<!-- end HubSpot Call-to-Action Code -->\n<\/span><\/p>\n<hr \/>\n<h2><span style=\"font-weight: 400;\">Erros comuns no fracionamento de f\u00e9rias (e como evitar)<\/span><\/h2>\n<p><span style=\"font-weight: 400;\">Se tem um assunto que engana pela apar\u00eancia de simplicidade, \u00e9 o fracionamento de f\u00e9rias. No papel, parece s\u00f3 dividir os dias em dois ou tr\u00eas per\u00edodos. Na pr\u00e1tica? Surgem aqueles ajustes de \u00faltima hora, datas que n\u00e3o batem, retrabalho\u2026 e, claro, o temido passivo trabalhista.<\/span><\/p>\n<p><span style=\"font-weight: 400;\">E o mais curioso \u00e9 que muitos desses erros nem acontecem por desconhecimento. Eles surgem nos detalhes \u2014 justamente aqueles que escapam na correria do fechamento da folha, da demanda urgente do gestor, do colaborador que pergunta \u201cposso vender 10 dias?\u201d quando o prazo j\u00e1 estourou. Voc\u00ea j\u00e1 passou por isso?<\/span><\/p>\n<p><span style=\"font-weight: 400;\">Para tornar sua rotina mais leve (e previs\u00edvel), reunimos os erros mais frequentes que aparecem no fracionamento de f\u00e9rias \u2014 e o que o RH pode fazer, na pr\u00e1tica, para evit\u00e1-los.<\/span><\/p>\n<table>\n<tbody>\n<tr>\n<td><b>Erro comum<\/b><\/td>\n<td><b>Impacto na pr\u00e1tica<\/b><\/td>\n<td><b>Como evitar<\/b><\/td>\n<\/tr>\n<tr>\n<td><b>Deixar de formalizar o acordo por escrito<\/b><\/td>\n<td><span style=\"font-weight: 400;\">Colaborador contesta datas, auditorias identificam falhas, risco jur\u00eddico por falta de comprova\u00e7\u00e3o.<\/span><\/td>\n<td><span style=\"font-weight: 400;\">Use termo de concord\u00e2ncia, registro digital com trilha de auditoria e fluxos de aprova\u00e7\u00e3o claros.<\/span><\/td>\n<\/tr>\n<tr>\n<td><b>Perder o prazo de pagamento (2 dias antes)<\/b><\/td>\n<td><span style=\"font-weight: 400;\">F\u00e9rias pagas em dobro \u2014 entendimento pacificado pelo TST e STF.<\/span><\/td>\n<td><span style=\"font-weight: 400;\">Configure alertas autom\u00e1ticos, integre o calend\u00e1rio de f\u00e9rias com a folha e revise datas com gestores.<\/span><\/td>\n<\/tr>\n<tr>\n<td><b>Fracionar per\u00edodos sem respeitar a regra dos 14 dias + per\u00edodos m\u00ednimos de 5<\/b><\/td>\n<td><span style=\"font-weight: 400;\">F\u00e9rias invalidadas, necessidade de remanejar tudo e risco de reclama\u00e7\u00e3o trabalhista.<\/span><\/td>\n<td><span style=\"font-weight: 400;\">Utilize valida\u00e7\u00e3o autom\u00e1tica de per\u00edodos e sistemas que bloqueiam combina\u00e7\u00f5es irregulares.<\/span><\/td>\n<\/tr>\n<tr>\n<td><b>Aceitar pedido de abono fora do prazo legal (15 dias antes do fim do per\u00edodo aquisitivo)<\/b><\/td>\n<td><span style=\"font-weight: 400;\">Empresa n\u00e3o \u00e9 obrigada a conceder; gera ru\u00eddo com o colaborador e bagun\u00e7a o planejamento.<\/span><\/td>\n<td><span style=\"font-weight: 400;\">Comunique prazos com anteced\u00eancia e registre pedidos via sistema para garantir rastreabilidade.<\/span><\/td>\n<\/tr>\n<tr>\n<td><b>Calcular f\u00e9rias completas mesmo com faltas injustificadas<\/b><\/td>\n<td><span style=\"font-weight: 400;\">Pagamentos incorretos e problemas em auditorias.<\/span><\/td>\n<td><span style=\"font-weight: 400;\">Cheque as faltas antes do c\u00e1lculo e use ferramentas que ajustam automaticamente o saldo de dias.<\/span><\/td>\n<\/tr>\n<tr>\n<td><b>Confundir f\u00e9rias coletivas com individuais (inclusive fracionadas)<\/b><\/td>\n<td><span style=\"font-weight: 400;\">Comunica\u00e7\u00e3o errada ao Minist\u00e9rio do Trabalho, perda de prazos e invalida\u00e7\u00e3o das coletivas.<\/span><\/td>\n<td><span style=\"font-weight: 400;\">Padronize os fluxos, revise o art. 139 da CLT e mantenha os processos separados.<\/span><\/td>\n<\/tr>\n<tr>\n<td><b>Apoiar-se apenas em planilhas paralelas<\/b><\/td>\n<td><span style=\"font-weight: 400;\">Vers\u00f5es diferentes, f\u00f3rmulas quebradas, dados perdidos.<\/span><\/td>\n<td><span style=\"font-weight: 400;\">Centralize tudo em uma plataforma integrada e audit\u00e1vel.<\/span><\/td>\n<\/tr>\n<tr>\n<td><b>Desalinhamento entre RH e gestores<\/b><\/td>\n<td><span style=\"font-weight: 400;\">Choque de datas, equipe desfalcada e necessidade de refazer todo o calend\u00e1rio.<\/span><\/td>\n<td><span style=\"font-weight: 400;\">Utilize calend\u00e1rio compartilhado e fluxos de aprova\u00e7\u00e3o autom\u00e1ticos.<\/span><\/td>\n<\/tr>\n<\/tbody>\n<\/table>\n<h3><span style=\"font-weight: 400;\">Por que esses erros acontecem?<\/span><\/h3>\n<p><span style=\"font-weight: 400;\">Simples: <\/span><b>o fracionamento multiplica tudo.<\/b><b><br \/>\n<\/b><span style=\"font-weight: 400;\">Se antes o RH acompanhava <\/span><b>uma<\/b><span style=\"font-weight: 400;\"> data de in\u00edcio, <\/span><b>um<\/b><span style=\"font-weight: 400;\"> pagamento, <\/span><b>uma<\/b><span style=\"font-weight: 400;\"> aprova\u00e7\u00e3o, agora precisa acompanhar:<\/span><\/p>\n<ul>\n<li style=\"font-weight: 400;\" aria-level=\"1\"><span style=\"font-weight: 400;\">2 ou 3 per\u00edodos diferentes,<\/span><\/li>\n<li style=\"font-weight: 400;\" aria-level=\"1\"><span style=\"font-weight: 400;\">cada um com pagamento pr\u00f3prio,<\/span><\/li>\n<li style=\"font-weight: 400;\" aria-level=\"1\"><span style=\"font-weight: 400;\">prazo pr\u00f3prio,<\/span><\/li>\n<li style=\"font-weight: 400;\" aria-level=\"1\"><span style=\"font-weight: 400;\">registro pr\u00f3prio,<\/span><\/li>\n<li style=\"font-weight: 400;\" aria-level=\"1\"><span style=\"font-weight: 400;\">comunica\u00e7\u00e3o pr\u00f3pria.<\/span><\/li>\n<\/ul>\n<p><span style=\"font-weight: 400;\">\u00c9 como <\/span><b>gerir tr\u00eas mini-processos dentro de um s\u00f3<\/b><span style=\"font-weight: 400;\">. E basta um detalhe fora do lugar para gerar ru\u00eddo, ou um passivo.<\/span><\/p>\n<p><span style=\"font-weight: 400;\">N\u00e3o deixe os processos manuais sobrecarregarem o seu RH. Com a Factorial, voc\u00ea consegue:<\/span><\/p>\n<ul>\n<li style=\"font-weight: 400;\" aria-level=\"1\"><span style=\"font-weight: 400;\">Validar automaticamente se os per\u00edodos respeitam as regras legais (inclusive os m\u00ednimos de 5 e 14 dias).<\/span><\/li>\n<li style=\"font-weight: 400;\" aria-level=\"1\"><span style=\"font-weight: 400;\">Receber alertas inteligentes antes do pagamento \u2014 nunca mais perder o prazo dos 2 dias.<\/span><\/li>\n<li style=\"font-weight: 400;\" aria-level=\"1\"><span style=\"font-weight: 400;\">Integrar o calend\u00e1rio com gestores, evitando conflitos de datas.<\/span><\/li>\n<li style=\"font-weight: 400;\" aria-level=\"1\"><span style=\"font-weight: 400;\">Registrar tudo com trilha de auditoria.<\/span><\/li>\n<li style=\"font-weight: 400;\" aria-level=\"1\"><span style=\"font-weight: 400;\">Automatizar c\u00e1lculos, inclusive quando h\u00e1 faltas ou abono.<\/span><\/li>\n<li style=\"font-weight: 400;\" aria-level=\"1\"><span style=\"font-weight: 400;\">Manter hist\u00f3rico, documentos e aprova\u00e7\u00f5es em um s\u00f3 lugar.<\/span><\/li>\n<\/ul>\n<p><span style=\"font-weight: 400;\">No fim, voc\u00ea transforma o fracionamento de f\u00e9rias de um processo cheio de riscos em algo limpo, previs\u00edvel e sem sustos.<\/span><\/p>\n<p><span style=\"font-weight: 400;\"> \n <!--HubSpot Call-to-Action Code -->\n    <span class=\"hs-cta-wrapper\" id=\"hs-cta-wrapper-21628071-1bfc-48bb-855d-e9341a8c755a\">\n        <span class=\"hs-cta-node hs-cta-21628071-1bfc-48bb-855d-e9341a8c755a\" id=\"21628071-1bfc-48bb-855d-e9341a8c755a\">\n            <a href=\"https:\/\/cta-redirect.hubspot.com\/cta\/redirect\/4960096\/21628071-1bfc-48bb-855d-e9341a8c755a\">\n                <img decoding=\"async\" class=\"lazyload hs-cta-img\" id=\"hs-cta-img-21628071-1bfc-48bb-855d-e9341a8c755a\" style=\"border-width:0px;\" src=\"https:\/\/no-cache.hubspot.com\/cta\/default\/4960096\/21628071-1bfc-48bb-855d-e9341a8c755a.png\"  alt=\"ferias ausencias rh\" width=\"900\" height=\"308\" \/>\n            <\/a>\n        <\/span>\n        <script type=\"text\/javascript\">\n            function loadCTA(){\n                window.hbspt.cta.load(4960096, '21628071-1bfc-48bb-855d-e9341a8c755a', {'region': 'eu1'})\n            }\n            if(window.hbspt){\n                loadCTA()\n            }else{\n                Defer.js(\n                    'https:\/\/js.hubspot.com\/cta\/current.js',\n                    'hubspotCTA', \n                    0, \n                    loadCTA\n                );\n            }\n        <\/script>\n    <\/span>\n<!-- end HubSpot Call-to-Action Code -->\n<\/span><\/p>\n<hr \/>\n<h2><span style=\"font-weight: 400;\">Checklist essencial para f\u00e9rias fracionadas<\/span><\/h2>\n<h3><b>1\ufe0f\u20e3 Autoriza\u00e7\u00e3o escrita do colaborador<\/b><\/h3>\n<p><span style=\"font-weight: 400;\">O fracionamento s\u00f3 acontece com concord\u00e2ncia formal. Isso evita ru\u00eddos e garante seguran\u00e7a jur\u00eddica. <\/span><b>E lembre-se:<\/b><span style=\"font-weight: 400;\"> \u00e9 essencial que essa autoriza\u00e7\u00e3o esteja r<\/span><b>egistrada e armazenada em um lugar acess\u00edvel<\/b><span style=\"font-weight: 400;\">.<\/span><\/p>\n<h3><b>2\ufe0f\u20e3 Recibo de aviso de f\u00e9rias, um para cada per\u00edodo<\/b><\/h3>\n<p><span style=\"font-weight: 400;\">Nada de reciclar o mesmo aviso, ok? Cada per\u00edodo fracionado precisa do seu pr\u00f3prio documento, com <\/span><b>datas claras<\/b><span style=\"font-weight: 400;\"> e aceite do colaborador (assinatura ou registro digital).<\/span><\/p>\n<h3><b>3\ufe0f\u20e3 Pagamento dentro do prazo legal<\/b><\/h3>\n<p><span style=\"font-weight: 400;\">Regra simples, mas que muita gente escorrega:<\/span><span style=\"font-weight: 400;\"><br \/>\n<\/span><span style=\"font-weight: 400;\"> \ud83d\udc49 <\/span><b>pagar at\u00e9 2 dias antes do in\u00edcio de cada per\u00edodo<\/b><span style=\"font-weight: 400;\">.<\/span><\/p>\n<p><span style=\"font-weight: 400;\">N\u00e3o tem \u201cjeitinho\u201d. E erro mais comum \u00e9 esquecer quando os per\u00edodos s\u00e3o espa\u00e7ados \u2014 algo que acontece mais do que voc\u00ea imagina.<\/span><\/p>\n<h3><b>4\ufe0f\u20e3 Registro correto na CTPS (f\u00edsica ou digital)<\/b><\/h3>\n<p><span style=\"font-weight: 400;\">O registro deve refletir exatamente o que foi concedido. Pense em uma auditoria cruzando as datas do sistema e da CTPS. \u00c9 o tipo de inconsist\u00eancia que ningu\u00e9m quer justificar depois.<\/span><\/p>\n<h3><b>5\ufe0f\u20e3 C\u00e1lculo do abono pecuni\u00e1rio (se houver)<\/b><\/h3>\n<p><span style=\"font-weight: 400;\">Se o colaborador vender 1\/3 das f\u00e9rias:<\/span><\/p>\n<ul>\n<li style=\"font-weight: 400;\" aria-level=\"1\"><span style=\"font-weight: 400;\">o c\u00e1lculo precisa acompanhar os per\u00edodos,<\/span><\/li>\n<li style=\"font-weight: 400;\" aria-level=\"1\"><span style=\"font-weight: 400;\">o pedido deve ser feito no prazo legal (15 dias antes do fim do per\u00edodo aquisitivo).<\/span><\/li>\n<\/ul>\n<p><span style=\"font-weight: 400;\">Lembre-se: <\/span><b>pedido fora do prazo n\u00e3o \u00e9 obrigat\u00f3rio<\/b><span style=\"font-weight: 400;\">, e isso precisa estar documentado para evitar mal-entendidos.<\/span><\/p>\n<hr \/>\n<h3><span style=\"font-weight: 400;\">Como a Factorial facilita cada etapa desse checklist<\/span><\/h3>\n<p><span style=\"font-weight: 400;\">Se voc\u00ea quiser ir al\u00e9m do checklist e transformar tudo isso em um processo automatizado, a Factorial faz praticamente todo o trabalho pesado:<\/span><\/p>\n<ul>\n<li style=\"font-weight: 400;\" aria-level=\"1\"><span style=\"font-weight: 400;\">Registra o acordo de fracionamento com trilha de auditoria.<\/span><\/li>\n<li style=\"font-weight: 400;\" aria-level=\"1\"><span style=\"font-weight: 400;\">Gera e armazena avisos e recibos por per\u00edodo.<\/span><\/li>\n<li style=\"font-weight: 400;\" aria-level=\"1\"><span style=\"font-weight: 400;\">Rnvia alertas autom\u00e1ticos antes de cada pagamento.<\/span><\/li>\n<li style=\"font-weight: 400;\" aria-level=\"1\"><span style=\"font-weight: 400;\">Integra f\u00e9rias e folha sem depender de planilhas paralelas.<\/span><\/li>\n<li style=\"font-weight: 400;\" aria-level=\"1\"><span style=\"font-weight: 400;\">Ajusta c\u00e1lculos automaticamente (inclusive com abono ou faltas).<\/span><\/li>\n<li style=\"font-weight: 400;\" aria-level=\"1\"><span style=\"font-weight: 400;\">Mant\u00e9m hist\u00f3rico, documentos e aprova\u00e7\u00f5es em um \u00fanico lugar.<\/span><\/li>\n<\/ul>\n<p><span style=\"font-weight: 400;\">No fim, o checklist deixa de ser s\u00f3 uma \u201clembran\u00e7a\u201d e vira um <\/span><b>processo seguro, cont\u00ednuo e \u00e0 prova de erros<\/b><span style=\"font-weight: 400;\">.<\/span><\/p>\n<p><a href=\"https:\/\/factorialhr.com.br\/solicitar-demonstracao\" target=\"_blank\" rel=\"noopener\"><img decoding=\"async\" class=\"alignnone size-medium wp-image-127168\" src=\"https:\/\/factorialhr.com.br\/wp-content\/uploads\/2024\/02\/13170953\/cta-solicitar-demo-br-300x68.png\" alt=\"Bot\u00e3o com o texto solicitar demonstra\u00e7\u00e3o gr\u00e1tis em fundo rosa, chamando a aten\u00e7\u00e3o para uma oferta de teste gratuito.\" width=\"300\" height=\"68\" srcset=\"https:\/\/factorialhr.com.br\/wp-content\/uploads\/2024\/02\/13170953\/cta-solicitar-demo-br-300x68.png 300w, https:\/\/factorialhr.com.br\/wp-content\/uploads\/2024\/02\/13170953\/cta-solicitar-demo-br.png 661w\" sizes=\"(max-width: 300px) 100vw, 300px\" \/><\/a><\/p>\n<hr \/>\n<h2><span style=\"font-weight: 400;\">O que as pessoas tamb\u00e9m perguntam sobre f\u00e9rias fracionadas<\/span><\/h2>\n<h3><b>1. O colaborador pode dividir as f\u00e9rias em quantos per\u00edodos?<\/b><\/h3>\n<p><span style=\"font-weight: 400;\">A CLT autoriza o fracionamento em <\/span><b>at\u00e9 3 per\u00edodos<\/b><span style=\"font-weight: 400;\">,\u00a0 desde que um deles tenha <\/span><b>pelo menos 14 dias corridos<\/b><span style=\"font-weight: 400;\">, e os outros dois tenham <\/span><b>m\u00ednimo de 5 dias<\/b><span style=\"font-weight: 400;\"> cada. Nada de per\u00edodos quebrados demais: a regra \u00e9 clara.<\/span><\/p>\n<h3><b>2. O fracionamento \u00e9 obrigat\u00f3rio?<\/b><\/h3>\n<p><span style=\"font-weight: 400;\">N\u00e3o, e esse \u00e9 um ponto que costuma gerar confus\u00e3o. O fracionamento <\/span><b>s\u00f3 acontece com concord\u00e2ncia expressa do colaborador<\/b><span style=\"font-weight: 400;\">. Sem autoriza\u00e7\u00e3o formal, n\u00e3o vale.<\/span><\/p>\n<h3><b>3. O gestor pode sugerir fracionar as f\u00e9rias?<\/b><\/h3>\n<p><span style=\"font-weight: 400;\">Sim! Ali\u00e1s, isso \u00e9 comum em \u00e1reas sazonais ou equipes reduzidas. Mas lembre-se: sugest\u00e3o \u00e9 diferente de imposi\u00e7\u00e3o. O fracionamento s\u00f3 \u00e9 v\u00e1lido com <\/span><b>acordo m\u00fatuo<\/b><span style=\"font-weight: 400;\">.<\/span><\/p>\n<h3><b>4. Preciso emitir um aviso de f\u00e9rias para cada per\u00edodo?<\/b><\/h3>\n<p><span style=\"font-weight: 400;\">Precisa. Cada per\u00edodo fracionado exige <\/span><b>um aviso pr\u00f3prio<\/b><span style=\"font-weight: 400;\">, com datas espec\u00edficas e aceite do colaborador. Pense assim: tr\u00eas per\u00edodos, tr\u00eas avisos.<\/span><\/p>\n<h3><b>5. O pagamento muda quando as f\u00e9rias s\u00e3o fracionadas?<\/b><\/h3>\n<p><span style=\"font-weight: 400;\">A regra continua a mesma: pagamento at\u00e9 <\/span><b>2 dias antes<\/b><span style=\"font-weight: 400;\"> do in\u00edcio de <\/span><i><span style=\"font-weight: 400;\">cada<\/span><\/i><span style=\"font-weight: 400;\"> per\u00edodo. Se fracionou, multiplicou a aten\u00e7\u00e3o aos prazos, e qualquer atraso vira pagamento <\/span><i><span style=\"font-weight: 400;\">em dobro<\/span><\/i><span style=\"font-weight: 400;\">. Ningu\u00e9m quer isso, certo?<\/span><\/p>\n<h3><b>6. O abono pecuni\u00e1rio tamb\u00e9m pode ser fracionado?<\/b><\/h3>\n<p><span style=\"font-weight: 400;\">Pode! O colaborador continua podendo vender <\/span><b>at\u00e9 1\/3 das f\u00e9rias<\/b><span style=\"font-weight: 400;\">, e a empresa pode distribuir esse abono entre os per\u00edodos. Mas aten\u00e7\u00e3o: o pedido deve ser feito <\/span><b>at\u00e9 15 dias antes do fim do per\u00edodo aquisitivo<\/b><span style=\"font-weight: 400;\">.<\/span><\/p>\n<h3><b>7. Menores de 18 ou maiores de 50 anos podem fracionar?<\/b><\/h3>\n<p><span style=\"font-weight: 400;\">Podem. A restri\u00e7\u00e3o antiga caiu com a Reforma Trabalhista.<\/span><\/p>\n<h3><b>8. As f\u00e9rias fracionadas podem come\u00e7ar em domingo ou feriado?<\/b><\/h3>\n<p><span style=\"font-weight: 400;\">Podem! A contagem \u00e9 sempre em <\/span><b>dias corridos<\/b><span style=\"font-weight: 400;\">, ent\u00e3o domingos e feriados entram normalmente.<\/span><\/p>\n<h3><b>9. E se um dos per\u00edodos for registrado errado na CTPS?<\/b><\/h3>\n<p><span style=\"font-weight: 400;\">Isso pode gerar dor de cabe\u00e7a em auditorias e at\u00e9 questionamentos jur\u00eddicos. O ideal \u00e9 corrigir o quanto antes e garantir que <\/span><b>todos os per\u00edodos<\/b><span style=\"font-weight: 400;\"> estejam registrados corretamente.<\/span><\/p>\n<h3><b>10. Como comprovar que o colaborador concordou com o fracionamento?<\/b><\/h3>\n<p><span style=\"font-weight: 400;\">Com documento formal. Pode ser um <\/span><b>termo de concord\u00e2ncia<\/b><span style=\"font-weight: 400;\">, um <\/span><b>aceite digital<\/b><span style=\"font-weight: 400;\"> ou um registro via sistema, desde que haja <\/span><b>rastreabilidade e trilha de auditoria<\/b><span style=\"font-weight: 400;\">.<\/span><\/p>\n<h3><b>11. A empresa pode negar um pedido de fracionamento?<\/b><\/h3>\n<p><span style=\"font-weight: 400;\">Pode. A decis\u00e3o depende do planejamento interno, mas \u00e9 importante comunicar com transpar\u00eancia e registrar tudo para evitar expectativas desalinhadas.<\/span><\/p>\n<h3><b>12. Como evitar erros com tantos per\u00edodos, prazos e documentos?<\/b><\/h3>\n<p><span style=\"font-weight: 400;\">Com <\/span><b>processos padronizados<\/b><span style=\"font-weight: 400;\">, e, de prefer\u00eancia, <\/span><b>automatizados<\/b><span style=\"font-weight: 400;\">. Planilhas ajudam at\u00e9 certo ponto, mas n\u00e3o impedem erros humanos (e voc\u00ea sabe o quanto uma c\u00e9lula errada pode custar).<\/span><\/p>\n<hr \/>\n<h2><span style=\"font-weight: 400;\">Como a IA pode ajudar o RH a dominar o fracionamento de f\u00e9rias<\/span><\/h2>\n<p><span style=\"font-weight: 400;\">Se existe um tema que merece automa\u00e7\u00e3o inteligente, \u00e9 o fracionamento de f\u00e9rias. Afinal, estamos falando de m\u00faltiplos per\u00edodos, c\u00e1lculos que mudam conforme o hist\u00f3rico do colaborador, checagens legais que precisam estar sempre em dia e uma pilha de documentos que nunca para de crescer.<\/span><\/p>\n<p><span style=\"font-weight: 400;\">Quando tudo isso \u00e9 feito manualmente, o risco \u00e9 claro: atrasos, retrabalho e aquele frio na barriga na hora de conferir se est\u00e1 tudo certo.<\/span><\/p>\n<p><span style=\"font-weight: 400;\">\u00c9 aqui que a IA entra como o <\/span><b>copiloto do RH<\/b><span style=\"font-weight: 400;\"> \u2014 n\u00e3o para substituir decis\u00f5es, mas para garantir precis\u00e3o, velocidade e total conformidade.<\/span><\/p>\n<h3><span style=\"font-weight: 400;\">\u27a1\ufe0f <\/span><span style=\"font-weight: 400;\">C\u00e1lculo autom\u00e1tico e simula\u00e7\u00f5es inteligentes<\/span><\/h3>\n<p><span style=\"font-weight: 400;\">A IA pode te ajudar a cruzar controle de ponto, faltas, saldo de f\u00e9rias, pedidos de abono e j\u00e1 sugere cen\u00e1rios poss\u00edveis. Sem planilhas, sem f\u00f3rmulas, sem sustos.<\/span><\/p>\n<p><b>Resultado?<\/b><span style=\"font-weight: 400;\"> Menos c\u00e1lculo manual, mais agilidade na tomada de decis\u00e3o e um processo de negocia\u00e7\u00e3o muito mais claro para ambas as partes.<\/span><\/p>\n<h3><span style=\"font-weight: 400;\">\u27a1\ufe0f <\/span><span style=\"font-weight: 400;\">Checklist autom\u00e1tico de conformidade<\/span><\/h3>\n<p><span style=\"font-weight: 400;\">Antes de liberar as f\u00e9rias, sempre bate aquela d\u00favida: <\/span><i><span style=\"font-weight: 400;\">\u201cSer\u00e1 que n\u00e3o estou esquecendo nada?\u201d<\/span><\/i><\/p>\n<p><span style=\"font-weight: 400;\">A IA pode funcionar como aquele auditor interno que nunca dorme, verificando se:<\/span><\/p>\n<ul>\n<li style=\"font-weight: 400;\" aria-level=\"1\"><span style=\"font-weight: 400;\">existe concord\u00e2ncia formal do colaborador,<\/span><\/li>\n<li style=\"font-weight: 400;\" aria-level=\"1\"><span style=\"font-weight: 400;\">o pagamento est\u00e1 agendado dentro do prazo,<\/span><\/li>\n<li style=\"font-weight: 400;\" aria-level=\"1\"><span style=\"font-weight: 400;\">as anota\u00e7\u00f5es na CTPS foram feitas,<\/span><\/li>\n<li style=\"font-weight: 400;\" aria-level=\"1\"><span style=\"font-weight: 400;\">os per\u00edodos respeitam a legisla\u00e7\u00e3o.<\/span><\/li>\n<\/ul>\n<h3><span style=\"font-weight: 400;\">\u27a1\ufe0f <\/span><span style=\"font-weight: 400;\">Gera\u00e7\u00e3o autom\u00e1tica de comunica\u00e7\u00f5es e recibos<\/span><\/h3>\n<p><span style=\"font-weight: 400;\">Chega de ca\u00e7ar modelos soltos em pastas antigas.<\/span><\/p>\n<p><span style=\"font-weight: 400;\">Com IA, voc\u00ea pode criar automaticamente:<\/span><\/p>\n<ul>\n<li style=\"font-weight: 400;\" aria-level=\"1\"><span style=\"font-weight: 400;\">comunicados,<\/span><\/li>\n<li style=\"font-weight: 400;\" aria-level=\"1\"><span style=\"font-weight: 400;\">pedidos de concord\u00e2ncia,<\/span><\/li>\n<li style=\"font-weight: 400;\" aria-level=\"1\"><span style=\"font-weight: 400;\">recibos,<\/span><\/li>\n<li style=\"font-weight: 400;\" aria-level=\"1\"><span style=\"font-weight: 400;\">lembretes para gestores e colaboradores.<\/span><\/li>\n<\/ul>\n<p><span style=\"font-weight: 400;\">Voc\u00ea s\u00f3 revisa, ajusta o tom e envia. \u00c9 quase como ter um assistente editorial trabalhando ao seu lado.<\/span><\/p>\n<h3><span style=\"font-weight: 400;\">\u27a1\ufe0f <\/span><span style=\"font-weight: 400;\">Detec\u00e7\u00e3o de riscos e auditoria preditiva<\/span><\/h3>\n<p><span style=\"font-weight: 400;\">Antes mesmo que um problema apare\u00e7a, a IA pode acender o alerta.<\/span><\/p>\n<p><span style=\"font-weight: 400;\">Ela ajuda a identificar situa\u00e7\u00f5es como:<\/span><\/p>\n<ul>\n<li style=\"font-weight: 400;\" aria-level=\"1\"><span style=\"font-weight: 400;\">pagamento fora do prazo,<\/span><\/li>\n<li style=\"font-weight: 400;\" aria-level=\"1\"><span style=\"font-weight: 400;\">abono solicitado fora da janela legal,<\/span><\/li>\n<li style=\"font-weight: 400;\" aria-level=\"1\"><span style=\"font-weight: 400;\">inconsist\u00eancias de datas,<\/span><\/li>\n<li style=\"font-weight: 400;\" aria-level=\"1\"><span style=\"font-weight: 400;\">aus\u00eancia de assinaturas,<\/span><\/li>\n<li style=\"font-weight: 400;\" aria-level=\"1\"><span style=\"font-weight: 400;\">diverg\u00eancias entre saldo, CTPS e sistema.<\/span><\/li>\n<\/ul>\n<p><span style=\"font-weight: 400;\">\u00c9 a forma mais eficiente de evitar surpresas \u2014 e, claro, passivos trabalhistas.<\/span><\/p>\n<h3><span style=\"font-weight: 400;\">\u27a1\ufe0f <\/span><span style=\"font-weight: 400;\">Assistente para colaboradores (FAQ automatizado)<\/span><\/h3>\n<p><span style=\"font-weight: 400;\">Se o seu RH virou um \u201cbalc\u00e3o de d\u00favidas\u201d, isso muda agora.<\/span><\/p>\n<p><span style=\"font-weight: 400;\">A IA pode responder automaticamente perguntas como:<\/span><\/p>\n<ul>\n<li style=\"font-weight: 400;\" aria-level=\"1\"><i><span style=\"font-weight: 400;\">\u201cQuantos dias de f\u00e9rias eu tenho?\u201d<\/span><\/i><\/li>\n<li style=\"font-weight: 400;\" aria-level=\"1\"><i><span style=\"font-weight: 400;\">\u201cPosso vender 10 dias?\u201d<\/span><\/i><\/li>\n<li style=\"font-weight: 400;\" aria-level=\"1\"><i><span style=\"font-weight: 400;\">\u201cComo fica o meu fracionamento?\u201d<\/span><\/i><\/li>\n<li style=\"font-weight: 400;\" aria-level=\"1\"><i><span style=\"font-weight: 400;\">\u201cQuando cai o pagamento?\u201d<\/span><\/i><\/li>\n<\/ul>\n<p><span style=\"font-weight: 400;\">Menos interrup\u00e7\u00f5es, mais autonomia para o colaborador e mais tempo estrat\u00e9gico para o RH.<\/span><\/p>\n<p><b>Exemplo pr\u00e1tico<\/b><\/p>\n<p><span style=\"font-weight: 400;\">\u201cSimulei 3 cen\u00e1rios com a IA: sem venda de dias; venda de 10 dias; e com 9 faltas que reduziram o saldo. Em segundos, a IA gerou tr\u00eas cronogramas v\u00e1lidos pela CLT, listou os prazos de pagamento e ainda preparou o arquivo CNAB para o abono.\u201d<\/span><\/p>\n<p><span style=\"font-weight: 400;\">Imagina quanto tempo isso levaria manualmente?<\/span><\/p>\n<hr \/>\n<h2><span style=\"font-weight: 400;\">Conhe\u00e7a o One \u2014 a IA que vai transformar o seu RH!<\/span><\/h2>\n<p><span style=\"font-weight: 400;\">Imagine ter algu\u00e9m ao seu lado que entende os desafios do RH e faz o trabalho pesado por voc\u00ea: esse \u00e9 o One, o agente de IA da Factorial. Agora, tudo que voc\u00ea j\u00e1 faz \u2014 gest\u00e3o de tempo, talentos e finan\u00e7as \u2014 fica ainda mais f\u00e1cil e eficiente com intelig\u00eancia artificial integrada.<\/span><\/p>\n<p><b>Com o One voc\u00ea pode:<\/b><\/p>\n<ul>\n<li style=\"font-weight: 400;\" aria-level=\"1\"><span style=\"font-weight: 400;\">Criar pesquisas em poucos cliques<\/span><\/li>\n<li style=\"font-weight: 400;\" aria-level=\"1\"><span style=\"font-weight: 400;\">Encontrar contratos ou pol\u00edticas em segundos<\/span><\/li>\n<li style=\"font-weight: 400;\" aria-level=\"1\"><span style=\"font-weight: 400;\">Receber insights confi\u00e1veis em tempo real<\/span><\/li>\n<li style=\"font-weight: 400;\" aria-level=\"1\"><span style=\"font-weight: 400;\">Reduzir 80% do seu tempo gasto em organiza\u00e7\u00e3o de turnos<\/span><\/li>\n<\/ul>\n<p><span style=\"font-weight: 400;\">Ele n\u00e3o substitui o RH \u2014 ele o potencializa. Enquanto o mundo foca em milhares de planilhas, o One oferece vis\u00e3o. Quando a rotina pesa, o One d\u00e1 suporte.<\/span><\/p>\n<p><span style=\"font-weight: 400;\">Quer ver isso na pr\u00e1tica?<\/span><\/p>\n<p><span style=\"font-weight: 400;\">\u27a1\ufe0f Pe\u00e7a uma demonstra\u00e7\u00e3o gratuita do One e descubra como sua gest\u00e3o de pessoas vai decolar!<\/span><\/p>\n<div class=\"\" data-hubspot-wrapper-cta-id=\"\"><a href=\"https:\/\/cta-service-cms2.hubspot.com\/web-interactives\/public\/v1\/track\/redirect?encryptedPayload=AVxigLKJAKTwLH4CoHOR65Z%2BunCAFHPOg9tEKjd2MAVDlCMyw7lRNDyBTnEDa6OjiRgmChOmECQ7IwkZSs87tW7SBCpq8pATDKMoDFHPfyjcBi04KDvZSmVfeXhTPEQCn93hu4VxVljprZuHLCm4MzHwDeF4IWuUHVH7O5pkpSD1VTDjOgmAemwOtMCJT55wE6bdl9zLMCftsrfm4wv75Ml%2Be0klu%2F8%3D&amp;webInteractiveContentId=198983727490&amp;portalId=4960096\" target=\"_blank\" rel=\"noopener\"><img decoding=\"async\" class=\"lazyloaded\" src=\"https:\/\/no-cache.hubspot.com\/cta\/default\/4960096\/interactive-198983727490.png\" alt=\"factorial-one-adeus-a-sobrecarga-cta-blog\" data-ll-status=\"loaded\" data-clarity-loaded=\"4zj913\" \/><\/a><\/div>\n<div class=\"\" data-hubspot-wrapper-cta-id=\"\"><\/div>\n<hr \/>\n<h2><span style=\"font-weight: 400;\">F\u00e9rias fracionadas sem complica\u00e7\u00e3o, e com total seguran\u00e7a<\/span><\/h2>\n<p><span style=\"font-weight: 400;\">Dominar o fracionamento de f\u00e9rias n\u00e3o precisa virar aquele labirinto de regras, documentos e planilhas abertas em mil abas. Quando o RH tem clareza do que a CLT permite, dados organizados e ferramentas que eliminam o risco de erros manuais, tudo muda:\u00a0<\/span><\/p>\n<ul>\n<li style=\"font-weight: 400;\" aria-level=\"1\"><span style=\"font-weight: 400;\">o processo ganha seguran\u00e7a jur\u00eddica,<\/span><\/li>\n<li style=\"font-weight: 400;\" aria-level=\"1\"><span style=\"font-weight: 400;\">o colaborador entende exatamente o que esperar<\/span><\/li>\n<li style=\"font-weight: 400;\" aria-level=\"1\"><span style=\"font-weight: 400;\">e o time de RH respira aliviado.<\/span><\/li>\n<\/ul>\n<p><span style=\"font-weight: 400;\">Se a ideia \u00e9 elevar o n\u00edvel da sua opera\u00e7\u00e3o, com simula\u00e7\u00f5es autom\u00e1ticas, gera\u00e7\u00e3o instant\u00e2nea de documentos, valida\u00e7\u00e3o de conformidade e alertas que funcionam como uma auditoria cont\u00ednua, a Factorial faz isso sem complica\u00e7\u00f5es e sem curvas.<\/span><\/p>\n<p><span style=\"font-weight: 400;\"> \n <!--HubSpot Call-to-Action Code -->\n    <span class=\"hs-cta-wrapper\" id=\"hs-cta-wrapper-21628071-1bfc-48bb-855d-e9341a8c755a\">\n        <span class=\"hs-cta-node hs-cta-21628071-1bfc-48bb-855d-e9341a8c755a\" id=\"21628071-1bfc-48bb-855d-e9341a8c755a\">\n            <a href=\"https:\/\/cta-redirect.hubspot.com\/cta\/redirect\/4960096\/21628071-1bfc-48bb-855d-e9341a8c755a\">\n                <img decoding=\"async\" class=\"lazyload hs-cta-img\" id=\"hs-cta-img-21628071-1bfc-48bb-855d-e9341a8c755a\" style=\"border-width:0px;\" src=\"https:\/\/no-cache.hubspot.com\/cta\/default\/4960096\/21628071-1bfc-48bb-855d-e9341a8c755a.png\"  alt=\"ferias ausencias rh\" width=\"900\" height=\"308\" \/>\n            <\/a>\n        <\/span>\n        <script type=\"text\/javascript\">\n            function loadCTA(){\n                window.hbspt.cta.load(4960096, '21628071-1bfc-48bb-855d-e9341a8c755a', {'region': 'eu1'})\n            }\n            if(window.hbspt){\n                loadCTA()\n            }else{\n                Defer.js(\n                    'https:\/\/js.hubspot.com\/cta\/current.js',\n                    'hubspotCTA', \n                    0, \n                    loadCTA\n                );\n            }\n        <\/script>\n    <\/span>\n<!-- end HubSpot Call-to-Action Code -->\n<\/span><\/p>\n","protected":false},"excerpt":{"rendered":"<p>O direito a f\u00e9rias \u00e9 garantido pela Constitui\u00e7\u00e3o e pela Consolida\u00e7\u00e3o das Leis do Trabalho (CLT). No entanto, desde a Reforma Trabalhista algumas novidades quanto ao fracionamento de f\u00e9rias podem gerar d\u00favidas. Afinal, quais s\u00e3o as regras atuais para as f\u00e9rias fracionadas? Em resumo, as f\u00e9rias fracionadas podem ser: At\u00e9 3 per\u00edodos: um com no<a href=\"https:\/\/factorialhr.com.br\/blog\/ferias-fracionadas\/\" class=\"read-more\"> [&#8230;]<\/a><\/p>\n","protected":false},"author":141,"featured_media":44179,"comment_status":"open","ping_status":"closed","sticky":false,"template":"","format":"standard","meta":{"_acf_changed":false,"footnotes":""},"categories":[425],"tags":[440],"class_list":["post-28586","post","type-post","status-publish","format-standard","has-post-thumbnail","hentry","category-controle-da-jornada-de-trabalho","tag-compliance-e-leis-trabalhistas"],"acf":{"topics":"time-off"},"yoast_head":"<!-- This site is optimized with the Yoast SEO Premium plugin v21.5 (Yoast SEO v21.9.1) - https:\/\/yoast.com\/wordpress\/plugins\/seo\/ -->\n<title>F\u00e9rias fracionadas no trabalho: regras da CLT para o fracionamento<\/title>\n<meta name=\"description\" content=\"Entenda como funcionam as f\u00e9rias fracionadas, quais s\u00e3o as regras da CLT, limites legais e cuidados para RH e DP evitarem erros.\" \/>\n<meta name=\"robots\" content=\"index, follow, max-snippet:-1, max-image-preview:large, max-video-preview:-1\" \/>\n<link rel=\"canonical\" href=\"https:\/\/factorialhr.com.br\/blog\/ferias-fracionadas\/\" \/>\n<meta property=\"og:locale\" content=\"pt_BR\" \/>\n<meta property=\"og:type\" content=\"article\" \/>\n<meta property=\"og:title\" content=\"F\u00e9rias fracionadas: regras, prazos e como calcular (CLT + exemplos)\" \/>\n<meta property=\"og:description\" content=\"Entenda como funcionam as f\u00e9rias fracionadas, quais s\u00e3o as regras da CLT, limites legais e cuidados para RH e DP evitarem erros.\" \/>\n<meta property=\"og:url\" content=\"https:\/\/factorialhr.com.br\/blog\/ferias-fracionadas\/\" \/>\n<meta property=\"og:site_name\" content=\"Factorial\" \/>\n<meta property=\"article:publisher\" content=\"https:\/\/www.facebook.com\/people\/Factorial\/100064908455810\/\" \/>\n<meta property=\"article:author\" content=\"https:\/\/www.facebook.com\/FactorialBRPT\/\" \/>\n<meta property=\"article:published_time\" content=\"2020-09-02T16:27:35+00:00\" \/>\n<meta property=\"article:modified_time\" content=\"2025-12-19T13:22:57+00:00\" \/>\n<meta property=\"og:image\" content=\"https:\/\/factorialhr.com.br\/wp-content\/uploads\/2020\/09\/20155258\/ferias-fracionadas.jpg\" \/>\n\t<meta property=\"og:image:width\" content=\"1112\" \/>\n\t<meta property=\"og:image:height\" content=\"625\" \/>\n\t<meta property=\"og:image:type\" content=\"image\/jpeg\" \/>\n<meta name=\"author\" content=\"Renata Chies\" \/>\n<meta name=\"twitter:card\" content=\"summary_large_image\" \/>\n<meta name=\"twitter:creator\" content=\"@factorialapp\" \/>\n<meta name=\"twitter:site\" content=\"@factorialapp\" \/>\n<meta name=\"twitter:label1\" content=\"Written by\" \/>\n\t<meta name=\"twitter:data1\" content=\"Renata Chies\" \/>\n\t<meta name=\"twitter:label2\" content=\"Est. reading time\" \/>\n\t<meta name=\"twitter:data2\" content=\"33 minutos\" \/>\n<script type=\"application\/ld+json\" class=\"yoast-schema-graph\">{\"@context\":\"https:\/\/schema.org\",\"@graph\":[{\"@type\":\"Article\",\"@id\":\"https:\/\/factorialhr.com.br\/blog\/ferias-fracionadas\/#article\",\"isPartOf\":{\"@id\":\"https:\/\/factorialhr.com.br\/blog\/ferias-fracionadas\/\"},\"author\":{\"name\":\"Renata Chies\",\"@id\":\"https:\/\/factorialhr.com.br\/blog\/#\/schema\/person\/6b51d8cb491b0adbb0fe6daf4d7ef0e9\"},\"headline\":\"F\u00e9rias fracionadas: regras, prazos e como calcular (CLT + exemplos)\",\"datePublished\":\"2020-09-02T16:27:35+00:00\",\"dateModified\":\"2025-12-19T13:22:57+00:00\",\"mainEntityOfPage\":{\"@id\":\"https:\/\/factorialhr.com.br\/blog\/ferias-fracionadas\/\"},\"wordCount\":6102,\"commentCount\":1,\"publisher\":{\"@id\":\"https:\/\/factorialhr.com.br\/blog\/#organization\"},\"keywords\":[\"Compliance e Leis Trabalhistas\"],\"articleSection\":[\"Controle da Jornada de Trabalho\"],\"inLanguage\":\"pt-PT\",\"potentialAction\":[{\"@type\":\"CommentAction\",\"name\":\"Comment\",\"target\":[\"https:\/\/factorialhr.com.br\/blog\/ferias-fracionadas\/#respond\"]}]},{\"@type\":\"WebPage\",\"@id\":\"https:\/\/factorialhr.com.br\/blog\/ferias-fracionadas\/\",\"url\":\"https:\/\/factorialhr.com.br\/blog\/ferias-fracionadas\/\",\"name\":\"F\u00e9rias fracionadas no trabalho: regras da CLT para o fracionamento\",\"isPartOf\":{\"@id\":\"https:\/\/factorialhr.com.br\/blog\/#website\"},\"datePublished\":\"2020-09-02T16:27:35+00:00\",\"dateModified\":\"2025-12-19T13:22:57+00:00\",\"description\":\"Entenda como funcionam as f\u00e9rias fracionadas, quais s\u00e3o as regras da CLT, limites legais e cuidados para RH e DP evitarem erros.\",\"inLanguage\":\"pt-PT\",\"potentialAction\":[{\"@type\":\"ReadAction\",\"target\":[\"https:\/\/factorialhr.com.br\/blog\/ferias-fracionadas\/\"]}]},{\"@type\":\"WebSite\",\"@id\":\"https:\/\/factorialhr.com.br\/blog\/#website\",\"url\":\"https:\/\/factorialhr.com.br\/blog\/\",\"name\":\"Factorial\",\"description\":\"\",\"publisher\":{\"@id\":\"https:\/\/factorialhr.com.br\/blog\/#organization\"},\"potentialAction\":[{\"@type\":\"SearchAction\",\"target\":{\"@type\":\"EntryPoint\",\"urlTemplate\":\"https:\/\/factorialhr.com.br\/blog\/?s={search_term_string}\"},\"query-input\":\"required name=search_term_string\"}],\"inLanguage\":\"pt-PT\"},{\"@type\":\"Organization\",\"@id\":\"https:\/\/factorialhr.com.br\/blog\/#organization\",\"name\":\"All-in-one business management software - Factorial\",\"url\":\"https:\/\/factorialhr.com.br\/blog\/\",\"logo\":{\"@type\":\"ImageObject\",\"inLanguage\":\"pt-PT\",\"@id\":\"https:\/\/factorialhr.com.br\/blog\/#\/schema\/logo\/image\/\",\"url\":\"https:\/\/factorialhr.com.br\/wp-content\/uploads\/2023\/07\/18155144\/factorial-logo.png\",\"contentUrl\":\"https:\/\/factorialhr.com.br\/wp-content\/uploads\/2023\/07\/18155144\/factorial-logo.png\",\"width\":946,\"height\":880,\"caption\":\"All-in-one business management software - Factorial\"},\"image\":{\"@id\":\"https:\/\/factorialhr.com.br\/blog\/#\/schema\/logo\/image\/\"},\"sameAs\":[\"https:\/\/www.facebook.com\/people\/Factorial\/100064908455810\/\",\"https:\/\/twitter.com\/factorialapp\",\"https:\/\/www.linkedin.com\/company\/factorialhr\",\"https:\/\/www.youtube.com\/@factorialmedia\",\"https:\/\/www.instagram.com\/factorial\/#\"]},{\"@type\":\"Person\",\"@id\":\"https:\/\/factorialhr.com.br\/blog\/#\/schema\/person\/6b51d8cb491b0adbb0fe6daf4d7ef0e9\",\"name\":\"Renata Chies\",\"image\":{\"@type\":\"ImageObject\",\"inLanguage\":\"pt-PT\",\"@id\":\"https:\/\/factorialhr.com.br\/blog\/#\/schema\/person\/image\/\",\"url\":\"https:\/\/secure.gravatar.com\/avatar\/dbd34fc199b480c34d11966ed430ee8a?s=96&d=identicon&r=g\",\"contentUrl\":\"https:\/\/secure.gravatar.com\/avatar\/dbd34fc199b480c34d11966ed430ee8a?s=96&d=identicon&r=g\",\"caption\":\"Renata Chies\"},\"description\":\"Renata Chies \u00e9 jornalista e comunicadora social. Nos seus 10 anos de experi\u00eancia na \u00e1rea da Comunica\u00e7\u00e3o, j\u00e1 trabalhou como rep\u00f3rter de r\u00e1dio, televis\u00e3o e online, produtora, editora, redatora, social media e assessora de imprensa. Na Factorial, produz conte\u00fados atualizados sobre o universo dos Recursos Humanos.\",\"sameAs\":[\"https:\/\/www.facebook.com\/FactorialBRPT\/\",\"https:\/\/www.instagram.com\/renata_chies\/\",\"https:\/\/www.linkedin.com\/in\/renatachies\/\",\"https:\/\/www.youtube.com\/c\/factorialbrasil\"],\"knowsAbout\":[\"Inbound Marketing\",\"SEO\",\"Content\",\"Social Media\"],\"knowsLanguage\":[\"Portugu\u00eas\",\"Ingl\u00eas\",\"Espanhol\",\"Italiano\"],\"jobTitle\":\"Content & SEO Specialist\",\"worksFor\":\"Renata Chies\",\"url\":\"https:\/\/factorialhr.com.br\/blog\/author\/renata-chies\/\"}]}<\/script>\n<!-- \/ Yoast SEO Premium plugin. -->","yoast_head_json":{"title":"F\u00e9rias fracionadas no trabalho: regras da CLT para o fracionamento","description":"Entenda como funcionam as f\u00e9rias fracionadas, quais s\u00e3o as regras da CLT, limites legais e cuidados para RH e DP evitarem erros.","robots":{"index":"index","follow":"follow","max-snippet":"max-snippet:-1","max-image-preview":"max-image-preview:large","max-video-preview":"max-video-preview:-1"},"canonical":"https:\/\/factorialhr.com.br\/blog\/ferias-fracionadas\/","og_locale":"pt_BR","og_type":"article","og_title":"F\u00e9rias fracionadas: regras, prazos e como calcular (CLT + exemplos)","og_description":"Entenda como funcionam as f\u00e9rias fracionadas, quais s\u00e3o as regras da CLT, limites legais e cuidados para RH e DP evitarem erros.","og_url":"https:\/\/factorialhr.com.br\/blog\/ferias-fracionadas\/","og_site_name":"Factorial","article_publisher":"https:\/\/www.facebook.com\/people\/Factorial\/100064908455810\/","article_author":"https:\/\/www.facebook.com\/FactorialBRPT\/","article_published_time":"2020-09-02T16:27:35+00:00","article_modified_time":"2025-12-19T13:22:57+00:00","og_image":[{"width":1112,"height":625,"url":"https:\/\/factorialhr.com.br\/wp-content\/uploads\/2020\/09\/20155258\/ferias-fracionadas.jpg","type":"image\/jpeg"}],"author":"Renata Chies","twitter_card":"summary_large_image","twitter_creator":"@factorialapp","twitter_site":"@factorialapp","twitter_misc":{"Written by":"Renata Chies","Est. reading time":"33 minutos"},"schema":{"@context":"https:\/\/schema.org","@graph":[{"@type":"Article","@id":"https:\/\/factorialhr.com.br\/blog\/ferias-fracionadas\/#article","isPartOf":{"@id":"https:\/\/factorialhr.com.br\/blog\/ferias-fracionadas\/"},"author":{"name":"Renata Chies","@id":"https:\/\/factorialhr.com.br\/blog\/#\/schema\/person\/6b51d8cb491b0adbb0fe6daf4d7ef0e9"},"headline":"F\u00e9rias fracionadas: regras, prazos e como calcular (CLT + exemplos)","datePublished":"2020-09-02T16:27:35+00:00","dateModified":"2025-12-19T13:22:57+00:00","mainEntityOfPage":{"@id":"https:\/\/factorialhr.com.br\/blog\/ferias-fracionadas\/"},"wordCount":6102,"commentCount":1,"publisher":{"@id":"https:\/\/factorialhr.com.br\/blog\/#organization"},"keywords":["Compliance e Leis Trabalhistas"],"articleSection":["Controle da Jornada de Trabalho"],"inLanguage":"pt-PT","potentialAction":[{"@type":"CommentAction","name":"Comment","target":["https:\/\/factorialhr.com.br\/blog\/ferias-fracionadas\/#respond"]}]},{"@type":"WebPage","@id":"https:\/\/factorialhr.com.br\/blog\/ferias-fracionadas\/","url":"https:\/\/factorialhr.com.br\/blog\/ferias-fracionadas\/","name":"F\u00e9rias fracionadas no trabalho: regras da CLT para o fracionamento","isPartOf":{"@id":"https:\/\/factorialhr.com.br\/blog\/#website"},"datePublished":"2020-09-02T16:27:35+00:00","dateModified":"2025-12-19T13:22:57+00:00","description":"Entenda como funcionam as f\u00e9rias fracionadas, quais s\u00e3o as regras da CLT, limites legais e cuidados para RH e DP evitarem erros.","inLanguage":"pt-PT","potentialAction":[{"@type":"ReadAction","target":["https:\/\/factorialhr.com.br\/blog\/ferias-fracionadas\/"]}]},{"@type":"WebSite","@id":"https:\/\/factorialhr.com.br\/blog\/#website","url":"https:\/\/factorialhr.com.br\/blog\/","name":"Factorial","description":"","publisher":{"@id":"https:\/\/factorialhr.com.br\/blog\/#organization"},"potentialAction":[{"@type":"SearchAction","target":{"@type":"EntryPoint","urlTemplate":"https:\/\/factorialhr.com.br\/blog\/?s={search_term_string}"},"query-input":"required name=search_term_string"}],"inLanguage":"pt-PT"},{"@type":"Organization","@id":"https:\/\/factorialhr.com.br\/blog\/#organization","name":"All-in-one business management software - Factorial","url":"https:\/\/factorialhr.com.br\/blog\/","logo":{"@type":"ImageObject","inLanguage":"pt-PT","@id":"https:\/\/factorialhr.com.br\/blog\/#\/schema\/logo\/image\/","url":"https:\/\/factorialhr.com.br\/wp-content\/uploads\/2023\/07\/18155144\/factorial-logo.png","contentUrl":"https:\/\/factorialhr.com.br\/wp-content\/uploads\/2023\/07\/18155144\/factorial-logo.png","width":946,"height":880,"caption":"All-in-one business management software - Factorial"},"image":{"@id":"https:\/\/factorialhr.com.br\/blog\/#\/schema\/logo\/image\/"},"sameAs":["https:\/\/www.facebook.com\/people\/Factorial\/100064908455810\/","https:\/\/twitter.com\/factorialapp","https:\/\/www.linkedin.com\/company\/factorialhr","https:\/\/www.youtube.com\/@factorialmedia","https:\/\/www.instagram.com\/factorial\/#"]},{"@type":"Person","@id":"https:\/\/factorialhr.com.br\/blog\/#\/schema\/person\/6b51d8cb491b0adbb0fe6daf4d7ef0e9","name":"Renata Chies","image":{"@type":"ImageObject","inLanguage":"pt-PT","@id":"https:\/\/factorialhr.com.br\/blog\/#\/schema\/person\/image\/","url":"https:\/\/secure.gravatar.com\/avatar\/dbd34fc199b480c34d11966ed430ee8a?s=96&d=identicon&r=g","contentUrl":"https:\/\/secure.gravatar.com\/avatar\/dbd34fc199b480c34d11966ed430ee8a?s=96&d=identicon&r=g","caption":"Renata Chies"},"description":"Renata Chies \u00e9 jornalista e comunicadora social. Nos seus 10 anos de experi\u00eancia na \u00e1rea da Comunica\u00e7\u00e3o, j\u00e1 trabalhou como rep\u00f3rter de r\u00e1dio, televis\u00e3o e online, produtora, editora, redatora, social media e assessora de imprensa. Na Factorial, produz conte\u00fados atualizados sobre o universo dos Recursos Humanos.","sameAs":["https:\/\/www.facebook.com\/FactorialBRPT\/","https:\/\/www.instagram.com\/renata_chies\/","https:\/\/www.linkedin.com\/in\/renatachies\/","https:\/\/www.youtube.com\/c\/factorialbrasil"],"knowsAbout":["Inbound Marketing","SEO","Content","Social Media"],"knowsLanguage":["Portugu\u00eas","Ingl\u00eas","Espanhol","Italiano"],"jobTitle":"Content & SEO Specialist","worksFor":"Renata Chies","url":"https:\/\/factorialhr.com.br\/blog\/author\/renata-chies\/"}]}},"_links":{"self":[{"href":"https:\/\/factorialhr.com.br\/blog\/wp-json\/wp\/v2\/posts\/28586"}],"collection":[{"href":"https:\/\/factorialhr.com.br\/blog\/wp-json\/wp\/v2\/posts"}],"about":[{"href":"https:\/\/factorialhr.com.br\/blog\/wp-json\/wp\/v2\/types\/post"}],"author":[{"embeddable":true,"href":"https:\/\/factorialhr.com.br\/blog\/wp-json\/wp\/v2\/users\/141"}],"replies":[{"embeddable":true,"href":"https:\/\/factorialhr.com.br\/blog\/wp-json\/wp\/v2\/comments?post=28586"}],"version-history":[{"count":35,"href":"https:\/\/factorialhr.com.br\/blog\/wp-json\/wp\/v2\/posts\/28586\/revisions"}],"predecessor-version":[{"id":175760,"href":"https:\/\/factorialhr.com.br\/blog\/wp-json\/wp\/v2\/posts\/28586\/revisions\/175760"}],"wp:featuredmedia":[{"embeddable":true,"href":"https:\/\/factorialhr.com.br\/blog\/wp-json\/wp\/v2\/media\/44179"}],"wp:attachment":[{"href":"https:\/\/factorialhr.com.br\/blog\/wp-json\/wp\/v2\/media?parent=28586"}],"wp:term":[{"taxonomy":"category","embeddable":true,"href":"https:\/\/factorialhr.com.br\/blog\/wp-json\/wp\/v2\/categories?post=28586"},{"taxonomy":"post_tag","embeddable":true,"href":"https:\/\/factorialhr.com.br\/blog\/wp-json\/wp\/v2\/tags?post=28586"}],"curies":[{"name":"wp","href":"https:\/\/api.w.org\/{rel}","templated":true}]}}