{"id":27749,"date":"2020-08-21T13:10:05","date_gmt":"2020-08-21T11:10:05","guid":{"rendered":"https:\/\/factorialhr.com\/blog\/?p=27749"},"modified":"2024-02-09T15:44:31","modified_gmt":"2024-02-09T13:44:31","slug":"art-62-clt","status":"publish","type":"post","link":"https:\/\/factorialhr.com.br\/blog\/art-62-clt\/","title":{"rendered":"Art. 62 da CLT: quando a empresa n\u00e3o paga hora extra?"},"content":{"rendered":"<p>No Brasil, a legisla\u00e7\u00e3o determina uma jornada de trabalho de oito horas di\u00e1rias, totalizando 44 horas semanais. Caso o trabalhador tenha que exceder este per\u00edodo e trabalhar horas extras, ele ser\u00e1 compensado com banco de horas ou remunera\u00e7\u00e3o adicional. Para que a empresa n\u00e3o tenha o dever de pagar as horas extras, a situa\u00e7\u00e3o deve estar citada no art. 62 da CLT.<\/p>\n<p>H\u00e1 casos em que a empresa n\u00e3o precisa pagar horas extras, j\u00e1 que a din\u00e2mica do trabalho \u00e9 incompat\u00edvel com a fixa\u00e7\u00e3o de hor\u00e1rio e o controle da jornada do funcion\u00e1rio. Por isso, \u00e9 importante que tanto os funcion\u00e1rios, quanto os gestores e o RH estejam a par de tudo o que diz a lei sobre as horas extras.<\/p>\n<p><strong>Estas situa\u00e7\u00f5es est\u00e3o descritas no art. 62 da CLT, que trata das exce\u00e7\u00f5es relacionadas ao controle do hor\u00e1rio da jornada de trabalho.\u00a0<\/strong>Que tal conhecer mais sobre esse artigo?<\/p>\n<p><strong>\u00cdndice<\/strong><\/p>\n<ul>\n<li><a href=\"#artigo-62\">O que diz o art. 62 da CLT?<\/a><\/li>\n<li><a href=\"#legislacao\">Entendendo a legisla\u00e7\u00e3o: o art. 62 da CLT comentado<\/a><\/li>\n<li><a href=\"#download\">\ud83d\udce5 [Download gr\u00e1tis] Checklist de Home Office<\/a><\/li>\n<li><a href=\"#na-pratica\">Na pr\u00e1tica: como sinalizar que o funcion\u00e1rio trabalha sob os termos do art. 62 da CLT?<\/a><\/li>\n<li><a href=\"#conclusao\">Conclus\u00e3o sobre o artigo 62 da CLT<\/a><\/li>\n<li><a href=\"https:\/\/factorialhr.com.br\/controle-de-despesas-corporativas\" target=\"_blank\" rel=\"noopener\">\u2705 Factorial, o melhor software para a gest\u00e3o de Despesas Corporativas: teste agora!<\/a><\/li>\n<\/ul>\n<h2><a name=\"artigo-62\"><\/a><strong>O que diz o artigo 62 da CLT?<\/strong><\/h2>\n<p>O artigo 62 especifica <strong>tr\u00eas situa\u00e7\u00f5es<\/strong> em que n\u00e3o importa qual o hor\u00e1rio a pessoa come\u00e7a ou termina de trabalhar, a empresa estar\u00e1 isenta do pagamento das horas extras justamente porque o contrato firmado est\u00e1 enquadrado no artigo em quest\u00e3o.<\/p>\n<p>Dessa maneira, de acordo com o artigo 62 da CLT, todas as regras que se aplicam no cap\u00edtulo jornada de trabalho n\u00e3o afetam esses tr\u00eas tipos de empregados:<\/p>\n<ul>\n<li>Trabalhadores externos<\/li>\n<li>Empregados em cargo de confian\u00e7a<\/li>\n<li>Funcion\u00e1rios em teletrabalho<\/li>\n<\/ul>\n<p>A CLT determina ainda que, para ser v\u00e1lida, a modalidade de trabalho deve estar expressamente descrita na carteira de trabalho e no contrato firmado entre empregado e empregador.<\/p>\n<p>Para entender melhor tudo que envolve o tema, confira abaixo o art. 62 da CLT comentado.<\/p>\n<h2><a name=\"legislacao\"><\/a><strong>Entendendo a legisla\u00e7\u00e3o: o Art. 62 da CLT comentado<\/strong><\/h2>\n<p>O art. 62 da CLT est\u00e1 inserido no cap\u00edtulo 2 (\u201cDa dura\u00e7\u00e3o do trabalho\u201d), mais especificamente na se\u00e7\u00e3o 2, que versa sobre a jornada de trabalho. S\u00e3o tr\u00eas incisos que trazem as exce\u00e7\u00f5es: o I e o II foram inseridos em 1994, enquanto o III foi implementado recentemente, em 2017, na ocasi\u00e3o da Reforma Trabalhista.<\/p>\n<p>Sendo assim, a CLT diz que n\u00e3o est\u00e3o abrangidos pelo regime previsto no cap\u00edtulo 2:<a name=\"3\"><\/a><\/p>\n<h3><strong>Inciso primeiro<\/strong><em>\u00a0<\/em><\/h3>\n<blockquote><p><em>Os empregados que exercem atividade externa incompat\u00edvel com a fixa\u00e7\u00e3o de hor\u00e1rio de trabalho, devendo tal condi\u00e7\u00e3o ser anotada na Carteira de Trabalho e Previd\u00eancia Social e no registro de empregados; (Inclu\u00eddo pela Lei n\u00ba 8.966, de 1994)<\/em><\/p><\/blockquote>\n<p>Este inciso se refere aos <strong>trabalhadores em atividade fora da empresa (eles podem ser motoristas, motoboys, vendedores externos, representantes, engenheiros e auxiliares de obras, etc.).<\/strong> Ou seja, s\u00e3o aquelas atribui\u00e7\u00f5es que trabalham \u00e0 dist\u00e2ncia e, pelas atividades desenvolvidas, n\u00e3o permitem \u00e0 empresa fixar um hor\u00e1rio de trabalho e consequentemente realizar um controle exato das horas trabalhadas.<\/p>\n<p>Mas vale refor\u00e7ar que a exce\u00e7\u00e3o \u00e9 v\u00e1lida quando a empresa n\u00e3o realiza nenhum tipo de fiscaliza\u00e7\u00e3o do hor\u00e1rio de trabalho porque n\u00e3o tem a possibilidade de realizar esse controle.<\/p>\n<p>Muitas empresas assumem que, pelo fato de a atividade do trabalhador ser externa, ele automaticamente se enquadra no art. 62 da CLT. Este \u00e9 um argumento equivocado que, \u00e0s vezes, \u00e9 colocado em pr\u00e1tica para se evitar o pagamento das horas extras devidas ao trabalhador, j\u00e1 que acarreta uma onerosidade \u00e0 empresa.<\/p>\n<p>Hoje em dia, j\u00e1 \u00e9 poss\u00edvel realizar o acompanhamento da jornada a dist\u00e2ncia por outras vias, como chamadas telef\u00f4nicas, GPS, roteiro de visitas, envio e-mails e livros de ponto avulso ou ponto eletr\u00f4nico. Se for poss\u00edvel empregar este tipo de controle, ent\u00e3o o funcion\u00e1rio ter\u00e1 direito a uma jornada definida.<\/p>\n<p>Um exemplo do uso de tecnologia para a fixa\u00e7\u00e3o de hor\u00e1rio e controle de jornada \u00e9 no caso de motoristas rodovi\u00e1rios de cargas e motoristas de transporte rodovi\u00e1rio de passageiros. A <strong>Lei n\u00famero 13.103\/2015 (conhecida tamb\u00e9m como Lei do Motorista)<\/strong> determina que o empregador realize o controle da jornada desses trabalhadores por meio de di\u00e1rio de bordo ou uso de sistema GPS que registra o per\u00edodo em que o trabalhador est\u00e1 a servi\u00e7o da empresa, fazendo com que tamb\u00e9m tenham direito \u00e0s horas extras.<\/p>\n<p>Portanto, caso a empresa tenha capacidade de exercer o controle da jornada de trabalho do funcion\u00e1rio pelos meios que mencionamos acima, ent\u00e3o ser\u00e1 necess\u00e1rio realizar a compensa\u00e7\u00e3o das horas extras trabalhadas.<a name=\"4\"><\/a><\/p>\n<h3><strong>Inciso segundo<\/strong><\/h3>\n<blockquote><p><em>Os gerentes, assim considerados os exercentes de cargos de gest\u00e3o, aos quais se equiparam, para efeito do disposto neste artigo, os diretores e chefes de departamento ou filial. (Inclu\u00eddo pela Lei n\u00ba 8.966, de 1994)<\/em><\/p><\/blockquote>\n<p><em>\u00a0<\/em>Conforme o inciso II, a exce\u00e7\u00e3o tamb\u00e9m vale para os <strong>profissionais que exercem cargos de confian\u00e7a, como gestores, chefes de setor e diretores,<\/strong> portanto, profissionais que t\u00eam uma jornada diferenciada daquela de seus subordinados.<\/p>\n<p>Al\u00e9m de esses profissionais terem maiores responsabilidades dentro da empresa, como a supervis\u00e3o da equipe (no caso, profissionais de n\u00edvel hier\u00e1rquico mais baixo), tamb\u00e9m possuem remunera\u00e7\u00e3o diferenciada.<\/p>\n<p>Mas, para se enquadrar nesta situa\u00e7\u00e3o, o profissional necessita efetivamente exercer cargo de confian\u00e7a, o que inclui ter poder de tomada de decis\u00e3o, al\u00e9m de responsabilidade na admiss\u00e3o e demiss\u00e3o de funcion\u00e1rios.<\/p>\n<p>Ainda, esse profissional deve receber uma gratifica\u00e7\u00e3o de fun\u00e7\u00e3o de 40% no valor do seu sal\u00e1rio, conforme estabelece o par\u00e1grafo \u00fanico:<\/p>\n<blockquote><p><em>O regime previsto neste cap\u00edtulo ser\u00e1 aplic\u00e1vel aos empregados mencionados no inciso II deste artigo, quando o sal\u00e1rio do cargo de confian\u00e7a, compreendendo a gratifica\u00e7\u00e3o de fun\u00e7\u00e3o, se houver, for inferior ao valor do respectivo sal\u00e1rio efetivo acrescido de 40% (quarenta por cento). (Inclu\u00eddo pela Lei n\u00ba 8.966, de 1994)<\/em><\/p><\/blockquote>\n<p>\u00c9 importante elucidar que <strong>o cargo por si s\u00f3 n\u00e3o garante o n\u00e3o pagamento das horas extras<\/strong>, j\u00e1 que a empresa deve garantir ao profissional a autonomia para que ele possa executar as tarefas que lhe foram atribu\u00eddas.<\/p>\n<p>H\u00e1 muitos casos em que o profissional possui o t\u00edtulo, mas n\u00e3o tem poder de gest\u00e3o, o que faz com que n\u00e3o exer\u00e7a o cargo de confian\u00e7a em sua plenitude. Atente-se a essa quest\u00e3o para evitar o desenvolvimento de problemas trabalhistas.<\/p>\n<p><a name=\"5\"><\/a><\/p>\n<h3><strong>Inciso terceiro<\/strong><\/h3>\n<p>O artigo 62 da CLT ap\u00f3s a Reforma Trabalhista, em 2017, passou a incluir uma importante altera\u00e7\u00e3o. Trata-se da inser\u00e7\u00e3o do inciso III, que adiciona os funcion\u00e1rios em <a href=\"https:\/\/factorialhr.com.br\/blog\/teletrabalho-adaptar-a-sua-empresa\/\" target=\"_blank\" rel=\"noopener noreferrer\">teletrabalho\/home office<\/a> (trabalho remoto) tamb\u00e9m como uma exce\u00e7\u00e3o ao controle de jornada, conforme consta no inciso III:<\/p>\n<blockquote><p><em>Os empregados em regime de teletrabalho. (Inclu\u00eddo pela Lei n\u00ba 13.467, de 2017)<\/em><\/p><\/blockquote>\n<p>O home office est\u00e1 previsto no artigo 75-A da CLT e trata de uma modalidade que deve estar expressa no contrato de trabalho juntamente das atividades exercidas pelo funcion\u00e1rio, al\u00e9m de um termo firmado de responsabilidade e dispensa do controle da jornada.<\/p>\n<h2><a name=\"download\"><\/a><strong>\ud83d\udce5 [Download gr\u00e1tis] Checklist de Home Office<\/strong><\/h2>\n<p>Para ajudar voc\u00ea a<strong>\u00a0n\u00e3o esquecer nenhuma etapa ao adotar e guiar seus colaboradores para o trabalho remoto<\/strong>, preparamos um checklist personalizado.<\/p>\n<p>Baixe agora mesmo seu Checklist de Home Office com dicas e planejamentos essenciais \ud83d\udc47<\/p>\n<p><a href=\"https:\/\/factorialhr.com.br\/modelos\/home-office\" target=\"_blank\" rel=\"noopener\"><img decoding=\"async\" class=\"alignnone wp-image-126194 size-full\" src=\"https:\/\/factorialhr.com.br\/wp-content\/uploads\/2024\/01\/31192951\/br-freebie-checklist-home-office.jpg\" alt=\"checklist home office\" width=\"400\" height=\"400\" srcset=\"https:\/\/factorialhr.com.br\/wp-content\/uploads\/2024\/01\/31192951\/br-freebie-checklist-home-office.jpg 400w, https:\/\/factorialhr.com.br\/wp-content\/uploads\/2024\/01\/31192951\/br-freebie-checklist-home-office-300x300.jpg 300w, https:\/\/factorialhr.com.br\/wp-content\/uploads\/2024\/01\/31192951\/br-freebie-checklist-home-office-150x150.jpg 150w, https:\/\/factorialhr.com.br\/wp-content\/uploads\/2024\/01\/31192951\/br-freebie-checklist-home-office-160x160.jpg 160w, https:\/\/factorialhr.com.br\/wp-content\/uploads\/2024\/01\/31192951\/br-freebie-checklist-home-office-80x80.jpg 80w\" sizes=\"(max-width: 400px) 100vw, 400px\" \/><\/a><\/p>\n<h2><a name=\"na-pratica\"><\/a><strong>Na pr\u00e1tica: como sinalizar que o funcion\u00e1rio trabalha sob os termos do art. 62 da CLT?<\/strong><\/h2>\n<p>Para todos os casos citados acima, a<strong> legisla\u00e7\u00e3o ordena que seja inserida uma anota\u00e7\u00e3o tanto na carteira de trabalho (CTPS) quanto no contrato de trabalho<\/strong> detalhando que o funcion\u00e1rio exerce a sua fun\u00e7\u00e3o sob os termos do artigo 62.<\/p>\n<p>E por que a situa\u00e7\u00e3o deve ser documentada?<\/p>\n<p>Pois, sempre \u00e9 necess\u00e1rio respeitar a legisla\u00e7\u00e3o e garantir os direitos do trabalhador; al\u00e9m disso, \u00e9 importante que a empresa siga as regras e se resguarde de qualquer problema trabalhista.<\/p>\n<p>Na carteira de trabalho, a documenta\u00e7\u00e3o deve ser realizada na parte reservada as Anota\u00e7\u00f5es Gerais, explicando que a fun\u00e7\u00e3o exercida n\u00e3o tem seu hor\u00e1rio controlado de acordo com art. 62 da CLT. No contrato de trabalho, tamb\u00e9m \u00e9 preciso inserir uma observa\u00e7\u00e3o.<\/p>\n<p>H\u00e1 casos em que o funcion\u00e1rio \u00e9 contratado inicialmente em um regime normal de jornada, mas \u00e9 promovido e passa a exercer um cargo de confian\u00e7a, sem controle e hor\u00e1rio fixado. Se o departamento de Recursos Humanos se deparar com essa situa\u00e7\u00e3o, basta fazer um adendo de cargo e jornada, justificando que o funcion\u00e1rio passa a ser exce\u00e7\u00e3o prevista no artigo 62.<\/p>\n<h2><a name=\"conclusao\"><\/a><strong>Conclus\u00e3o sobre o artigo 62 da CLT<\/strong><\/h2>\n<p>Embora a legisla\u00e7\u00e3o trabalhista estabele\u00e7a situa\u00e7\u00f5es de exce\u00e7\u00e3o do controle da jornada de trabalho, tenha em mente que, gra\u00e7as aos softwares de automa\u00e7\u00e3o de RH, \u00e9 poss\u00edvel fazer o controle da jornada de trabalho \u00e0 dist\u00e2ncia, com dados atualizados em tempo real e at\u00e9 com base em <a href=\"https:\/\/factorialhr.com.br\/blog\/o-que-e-geolocalizacao\/\" target=\"_blank\" rel=\"noopener noreferrer\">geolocaliza\u00e7\u00e3o<\/a>.<\/p>\n<p>Portanto, se sua empresa n\u00e3o se enquadra nos casos em que \u00e9 incompat\u00edvel o controle e a fixa\u00e7\u00e3o de jornada, atente-se para a necessidade de realizar a fiscaliza\u00e7\u00e3o. Assim como, \u00e9 importante que o RH saiba que as empresas com mais de 20 funcion\u00e1rios s\u00e3o obrigada a fazer o controle de ponto dos seus funcion\u00e1rios.<\/p>\n<p><strong><span class=\"fe5nidar khvhiq1o r5qsrrlp i5tg98hk f9ovudaz przvwfww gx1rr48f gfz4du6o r7fjleex nz2484kf svot0ezm dcnh1tix sxl192xd t3g6t33p\"><span class=\"mpj7bzys xzlurrtv\">\ud83d\udc69\ud83c\udffd\u200d\ud83d\udcbb<\/span><\/span> Com a Factorial, voc\u00ea pode ter um rel\u00f3gio de ponto online usado por App, QR Code, computador ou tablet! Assista o v\u00eddeo abaixo e saiba mais! <span class=\"fe5nidar khvhiq1o r5qsrrlp i5tg98hk f9ovudaz przvwfww gx1rr48f gfz4du6o r7fjleex nz2484kf svot0ezm dcnh1tix sxl192xd t3g6t33p\"><span class=\"mpj7bzys xzlurrtv\">\ud83d\udcfd\ufe0f<\/span><\/span><\/strong><\/p>\n<p><iframe title=\"Como fazer o Controle de Ponto com a Factorial\" width=\"500\" height=\"281\" src=\"https:\/\/www.youtube.com\/embed\/EnL951gLf2E?start=2&#038;feature=oembed\" frameborder=\"0\" allow=\"accelerometer; autoplay; clipboard-write; encrypted-media; gyroscope; picture-in-picture; web-share\" referrerpolicy=\"strict-origin-when-cross-origin\" allowfullscreen><\/iframe><\/p>\n<p><span style=\"font-weight: 400;\"> \n <!--HubSpot Call-to-Action Code -->\n    <span class=\"hs-cta-wrapper\" id=\"hs-cta-wrapper-47a131dc-3d73-47c4-8274-1e9f63b8c66c\">\n        <span class=\"hs-cta-node hs-cta-47a131dc-3d73-47c4-8274-1e9f63b8c66c\" id=\"47a131dc-3d73-47c4-8274-1e9f63b8c66c\">\n            <a href=\"https:\/\/cta-redirect.hubspot.com\/cta\/redirect\/4960096\/47a131dc-3d73-47c4-8274-1e9f63b8c66c\">\n                <img decoding=\"async\" class=\"lazyload hs-cta-img\" id=\"hs-cta-img-47a131dc-3d73-47c4-8274-1e9f63b8c66c\" style=\"border-width:0px;\" src=\"https:\/\/no-cache.hubspot.com\/cta\/default\/4960096\/47a131dc-3d73-47c4-8274-1e9f63b8c66c.png\"  alt=\"botao demo\" width=\"300\" height=\"150\" \/>\n            <\/a>\n        <\/span>\n        <script type=\"text\/javascript\">\n            function loadCTA(){\n                window.hbspt.cta.load(4960096, '47a131dc-3d73-47c4-8274-1e9f63b8c66c', {'region': 'eu1'})\n            }\n            if(window.hbspt){\n                loadCTA()\n            }else{\n                Defer.js(\n                    'https:\/\/js.hubspot.com\/cta\/current.js',\n                    'hubspotCTA', \n                    0, \n                    loadCTA\n                );\n            }\n        <\/script>\n    <\/span>\n<!-- end HubSpot Call-to-Action Code -->\n<\/span><\/p>\n","protected":false},"excerpt":{"rendered":"<p>No Brasil, a legisla\u00e7\u00e3o determina uma jornada de trabalho de oito horas di\u00e1rias, totalizando 44 horas semanais. Caso o trabalhador tenha que exceder este per\u00edodo e trabalhar horas extras, ele ser\u00e1 compensado com banco de horas ou remunera\u00e7\u00e3o adicional. Para que a empresa n\u00e3o tenha o dever de pagar as horas extras, a situa\u00e7\u00e3o deve<a href=\"https:\/\/factorialhr.com.br\/blog\/art-62-clt\/\" class=\"read-more\"> [&#8230;]<\/a><\/p>\n","protected":false},"author":136,"featured_media":46689,"comment_status":"open","ping_status":"closed","sticky":false,"template":"","format":"standard","meta":{"_acf_changed":false,"footnotes":""},"categories":[419],"tags":[440],"class_list":["post-27749","post","type-post","status-publish","format-standard","has-post-thumbnail","hentry","category-controle-de-despesas-corporativas","tag-compliance-e-leis-trabalhistas"],"acf":{"topics":"expense-management"},"yoast_head":"<!-- This site is optimized with the Yoast SEO Premium plugin v21.5 (Yoast SEO v21.9.1) - https:\/\/yoast.com\/wordpress\/plugins\/seo\/ -->\n<title>Art. 62 da CLT: quando a empresa n\u00e3o paga hora extra? | Factorial<\/title>\n<meta name=\"description\" content=\"Saiba todos os termos do Art. 62 da CLT, que versa sobre os casos em que se exclui o controle de jornada dos funcion\u00e1rios. Confira!\" \/>\n<meta name=\"robots\" content=\"index, follow, max-snippet:-1, max-image-preview:large, max-video-preview:-1\" \/>\n<link rel=\"canonical\" href=\"https:\/\/factorialhr.com.br\/blog\/art-62-clt\/\" \/>\n<meta property=\"og:locale\" content=\"pt_BR\" \/>\n<meta property=\"og:type\" content=\"article\" \/>\n<meta property=\"og:title\" content=\"Art. 62 da CLT: quando a empresa n\u00e3o paga hora extra?\" \/>\n<meta property=\"og:description\" content=\"Saiba todos os termos do Art. 62 da CLT, que versa sobre os casos em que se exclui o controle de jornada dos funcion\u00e1rios. Confira!\" \/>\n<meta property=\"og:url\" content=\"https:\/\/factorialhr.com.br\/blog\/art-62-clt\/\" \/>\n<meta property=\"og:site_name\" content=\"Factorial\" \/>\n<meta property=\"article:publisher\" content=\"https:\/\/www.facebook.com\/people\/Factorial\/100064908455810\/\" \/>\n<meta property=\"article:published_time\" content=\"2020-08-21T11:10:05+00:00\" \/>\n<meta property=\"article:modified_time\" content=\"2024-02-09T13:44:31+00:00\" \/>\n<meta property=\"og:image\" content=\"https:\/\/factorialhr.com.br\/wp-content\/uploads\/2020\/08\/30221946\/art-62-clt.jpg\" \/>\n\t<meta property=\"og:image:width\" content=\"1112\" \/>\n\t<meta property=\"og:image:height\" content=\"625\" \/>\n\t<meta property=\"og:image:type\" content=\"image\/jpeg\" \/>\n<meta name=\"author\" content=\"Factorial\" \/>\n<meta name=\"twitter:card\" content=\"summary_large_image\" \/>\n<meta name=\"twitter:creator\" content=\"@factorialapp\" \/>\n<meta name=\"twitter:site\" content=\"@factorialapp\" \/>\n<meta name=\"twitter:label1\" content=\"Written by\" \/>\n\t<meta name=\"twitter:data1\" content=\"Factorial\" \/>\n\t<meta name=\"twitter:label2\" content=\"Est. reading time\" \/>\n\t<meta name=\"twitter:data2\" content=\"7 minutos\" \/>\n<script type=\"application\/ld+json\" class=\"yoast-schema-graph\">{\"@context\":\"https:\/\/schema.org\",\"@graph\":[{\"@type\":\"Article\",\"@id\":\"https:\/\/factorialhr.com.br\/blog\/art-62-clt\/#article\",\"isPartOf\":{\"@id\":\"https:\/\/factorialhr.com.br\/blog\/art-62-clt\/\"},\"author\":{\"name\":\"Factorial\",\"@id\":\"https:\/\/factorialhr.com.br\/blog\/#\/schema\/person\/7b5a5469052118a0a452edb12733e380\"},\"headline\":\"Art. 62 da CLT: quando a empresa n\u00e3o paga hora extra?\",\"datePublished\":\"2020-08-21T11:10:05+00:00\",\"dateModified\":\"2024-02-09T13:44:31+00:00\",\"mainEntityOfPage\":{\"@id\":\"https:\/\/factorialhr.com.br\/blog\/art-62-clt\/\"},\"wordCount\":1683,\"commentCount\":1,\"publisher\":{\"@id\":\"https:\/\/factorialhr.com.br\/blog\/#organization\"},\"keywords\":[\"Compliance e Leis Trabalhistas\"],\"articleSection\":[\"Controle de Despesas Corporativas\"],\"inLanguage\":\"pt-PT\",\"potentialAction\":[{\"@type\":\"CommentAction\",\"name\":\"Comment\",\"target\":[\"https:\/\/factorialhr.com.br\/blog\/art-62-clt\/#respond\"]}]},{\"@type\":\"WebPage\",\"@id\":\"https:\/\/factorialhr.com.br\/blog\/art-62-clt\/\",\"url\":\"https:\/\/factorialhr.com.br\/blog\/art-62-clt\/\",\"name\":\"Art. 62 da CLT: quando a empresa n\u00e3o paga hora extra? | Factorial\",\"isPartOf\":{\"@id\":\"https:\/\/factorialhr.com.br\/blog\/#website\"},\"datePublished\":\"2020-08-21T11:10:05+00:00\",\"dateModified\":\"2024-02-09T13:44:31+00:00\",\"description\":\"Saiba todos os termos do Art. 62 da CLT, que versa sobre os casos em que se exclui o controle de jornada dos funcion\u00e1rios. Confira!\",\"inLanguage\":\"pt-PT\",\"potentialAction\":[{\"@type\":\"ReadAction\",\"target\":[\"https:\/\/factorialhr.com.br\/blog\/art-62-clt\/\"]}]},{\"@type\":\"WebSite\",\"@id\":\"https:\/\/factorialhr.com.br\/blog\/#website\",\"url\":\"https:\/\/factorialhr.com.br\/blog\/\",\"name\":\"Factorial\",\"description\":\"\",\"publisher\":{\"@id\":\"https:\/\/factorialhr.com.br\/blog\/#organization\"},\"potentialAction\":[{\"@type\":\"SearchAction\",\"target\":{\"@type\":\"EntryPoint\",\"urlTemplate\":\"https:\/\/factorialhr.com.br\/blog\/?s={search_term_string}\"},\"query-input\":\"required name=search_term_string\"}],\"inLanguage\":\"pt-PT\"},{\"@type\":\"Organization\",\"@id\":\"https:\/\/factorialhr.com.br\/blog\/#organization\",\"name\":\"All-in-one business management software - Factorial\",\"url\":\"https:\/\/factorialhr.com.br\/blog\/\",\"logo\":{\"@type\":\"ImageObject\",\"inLanguage\":\"pt-PT\",\"@id\":\"https:\/\/factorialhr.com.br\/blog\/#\/schema\/logo\/image\/\",\"url\":\"https:\/\/factorialhr.com.br\/wp-content\/uploads\/2023\/07\/18155144\/factorial-logo.png\",\"contentUrl\":\"https:\/\/factorialhr.com.br\/wp-content\/uploads\/2023\/07\/18155144\/factorial-logo.png\",\"width\":946,\"height\":880,\"caption\":\"All-in-one business management software - Factorial\"},\"image\":{\"@id\":\"https:\/\/factorialhr.com.br\/blog\/#\/schema\/logo\/image\/\"},\"sameAs\":[\"https:\/\/www.facebook.com\/people\/Factorial\/100064908455810\/\",\"https:\/\/twitter.com\/factorialapp\",\"https:\/\/www.linkedin.com\/company\/factorialhr\",\"https:\/\/www.youtube.com\/@factorialmedia\",\"https:\/\/www.instagram.com\/factorial\/#\"]},{\"@type\":\"Person\",\"@id\":\"https:\/\/factorialhr.com.br\/blog\/#\/schema\/person\/7b5a5469052118a0a452edb12733e380\",\"name\":\"Factorial\",\"image\":{\"@type\":\"ImageObject\",\"inLanguage\":\"pt-PT\",\"@id\":\"https:\/\/factorialhr.com.br\/blog\/#\/schema\/person\/image\/\",\"url\":\"https:\/\/secure.gravatar.com\/avatar\/94f45aafe3645ee8cdad439505e2817e?s=96&d=identicon&r=g\",\"contentUrl\":\"https:\/\/secure.gravatar.com\/avatar\/94f45aafe3645ee8cdad439505e2817e?s=96&d=identicon&r=g\",\"caption\":\"Factorial\"},\"url\":\"https:\/\/factorialhr.com.br\/blog\/author\/factorial-hr\/\"}]}<\/script>\n<!-- \/ Yoast SEO Premium plugin. -->","yoast_head_json":{"title":"Art. 62 da CLT: quando a empresa n\u00e3o paga hora extra? | Factorial","description":"Saiba todos os termos do Art. 62 da CLT, que versa sobre os casos em que se exclui o controle de jornada dos funcion\u00e1rios. Confira!","robots":{"index":"index","follow":"follow","max-snippet":"max-snippet:-1","max-image-preview":"max-image-preview:large","max-video-preview":"max-video-preview:-1"},"canonical":"https:\/\/factorialhr.com.br\/blog\/art-62-clt\/","og_locale":"pt_BR","og_type":"article","og_title":"Art. 62 da CLT: quando a empresa n\u00e3o paga hora extra?","og_description":"Saiba todos os termos do Art. 62 da CLT, que versa sobre os casos em que se exclui o controle de jornada dos funcion\u00e1rios. Confira!","og_url":"https:\/\/factorialhr.com.br\/blog\/art-62-clt\/","og_site_name":"Factorial","article_publisher":"https:\/\/www.facebook.com\/people\/Factorial\/100064908455810\/","article_published_time":"2020-08-21T11:10:05+00:00","article_modified_time":"2024-02-09T13:44:31+00:00","og_image":[{"width":1112,"height":625,"url":"https:\/\/factorialhr.com.br\/wp-content\/uploads\/2020\/08\/30221946\/art-62-clt.jpg","type":"image\/jpeg"}],"author":"Factorial","twitter_card":"summary_large_image","twitter_creator":"@factorialapp","twitter_site":"@factorialapp","twitter_misc":{"Written by":"Factorial","Est. reading time":"7 minutos"},"schema":{"@context":"https:\/\/schema.org","@graph":[{"@type":"Article","@id":"https:\/\/factorialhr.com.br\/blog\/art-62-clt\/#article","isPartOf":{"@id":"https:\/\/factorialhr.com.br\/blog\/art-62-clt\/"},"author":{"name":"Factorial","@id":"https:\/\/factorialhr.com.br\/blog\/#\/schema\/person\/7b5a5469052118a0a452edb12733e380"},"headline":"Art. 62 da CLT: quando a empresa n\u00e3o paga hora extra?","datePublished":"2020-08-21T11:10:05+00:00","dateModified":"2024-02-09T13:44:31+00:00","mainEntityOfPage":{"@id":"https:\/\/factorialhr.com.br\/blog\/art-62-clt\/"},"wordCount":1683,"commentCount":1,"publisher":{"@id":"https:\/\/factorialhr.com.br\/blog\/#organization"},"keywords":["Compliance e Leis Trabalhistas"],"articleSection":["Controle de Despesas Corporativas"],"inLanguage":"pt-PT","potentialAction":[{"@type":"CommentAction","name":"Comment","target":["https:\/\/factorialhr.com.br\/blog\/art-62-clt\/#respond"]}]},{"@type":"WebPage","@id":"https:\/\/factorialhr.com.br\/blog\/art-62-clt\/","url":"https:\/\/factorialhr.com.br\/blog\/art-62-clt\/","name":"Art. 62 da CLT: quando a empresa n\u00e3o paga hora extra? | Factorial","isPartOf":{"@id":"https:\/\/factorialhr.com.br\/blog\/#website"},"datePublished":"2020-08-21T11:10:05+00:00","dateModified":"2024-02-09T13:44:31+00:00","description":"Saiba todos os termos do Art. 62 da CLT, que versa sobre os casos em que se exclui o controle de jornada dos funcion\u00e1rios. Confira!","inLanguage":"pt-PT","potentialAction":[{"@type":"ReadAction","target":["https:\/\/factorialhr.com.br\/blog\/art-62-clt\/"]}]},{"@type":"WebSite","@id":"https:\/\/factorialhr.com.br\/blog\/#website","url":"https:\/\/factorialhr.com.br\/blog\/","name":"Factorial","description":"","publisher":{"@id":"https:\/\/factorialhr.com.br\/blog\/#organization"},"potentialAction":[{"@type":"SearchAction","target":{"@type":"EntryPoint","urlTemplate":"https:\/\/factorialhr.com.br\/blog\/?s={search_term_string}"},"query-input":"required name=search_term_string"}],"inLanguage":"pt-PT"},{"@type":"Organization","@id":"https:\/\/factorialhr.com.br\/blog\/#organization","name":"All-in-one business management software - Factorial","url":"https:\/\/factorialhr.com.br\/blog\/","logo":{"@type":"ImageObject","inLanguage":"pt-PT","@id":"https:\/\/factorialhr.com.br\/blog\/#\/schema\/logo\/image\/","url":"https:\/\/factorialhr.com.br\/wp-content\/uploads\/2023\/07\/18155144\/factorial-logo.png","contentUrl":"https:\/\/factorialhr.com.br\/wp-content\/uploads\/2023\/07\/18155144\/factorial-logo.png","width":946,"height":880,"caption":"All-in-one business management software - Factorial"},"image":{"@id":"https:\/\/factorialhr.com.br\/blog\/#\/schema\/logo\/image\/"},"sameAs":["https:\/\/www.facebook.com\/people\/Factorial\/100064908455810\/","https:\/\/twitter.com\/factorialapp","https:\/\/www.linkedin.com\/company\/factorialhr","https:\/\/www.youtube.com\/@factorialmedia","https:\/\/www.instagram.com\/factorial\/#"]},{"@type":"Person","@id":"https:\/\/factorialhr.com.br\/blog\/#\/schema\/person\/7b5a5469052118a0a452edb12733e380","name":"Factorial","image":{"@type":"ImageObject","inLanguage":"pt-PT","@id":"https:\/\/factorialhr.com.br\/blog\/#\/schema\/person\/image\/","url":"https:\/\/secure.gravatar.com\/avatar\/94f45aafe3645ee8cdad439505e2817e?s=96&d=identicon&r=g","contentUrl":"https:\/\/secure.gravatar.com\/avatar\/94f45aafe3645ee8cdad439505e2817e?s=96&d=identicon&r=g","caption":"Factorial"},"url":"https:\/\/factorialhr.com.br\/blog\/author\/factorial-hr\/"}]}},"_links":{"self":[{"href":"https:\/\/factorialhr.com.br\/blog\/wp-json\/wp\/v2\/posts\/27749"}],"collection":[{"href":"https:\/\/factorialhr.com.br\/blog\/wp-json\/wp\/v2\/posts"}],"about":[{"href":"https:\/\/factorialhr.com.br\/blog\/wp-json\/wp\/v2\/types\/post"}],"author":[{"embeddable":true,"href":"https:\/\/factorialhr.com.br\/blog\/wp-json\/wp\/v2\/users\/136"}],"replies":[{"embeddable":true,"href":"https:\/\/factorialhr.com.br\/blog\/wp-json\/wp\/v2\/comments?post=27749"}],"version-history":[{"count":18,"href":"https:\/\/factorialhr.com.br\/blog\/wp-json\/wp\/v2\/posts\/27749\/revisions"}],"predecessor-version":[{"id":127000,"href":"https:\/\/factorialhr.com.br\/blog\/wp-json\/wp\/v2\/posts\/27749\/revisions\/127000"}],"wp:featuredmedia":[{"embeddable":true,"href":"https:\/\/factorialhr.com.br\/blog\/wp-json\/wp\/v2\/media\/46689"}],"wp:attachment":[{"href":"https:\/\/factorialhr.com.br\/blog\/wp-json\/wp\/v2\/media?parent=27749"}],"wp:term":[{"taxonomy":"category","embeddable":true,"href":"https:\/\/factorialhr.com.br\/blog\/wp-json\/wp\/v2\/categories?post=27749"},{"taxonomy":"post_tag","embeddable":true,"href":"https:\/\/factorialhr.com.br\/blog\/wp-json\/wp\/v2\/tags?post=27749"}],"curies":[{"name":"wp","href":"https:\/\/api.w.org\/{rel}","templated":true}]}}