{"id":154732,"date":"2025-03-29T00:35:03","date_gmt":"2025-03-28T22:35:03","guid":{"rendered":"https:\/\/factorialhr.com\/blog\/?p=154732"},"modified":"2026-03-26T16:52:38","modified_gmt":"2026-03-26T14:52:38","slug":"abril-verde-campanha-seguranca-do-trabalho","status":"publish","type":"post","link":"https:\/\/factorialhr.com.br\/blog\/abril-verde-campanha-seguranca-do-trabalho\/","title":{"rendered":"Abril Verde: como promover a seguran\u00e7a do trabalho e o compliance de SST"},"content":{"rendered":"<p>O <b data-path-to-node=\"3\" data-index-in-node=\"2\">Abril Verde<\/b> n\u00e3o \u00e9 apenas uma data no calend\u00e1rio corporativo; \u00e9 um movimento estrat\u00e9gico voltado para a preserva\u00e7\u00e3o do capital mais valioso de qualquer organiza\u00e7\u00e3o: as pessoas. No Brasil, os n\u00fameros de acidentes de trabalho e doen\u00e7as ocupacionais ainda representam um desafio cr\u00edtico para a produtividade e para o fechamento das contas do DP.<\/p>\n<p>Iniciativas como o <a href=\"https:\/\/factorialhr.com.br\/blog\/janeiro-branco-saude-mental\/\"><strong>Janeiro Branco<\/strong><\/a>\u00a0(sa\u00fade mental), <a href=\"https:\/\/factorialhr.com.br\/blog\/fevereiro-roxo-e-laranja\/\">Fevereiro Roxo e Laranja<\/a> (doen\u00e7as cr\u00f4nicas), <a href=\"https:\/\/factorialhr.com.br\/blog\/marco-azul-marinho-e-lilas\/\">Mar\u00e7o Azul-marinho<\/a> (c\u00e2ncer colorretal), Outubro Rosa (c\u00e2ncer de mama) e outras &#8211; foram criadas por \u00f3rg\u00e3os de sa\u00fade e sociedades m\u00e9dicas para alertar sobre preven\u00e7\u00e3o e cuidados.<\/p>\n<p>E em\u00a0<strong>abril<\/strong>, temos o\u00a0<strong>Abril Verde<\/strong>, m\u00eas dedicado \u00e0\u00a0<strong>seguran\u00e7a no trabalho<\/strong>\u00a0e preven\u00e7\u00e3o de acidentes laborais. \ud83d\udc9a<\/p>\n<p>Neste guia, exploramos como o RH pode transformar a campanha em uma cultura de preven\u00e7\u00e3o real, garantindo conformidade com as Normas Regulamentadoras (NRs) e mitigando riscos jur\u00eddicos.<\/p>\n<div class=\"js-toc toc\">\n<p class=\"js-toc-title toc__title\">\u00cdndice<\/p>\n<nav id=\"fac_toc_nav\" class=\"js-toc-nav toc__nav\" aria-label=\"\u00cdndice\"><ol class=\"toc__list toc__list--level-1\"><li class=\"toc-heading-level-2\"><a class=\"toc__link toc-link-heading-1\" href=\"https:\/\/factorialhr.com.br\/blog\/abril-verde-campanha-seguranca-do-trabalho\/#o-que-e-o-abril-verde-e-qual-a-sua-origem\" title=\"O que \u00e9 o Abril Verde e qual a sua origem?\" data-target-id=\"o-que-e-o-abril-verde-e-qual-a-sua-origem\">O que \u00e9 o Abril Verde e qual a sua origem?<\/a><\/li><li class=\"toc-heading-level-2\"><a class=\"toc__link toc-link-heading-2\" href=\"https:\/\/factorialhr.com.br\/blog\/abril-verde-campanha-seguranca-do-trabalho\/#a-importancia-da-seguranca-do-trabalho-para-o-rh-e-dp\" title=\"A import\u00e2ncia da Seguran\u00e7a do Trabalho para o RH e DP\" data-target-id=\"a-importancia-da-seguranca-do-trabalho-para-o-rh-e-dp\">A import\u00e2ncia da Seguran\u00e7a do Trabalho para o RH e DP<\/a><\/li><li class=\"toc-heading-level-2\"><a class=\"toc__link toc-link-heading-3\" href=\"https:\/\/factorialhr.com.br\/blog\/abril-verde-campanha-seguranca-do-trabalho\/#principais-normas-regulamentadoras-(nrs)-para-ficar-de-olho\" title=\"Principais Normas Regulamentadoras (NRs) para ficar de olho\" data-target-id=\"principais-normas-regulamentadoras-(nrs)-para-ficar-de-olho\">Principais Normas Regulamentadoras (NRs) para ficar de olho<\/a><\/li><li class=\"toc-heading-level-2\"><a class=\"toc__link toc-link-heading-4\" href=\"https:\/\/factorialhr.com.br\/blog\/abril-verde-campanha-seguranca-do-trabalho\/#abril-verde-2026-qual-o-tema-da-campanha-este-ano\" title=\"Abril Verde 2026: qual o tema da campanha este ano?\" data-target-id=\"abril-verde-2026-qual-o-tema-da-campanha-este-ano\">Abril Verde 2026: qual o tema da campanha este ano?<\/a><\/li><li class=\"toc-heading-level-2\"><a class=\"toc__link toc-link-heading-5\" href=\"https:\/\/factorialhr.com.br\/blog\/abril-verde-campanha-seguranca-do-trabalho\/#alem-do-fisico-a-saude-mental-como-pilar-do-abril-verde\" title=\"Al\u00e9m do f\u00edsico: A sa\u00fade mental como pilar do Abril Verde\" data-target-id=\"alem-do-fisico-a-saude-mental-como-pilar-do-abril-verde\">Al\u00e9m do f\u00edsico: A sa\u00fade mental como pilar do Abril Verde<\/a><\/li><li class=\"toc-heading-level-2\"><a class=\"toc__link toc-link-heading-6\" href=\"https:\/\/factorialhr.com.br\/blog\/abril-verde-campanha-seguranca-do-trabalho\/#como-implementar-o-abril-verde-na-sua-empresa-(acoes-praticas)\" title=\"Como implementar o Abril Verde na sua empresa (a\u00e7\u00f5es pr\u00e1ticas)\" data-target-id=\"como-implementar-o-abril-verde-na-sua-empresa-(acoes-praticas)\">Como implementar o Abril Verde na sua empresa (a\u00e7\u00f5es pr\u00e1ticas)<\/a><\/li><li class=\"toc-heading-level-2\"><a class=\"toc__link toc-link-heading-7\" href=\"https:\/\/factorialhr.com.br\/blog\/abril-verde-campanha-seguranca-do-trabalho\/#o-impacto-do-abril-verde-no-esocial-e-sst\" title=\"O impacto do Abril Verde no eSocial e SST\" data-target-id=\"o-impacto-do-abril-verde-no-esocial-e-sst\">O impacto do Abril Verde no eSocial e SST<\/a><\/li><li class=\"toc-heading-level-2\"><a class=\"toc__link toc-link-heading-8\" href=\"https:\/\/factorialhr.com.br\/blog\/abril-verde-campanha-seguranca-do-trabalho\/#abril-verde-e-a-cultura-de-seguranca-no-trabalho\" title=\"Abril Verde e a cultura de Seguran\u00e7a no Trabalho\" data-target-id=\"abril-verde-e-a-cultura-de-seguranca-no-trabalho\">Abril Verde e a cultura de Seguran\u00e7a no Trabalho<\/a><\/li><li class=\"toc-heading-level-2\"><a class=\"toc__link toc-link-heading-9\" href=\"https:\/\/factorialhr.com.br\/blog\/abril-verde-campanha-seguranca-do-trabalho\/#dados-e-estatisticas-sobre-seguranca-do-trabalho-no-brasil\" title=\"Dados e estat\u00edsticas sobre Seguran\u00e7a do Trabalho no Brasil\" data-target-id=\"dados-e-estatisticas-sobre-seguranca-do-trabalho-no-brasil\">Dados e estat\u00edsticas sobre Seguran\u00e7a do Trabalho no Brasil<\/a><\/li><li class=\"toc-heading-level-2\"><a class=\"toc__link toc-link-heading-10\" href=\"https:\/\/factorialhr.com.br\/blog\/abril-verde-campanha-seguranca-do-trabalho\/#como-as-empresas-podem-apoiar-a-campanha-abril-verde\" title=\"Como as empresas podem apoiar a Campanha Abril Verde?\" data-target-id=\"como-as-empresas-podem-apoiar-a-campanha-abril-verde\">Como as empresas podem apoiar a Campanha Abril Verde?<\/a><\/li><li class=\"toc-heading-level-2\"><a class=\"toc__link toc-link-heading-11\" href=\"https:\/\/factorialhr.com.br\/blog\/abril-verde-campanha-seguranca-do-trabalho\/#como-a-tecnologia-auxilia-na-gestao-de-sst-(bloco-factorial)\" title=\"Como a tecnologia auxilia na gest\u00e3o de SST (Bloco Factorial)\" data-target-id=\"como-a-tecnologia-auxilia-na-gestao-de-sst-(bloco-factorial)\">Como a tecnologia auxilia na gest\u00e3o de SST (Bloco Factorial)<\/a><\/li><li class=\"toc-heading-level-2\"><a class=\"toc__link toc-link-heading-12\" href=\"https:\/\/factorialhr.com.br\/blog\/abril-verde-campanha-seguranca-do-trabalho\/#o-que-as-pessoas-tambem-perguntam-sobre-o-abril-verde\" title=\"O que as pessoas tamb\u00e9m perguntam sobre o Abril Verde\" data-target-id=\"o-que-as-pessoas-tambem-perguntam-sobre-o-abril-verde\">O que as pessoas tamb\u00e9m perguntam sobre o Abril Verde<\/a><\/li><li class=\"toc-heading-level-2\"><a class=\"toc__link toc-link-heading-13\" href=\"https:\/\/factorialhr.com.br\/blog\/abril-verde-campanha-seguranca-do-trabalho\/#conclusao\" title=\"Conclus\u00e3o:\" data-target-id=\"conclusao\">Conclus\u00e3o:<\/a><\/li><\/ol><\/nav><\/div>\n<div class=\"hs-cta-embed hs-cta-simple-placeholder hs-cta-embed-202128954727\" style=\"max-width: 100%; max-height: 100%; width: 1200px; height: 379px;\" data-hubspot-wrapper-cta-id=\"202128954727\"><a href=\"https:\/\/cta-eu1.hubspot.com\/web-interactives\/public\/v1\/track\/redirect?encryptedPayload=AVxigLIpqmFkyfQZevoycBOQgh6YakEZ242Si3vFk%2FXKsBxqx1G1BOGEoM5rcqHET9djO11MhTR%2BjtXr1TqN%2Fw6qH1I0eyzHebNSpEw8ue34S1uuREOavpcHLcssKxI7FgKTKlNHOLmzSmDQNlz1nLe%2FoL0WWFvmncFDGwh0O8W4N6BftCMk8v6IuScc2lYUXtSeSrS04g%3D%3D&amp;webInteractiveContentId=202128954727&amp;portalId=4960096\" target=\"_blank\" rel=\"noopener\"><img decoding=\"async\" style=\"height: 100%; width: 100%; object-fit: fill;\" src=\"https:\/\/hubspot-no-cache-eu1-prod.s3.amazonaws.com\/cta\/default\/4960096\/interactive-202128954727.png\" alt=\"Imagem de capa de um relat\u00f3rio sobre as tend\u00eancias em Recursos Humanos (RH) para 2026, destacando a import\u00e2ncia de estar atualizado e preparado para o futuro do trabalho.\" \/><br \/>\n<\/a><\/div>\n<hr \/>\n<h2><strong>O que \u00e9 o Abril Verde e qual a sua origem?<\/strong><\/h2>\n<p data-path-to-node=\"6\">O Abril Verde \u00e9 uma campanha nacional de conscientiza\u00e7\u00e3o sobre a <strong><a href=\"https:\/\/factorialhr.com.br\/blog\/seguranca-do-trabalho\/\">Seguran\u00e7a e Sa\u00fade no Trabalho<\/a><\/strong><b data-path-to-node=\"6\" data-index-in-node=\"65\">\u00a0(SST)<\/b>. A escolha do m\u00eas e da cor n\u00e3o \u00e9 por acaso: o dia <b data-path-to-node=\"6\" data-index-in-node=\"151\">28 de abril<\/b> foi institu\u00eddo pela OIT (Organiza\u00e7\u00e3o Internacional do Trabalho) como o Dia Mundial em Mem\u00f3ria das V\u00edtimas de Acidentes e Doen\u00e7as do Trabalho, em homenagem aos 78 mineradores mortos em uma explos\u00e3o nos EUA, em 1969.<\/p>\n<p data-path-to-node=\"7\">No Brasil, a Lei n\u00ba 11.121\/2005 oficializou a data, servindo como um alerta para que empresas e empregados discutam a preven\u00e7\u00e3o como uma prioridade di\u00e1ria, e n\u00e3o apenas uma obriga\u00e7\u00e3o burocr\u00e1tica.<\/p>\n<hr \/>\n<h2 data-path-to-node=\"8\">A import\u00e2ncia da Seguran\u00e7a do Trabalho para o RH e DP<\/h2>\n<p data-path-to-node=\"9\">Para o setor de Recursos Humanos e Departamento Pessoal, a seguran\u00e7a do trabalho vai muito al\u00e9m do uso de capacetes. Ela \u00e9 um pilar de <a href=\"https:\/\/factorialhr.com.br\/blog\/compliance-trabalhista\/\" target=\"_blank\" rel=\"noopener\"><b data-path-to-node=\"9\" data-index-in-node=\"135\">Compliance Trabalhista<\/b><\/a>. A falta de uma gest\u00e3o eficiente de SST resulta em:<\/p>\n<ul data-path-to-node=\"10\">\n<li>\n<p data-path-to-node=\"10,0,0\"><b data-path-to-node=\"10,0,0\" data-index-in-node=\"0\">Custos elevados:<\/b> aumentos no Fator Acident\u00e1rio de Preven\u00e7\u00e3o (FAP) e no Seguro Contra Acidentes de Trabalho (RAT).<\/p>\n<\/li>\n<li>\n<p data-path-to-node=\"10,1,0\"><b data-path-to-node=\"10,1,0\" data-index-in-node=\"0\">Passivos jur\u00eddicos:<\/b> multas administrativas e processos de indeniza\u00e7\u00e3o por danos morais ou est\u00e9ticos.<\/p>\n<\/li>\n<li>\n<p data-path-to-node=\"10,2,0\"><b data-path-to-node=\"10,2,0\" data-index-in-node=\"0\">Absente\u00edsmo:<\/b> perda de produtividade devido a afastamentos m\u00e9dicos recorrentes.<\/p>\n<\/li>\n<\/ul>\n<p data-path-to-node=\"11\">Investir no Abril Verde \u00e9, portanto, investir na sustentabilidade financeira da empresa.<\/p>\n<hr \/>\n<h2 data-path-to-node=\"12\">Principais Normas Regulamentadoras (NRs) para ficar de olho<\/h2>\n<p data-path-to-node=\"13\">Para elevar a autoridade do seu plano de seguran\u00e7a, o RH deve dominar as <a href=\"https:\/\/factorialhr.com.br\/blog\/nr-normas-regulamentadoras-seguranca-do-trabalho\/\">Normas Regulamentadoras<\/a> \u00a0fundamentais. Estas normas ditam as regras do jogo:<\/p>\n<ol start=\"1\" data-path-to-node=\"14\">\n<li>\n<p data-path-to-node=\"14,0,0\"><b data-path-to-node=\"14,0,0\" data-index-in-node=\"0\">NR-1:<\/b> Disposi\u00e7\u00f5es gerais e gerenciamento de riscos ocupacionais (PGR).<\/p>\n<\/li>\n<li>\n<p data-path-to-node=\"14,1,0\"><b data-path-to-node=\"14,1,0\" data-index-in-node=\"0\">NR-5:<\/b> Regras para a constitui\u00e7\u00e3o e funcionamento da <b data-path-to-node=\"14,1,0\" data-index-in-node=\"52\">CIPA<\/b>.<\/p>\n<\/li>\n<li>\n<p data-path-to-node=\"14,2,0\"><b data-path-to-node=\"14,2,0\" data-index-in-node=\"0\">NR-7:<\/b> Diretrizes para o PCMSO (Programa de Controle M\u00e9dico de Sa\u00fade Ocupacional).<\/p>\n<\/li>\n<li>\n<p data-path-to-node=\"14,3,0\"><b data-path-to-node=\"14,3,0\" data-index-in-node=\"0\">NR-17:<\/b> Foco em <b data-path-to-node=\"14,3,0\" data-index-in-node=\"15\">Ergonomia<\/b>, essencial para prevenir LER\/DORT, inclusive no regime de teletrabalho.<\/p>\n<\/li>\n<\/ol>\n<p data-path-to-node=\"15,0\">Mantenha um ambiente seguro e saud\u00e1vel. Baixe nosso modelo de Pesquisa de clima e garanta que nada passe despercebido.<\/p>\n<p data-path-to-node=\"15,0\"> \n <!--HubSpot Call-to-Action Code -->\n    <span class=\"hs-cta-wrapper\" id=\"hs-cta-wrapper-a386096f-c5a2-4081-b8d5-7bd552da0794\">\n        <span class=\"hs-cta-node hs-cta-a386096f-c5a2-4081-b8d5-7bd552da0794\" id=\"a386096f-c5a2-4081-b8d5-7bd552da0794\">\n            <a href=\"https:\/\/cta-redirect.hubspot.com\/cta\/redirect\/4960096\/a386096f-c5a2-4081-b8d5-7bd552da0794\">\n                <img decoding=\"async\" class=\"lazyload hs-cta-img\" id=\"hs-cta-img-a386096f-c5a2-4081-b8d5-7bd552da0794\" style=\"border-width:0px;\" src=\"https:\/\/no-cache.hubspot.com\/cta\/default\/4960096\/a386096f-c5a2-4081-b8d5-7bd552da0794.png\"  alt=\"clima organizacional\" width=\"400\" height=\"400\" \/>\n            <\/a>\n        <\/span>\n        <script type=\"text\/javascript\">\n            function loadCTA(){\n                window.hbspt.cta.load(4960096, 'a386096f-c5a2-4081-b8d5-7bd552da0794', {'region': 'eu1'})\n            }\n            if(window.hbspt){\n                loadCTA()\n            }else{\n                Defer.js(\n                    'https:\/\/js.hubspot.com\/cta\/current.js',\n                    'hubspotCTA', \n                    0, \n                    loadCTA\n                );\n            }\n        <\/script>\n    <\/span>\n<!-- end HubSpot Call-to-Action Code -->\n<\/p>\n<hr \/>\n<h2>Abril Verde 2026: qual o tema da campanha este ano?<\/h2>\n<p data-path-to-node=\"5\">Diferente de outras campanhas sazonais, o <b data-path-to-node=\"5\" data-index-in-node=\"42\">Abril Verde 2026<\/b> mant\u00e9m a diretriz de flexibilidade tem\u00e1tica. Isso significa que n\u00e3o existe um tema \u00fanico obrigat\u00f3rio em n\u00edvel nacional, o que abre uma oportunidade estrat\u00e9gica para o RH: <b data-path-to-node=\"5\" data-index-in-node=\"230\">a personaliza\u00e7\u00e3o<\/b>.<\/p>\n<p data-path-to-node=\"6\">Em vez de seguir um mote gen\u00e9rico, sua empresa tem a liberdade de focar nos desafios reais do seu setor \u2014 seja o refor\u00e7o do uso de EPIs na opera\u00e7\u00e3o, a ergonomia no home office ou a sa\u00fade mental corporativa. Essa tend\u00eancia, que se consolidou nos \u00faltimos anos, permite que a conscientiza\u00e7\u00e3o seja muito mais assertiva e conectada \u00e0 cultura organizacional de cada neg\u00f3cio.<\/p>\n<p><a href=\"https:\/\/edixseguros.com.br\/\" target=\"_blank\" rel=\"noopener\"><img decoding=\"async\" class=\"alignnone wp-image-154733 size-full\" src=\"https:\/\/factorialhr.com.br\/wp-content\/uploads\/2025\/03\/29001921\/abril-verde-edix-seguros-seguranca-no-trabalho.webp\" alt=\"Imagem da campanha Abril Verde da Edix Seguros, destacando a import\u00e2ncia da seguran\u00e7a no trabalho e preven\u00e7\u00e3o de acidentes, com trabalhadores em constru\u00e7\u00e3o e o s\u00edmbolo de seguran\u00e7a em verde.\" width=\"900\" height=\"300\" srcset=\"https:\/\/factorialhr.com.br\/wp-content\/uploads\/2025\/03\/29001921\/abril-verde-edix-seguros-seguranca-no-trabalho.webp 900w, https:\/\/factorialhr.com.br\/wp-content\/uploads\/2025\/03\/29001921\/abril-verde-edix-seguros-seguranca-no-trabalho-300x100.webp 300w, https:\/\/factorialhr.com.br\/wp-content\/uploads\/2025\/03\/29001921\/abril-verde-edix-seguros-seguranca-no-trabalho-768x256.webp 768w\" sizes=\"(max-width: 900px) 100vw, 900px\" \/><\/a><\/p>\n<hr \/>\n<h2 data-path-to-node=\"16\">Al\u00e9m do f\u00edsico: A sa\u00fade mental como pilar do Abril Verde<\/h2>\n<p data-path-to-node=\"17\">A seguran\u00e7a do trabalho moderna n\u00e3o ignora o invis\u00edvel. Com a inclus\u00e3o do <b data-path-to-node=\"17\" data-index-in-node=\"74\">Burnout<\/b> na lista de doen\u00e7as ocupacionais da OMS, o Abril Verde tamb\u00e9m deve abordar a sa\u00fade mental. Estresse cr\u00f4nico, ansiedade e depress\u00e3o decorrentes do ambiente de trabalho s\u00e3o riscos ocupacionais t\u00e3o graves quanto um acidente f\u00edsico e devem ser monitorados atrav\u00e9s de pesquisas de clima e canais de escuta ativa.<\/p>\n<hr \/>\n<h2 data-path-to-node=\"18\">Como implementar o Abril Verde na sua empresa (a\u00e7\u00f5es pr\u00e1ticas)<\/h2>\n<p data-path-to-node=\"19\">Para que a campanha seja efetiva, saia do campo das ideias com estas a\u00e7\u00f5es:<\/p>\n<ul data-path-to-node=\"20\">\n<li>\n<p data-path-to-node=\"20,0,0\"><b data-path-to-node=\"20,0,0\" data-index-in-node=\"0\">Di\u00e1logos Semanais de Seguran\u00e7a (DSS):<\/b> rfeuni\u00f5es curtas de 10 minutos para falar sobre riscos espec\u00edficos de cada setor.<\/p>\n<\/li>\n<li>\n<p data-path-to-node=\"20,1,0\"><b data-path-to-node=\"20,1,0\" data-index-in-node=\"0\">Auditoria de EPIs:<\/b> verifica\u00e7\u00e3o do estado de conserva\u00e7\u00e3o e uso correto dos Equipamentos de Prote\u00e7\u00e3o Individual.<\/p>\n<\/li>\n<li>\n<p data-path-to-node=\"20,2,0\"><b data-path-to-node=\"20,2,0\" data-index-in-node=\"0\">Blitz ergon\u00f4mica:<\/b> ajuste de cadeiras, monitores e postura dos colaboradores.<\/p>\n<\/li>\n<li>\n<p data-path-to-node=\"20,3,0\"><b data-path-to-node=\"20,3,0\" data-index-in-node=\"0\">Campanha de check-up:<\/b> incentivo \u00e0 realiza\u00e7\u00e3o de exames peri\u00f3dicos pendentes.<\/p>\n<\/li>\n<\/ul>\n<hr \/>\n<h2 data-path-to-node=\"21\">O impacto do Abril Verde no eSocial e SST<\/h2>\n<p data-path-to-node=\"22\">Com a obrigatoriedade dos eventos de SST no <b data-path-to-node=\"22\" data-index-in-node=\"44\">eSocial<\/b>, a precis\u00e3o dos dados tornou-se vital. O Abril Verde \u00e9 o momento ideal para auditar se os eventos <b data-path-to-node=\"22\" data-index-in-node=\"150\">S-2210 (CAT)<\/b>, <b data-path-to-node=\"22\" data-index-in-node=\"164\">S-2220 (Monitoramento da Sa\u00fade)<\/b> e <b data-path-to-node=\"22\" data-index-in-node=\"198\">S-2240 (Condi\u00e7\u00f5es Ambientais)<\/b> est\u00e3o sendo enviados corretamente. A conscientiza\u00e7\u00e3o dos colaboradores facilita a coleta de informa\u00e7\u00f5es precisas para esses envios, evitando multas pesadas por inconsist\u00eancia de dados.<\/p>\n<hr \/>\n<h2><strong>Abril Verde e a cultura de Seguran\u00e7a no Trabalho<\/strong><\/h2>\n<p>Uma cultura de seguran\u00e7a s\u00f3lida \u00e9 essencial para prevenir acidentes e preservar a sa\u00fade dos colaboradores. Setores como RH, DP, Seguran\u00e7a do Trabalho e <a href=\"https:\/\/factorialhr.com.br\/blog\/saude-ocupacional\/\">Sa\u00fade Ocupacional<\/a> s\u00e3o cruciais para implementar pol\u00edticas e procedimentos eficazes que protejam os trabalhadores.<\/p>\n<p>Os gestores desempenham um papel fundamental ao liderar pelo exemplo, incentivando pr\u00e1ticas seguras. Investir em <a href=\"https:\/\/factorialhr.com.br\/blog\/software-de-gestao-de-treinamentos\/\">treinamentos<\/a>, equipamentos de prote\u00e7\u00e3o individual (EPIs) e consolidar um ambiente que priorize a seguran\u00e7a n\u00e3o apenas minimiza o risco de acidentes e doen\u00e7as ocupacionais, mas tamb\u00e9m incrementa a produtividade e eleva o moral da equipe.<\/p>\n<p>Essa preven\u00e7\u00e3o eficaz tamb\u00e9m evita custos desnecess\u00e1rios para as empresas, como gastos m\u00e9dicos e indeniza\u00e7\u00f5es, justificando o investimento em uma cultura de seguran\u00e7a como um ativo estrat\u00e9gico que beneficia a todos.<\/p>\n<p><a href=\"https:\/\/factorialhr.com.br\/software-de-gestao-de-pessoas\" target=\"_blank\" rel=\"noopener\"><img decoding=\"async\" class=\"alignnone wp-image-139779 size-full\" src=\"https:\/\/factorialhr.com.br\/wp-content\/uploads\/2024\/08\/27162722\/cta-blog-900x130_rh-antenado.webp\" alt=\"imagem em formato banner, em cor rosa com degrad\u00ea para amarelo e azul, com s\u00edmbolo da empresa e o texto Mantenha o seu RH sempre antenado, ao lado, h\u00e1 um bot\u00e3o vermelho escrito Experimente gr\u00e1tis\" width=\"900\" height=\"130\" srcset=\"https:\/\/factorialhr.com.br\/wp-content\/uploads\/2024\/08\/27162722\/cta-blog-900x130_rh-antenado.webp 900w, https:\/\/factorialhr.com.br\/wp-content\/uploads\/2024\/08\/27162722\/cta-blog-900x130_rh-antenado-300x43.webp 300w, https:\/\/factorialhr.com.br\/wp-content\/uploads\/2024\/08\/27162722\/cta-blog-900x130_rh-antenado-768x111.webp 768w\" sizes=\"(max-width: 900px) 100vw, 900px\" \/><\/a><\/p>\n<hr \/>\n<h2><strong>Dados e estat\u00edsticas sobre Seguran\u00e7a do Trabalho no Brasil<\/strong><\/h2>\n<p>Manter-se atualizado com dados anuais sobre acidentes e doen\u00e7as no trabalho \u00e9 cr\u00edtico para a formula\u00e7\u00e3o de estrat\u00e9gias preventivas eficazes. Informa\u00e7\u00f5es do <a href=\"https:\/\/www.gov.br\/trabalho-e-emprego\/pt-br\">Minist\u00e9rio do Trabalho e Emprego<\/a> e do eSocial s\u00e3o fundamentais para esta an\u00e1lise.<\/p>\n<p>Os dados mais recentes sobre acidentes e doen\u00e7as ocupacionais no Brasil destacam a necessidade de uma preven\u00e7\u00e3o cont\u00ednua:<\/p>\n<ul>\n<li><strong>2022<\/strong>: O Anu\u00e1rio Estat\u00edstico da Previd\u00eancia Social registrou 648.366 acidentes de trabalho e 2.842 mortes.<\/li>\n<li><strong>2023<\/strong>: O Minist\u00e9rio do Trabalho relatou <strong>499.955 acidentes de trabalho<\/strong> e <strong>2.888 mortes<\/strong>.<\/li>\n<li>At\u00e9 junho de <strong>2024<\/strong>, foram registrados <strong>268.788 acidentes<\/strong> e <strong>1.016 mortes<\/strong>. Os dados totais de 2024 ainda est\u00e3o em processamento no eSocial e ser\u00e3o divulgados em breve.<\/li>\n<\/ul>\n<p>As principais causas de afastamento no trabalho incluem <strong>les\u00f5es por falta de EPIs<\/strong> e <strong>treinamentos inadequados<\/strong>, al\u00e9m de doen\u00e7as do sistema osteomuscular devido \u00e0 ergonomia inadequada e transtornos mentais causados por estresse. A preven\u00e7\u00e3o eficaz envolve:<\/p>\n<ul>\n<li>Fornecimento e uso correto de EPIs<\/li>\n<li>Treinamentos regulares<\/li>\n<li>Adequa\u00e7\u00e3o ergon\u00f4mica dos postos de trabalho<\/li>\n<li>Promo\u00e7\u00e3o de um ambiente de trabalho saud\u00e1vel<\/li>\n<\/ul>\n<p>Al\u00e9m dos impactos sobre a sa\u00fade dos colaboradores, a aus\u00eancia de seguran\u00e7a acarreta custos financeiros significativos para as empresas, como despesas m\u00e9dicas e indeniza\u00e7\u00f5es. Portanto, investir em seguran\u00e7a protege os trabalhadores e a sa\u00fade financeira das organiza\u00e7\u00f5es.<\/p>\n<p><a href=\"https:\/\/edixseguros.com.br\/\" target=\"_blank\" rel=\"noopener\"><img decoding=\"async\" class=\"alignnone wp-image-154735 size-full\" src=\"https:\/\/factorialhr.com.br\/wp-content\/uploads\/2025\/03\/29002315\/edix-seguros-preventao-seguranca-trabalho.webp\" alt=\"Imagem promocional da Edix Seguros destacando a import\u00e2ncia da preven\u00e7\u00e3o e seguran\u00e7a em ambientes de trabalho, com foco na produtividade e prote\u00e7\u00e3o.\" width=\"900\" height=\"300\" srcset=\"https:\/\/factorialhr.com.br\/wp-content\/uploads\/2025\/03\/29002315\/edix-seguros-preventao-seguranca-trabalho.webp 900w, https:\/\/factorialhr.com.br\/wp-content\/uploads\/2025\/03\/29002315\/edix-seguros-preventao-seguranca-trabalho-300x100.webp 300w, https:\/\/factorialhr.com.br\/wp-content\/uploads\/2025\/03\/29002315\/edix-seguros-preventao-seguranca-trabalho-768x256.webp 768w\" sizes=\"(max-width: 900px) 100vw, 900px\" \/><\/a><\/p>\n<hr \/>\n<h2><strong>Como as empresas podem apoiar a Campanha Abril Verde?<\/strong><\/h2>\n<p>A EDIX Seguros recomenda v\u00e1rias a\u00e7\u00f5es pr\u00e1ticas para as empresas que desejam apoiar a campanha:<\/p>\n<ul>\n<li><strong>Campanhas internas de conscientiza\u00e7\u00e3o para informar e engajar os colaboradores.<\/strong><\/li>\n<li><strong>Treinamentos<\/strong> que capacitem os funcion\u00e1rios sobre riscos e medidas preventivas.<\/li>\n<li><strong>Inspe\u00e7\u00f5es regulares de seguran\u00e7a<\/strong> para identificar e corrigir potenciais riscos.<\/li>\n<li><strong>Fornecimento e uso adequado de EPIs<\/strong> para garantir a prote\u00e7\u00e3o dos trabalhadores.<\/li>\n<li><strong>Implementa\u00e7\u00e3o de pol\u00edticas de seguran\u00e7a<\/strong> eficazes para reduzir acidentes.<\/li>\n<\/ul>\n<hr \/>\n<h2 data-path-to-node=\"23\">Como a tecnologia auxilia na gest\u00e3o de SST (Bloco Factorial)<\/h2>\n<p data-path-to-node=\"24\">Gerenciar a seguran\u00e7a do trabalho exige controle rigoroso de exames, documentos e afastamentos. O uso de planilhas manuais aumenta o risco de perder prazos de exames peri\u00f3dicos (ASO) ou de ignorar padr\u00f5es de absente\u00edsmo que indicam doen\u00e7as ocupacionais em desenvolvimento.<\/p>\n<p data-path-to-node=\"25\">Com o <b data-path-to-node=\"25\" data-index-in-node=\"6\">Software da Factorial<\/b>, voc\u00ea centraliza todos os documentos m\u00e9dicos em uma plataforma segura e em conformidade com a LGPD. Nossa ferramenta permite monitorar afastamentos em tempo real, gerenciar renova\u00e7\u00f5es de exames automaticamente e gerar relat\u00f3rios de People Analytics que ajudam a identificar onde os riscos de seguran\u00e7a s\u00e3o maiores. Transforme a seguran\u00e7a em um processo automatizado, inteligente e livre de multas.<\/p>\n<div class=\"hs-cta-embed hs-cta-simple-placeholder hs-cta-embed-204388443774\" style=\"max-width: 100%; max-height: 100%; width: 900px; height: 339.8125px;\" data-hubspot-wrapper-cta-id=\"204388443774\"><a href=\"https:\/\/cta-eu1.hubspot.com\/web-interactives\/public\/v1\/track\/redirect?encryptedPayload=AVxigLKvGA9qgIrINoQzsaIZ5ysyv1k%2FZMARt6DmtfhEp7YSp8BqC%2FDcL33TswW3YJkZEHgC8%2Bn8YtT9SMlOfVztyBJmFZnFR10kisT8v7FFBm5EcqLCSq18NN83MYS3nwKRI0DsOVXotUxDeluW0sg3FUinSsda5yk8juHge7VyFwNxk%2FW2luG7zLsHVWYQc5zETL3vyb8%3D&amp;webInteractiveContentId=204388443774&amp;portalId=4960096\" target=\"_blank\" rel=\"noopener\"><img decoding=\"async\" style=\"height: 100%; width: 100%; object-fit: fill;\" src=\"https:\/\/hubspot-no-cache-eu1-prod.s3.amazonaws.com\/cta\/default\/4960096\/interactive-204388443774.png\" alt=\"Imagem de divulga\u00e7\u00e3o da plataforma da Factorial com intelig\u00eancia artificial para automa\u00e7\u00e3o de recursos humanos, destacando benef\u00edcios como menos trabalho manual, cria\u00e7\u00e3o de an\u00fancio de emprego e resumo de postagens.\" \/><br \/>\n<\/a><\/div>\n<hr \/>\n<h2 data-path-to-node=\"27\">O que as pessoas tamb\u00e9m perguntam sobre o Abril Verde<\/h2>\n<h3 data-path-to-node=\"28\"><b data-path-to-node=\"28\" data-index-in-node=\"0\">1. Qual o objetivo da campanha Abril Verde?<\/b><\/h3>\n<p data-path-to-node=\"28\">Conscientizar sobre a import\u00e2ncia da seguran\u00e7a e sa\u00fade no trabalho, visando a redu\u00e7\u00e3o de acidentes e doen\u00e7as ocupacionais atrav\u00e9s da preven\u00e7\u00e3o e do cumprimento das normas legais.<\/p>\n<h3 data-path-to-node=\"29\"><b data-path-to-node=\"29\" data-index-in-node=\"0\">2. Qual a lei que instituiu o Dia Nacional de Preven\u00e7\u00e3o?<\/b><\/h3>\n<p data-path-to-node=\"29\">A Lei n\u00ba 11.121\/2005 instituiu o Dia Nacional em Mem\u00f3ria das V\u00edtimas de Acidentes e Doen\u00e7as do Trabalho em 28 de abril, servindo de base para o movimento Abril Verde.<\/p>\n<h3 data-path-to-node=\"30\"><b data-path-to-node=\"30\" data-index-in-node=\"0\">3. O que \u00e9 considerado acidente de trabalho?<\/b><\/h3>\n<p data-path-to-node=\"30\">\u00c9 aquele que ocorre pelo exerc\u00edcio do trabalho a servi\u00e7o da empresa, provocando les\u00e3o corporal ou perturba\u00e7\u00e3o funcional que cause a morte ou a perda\/redu\u00e7\u00e3o da capacidade para o trabalho.<\/p>\n<h3 data-path-to-node=\"31\"><b data-path-to-node=\"31\" data-index-in-node=\"0\">4. Como garantir o anonimato em pesquisas de sa\u00fade ocupacional?<\/b><\/h3>\n<p data-path-to-node=\"31\">Utilizando softwares de gest\u00e3o especializados que criptografam dados sens\u00edveis e garantem que o RH receba apenas os indicadores macro, respeitando a privacidade do colaborador conforme a LGPD.<\/p>\n<hr \/>\n<h2><strong>Conclus\u00e3o:<\/strong><\/h2>\n<p>A seguran\u00e7a do trabalho n\u00e3o \u00e9 um projeto com data de validade, mas um compromisso cont\u00ednuo. Ao adotar o Abril Verde como uma estrat\u00e9gia de cultura organizacional, sua empresa n\u00e3o apenas cumpre a lei, mas constr\u00f3i um ambiente de alta performance baseado na confian\u00e7a e no bem-estar.<\/p>\n<p>Na EDIX Seguros, refor\u00e7amos que a seguran\u00e7a no trabalho \u00e9 uma <strong>responsabilidade compartilhada<\/strong>. A campanha Abril Verde serve como um importante lembrete da necessidade de preven\u00e7\u00e3o cont\u00ednua de acidentes e doen\u00e7as ocupacionais.<\/p>\n<p>Ao adotar pr\u00e1ticas seguras, cada colaborador contribui para um <strong>ambiente de trabalho mais saud\u00e1vel e produtivo<\/strong>.<\/p>\n<p><strong>\ud83d\udca1 Lembre-se:<\/strong> a seguran\u00e7a come\u00e7a com voc\u00ea, criando um futuro mais seguro para todos.<\/p>\n<p>A seguran\u00e7a no trabalho beneficia a todos.<\/p>\n<ul>\n<li><strong>Para os trabalhadores<\/strong>, um ambiente seguro significa maior bem-estar e redu\u00e7\u00e3o de riscos \u00e0 sa\u00fade.<\/li>\n<li><strong>Para as empresas<\/strong>, a seguran\u00e7a se traduz em aumento da produtividade, redu\u00e7\u00e3o de custos com afastamentos e uma imagem corporativa positiva.<\/li>\n<\/ul>\n<p>A <a href=\"https:\/\/edixseguros.com.br\/\" target=\"_blank\" rel=\"noopener\">EDIX Seguros<\/a> recomenda a implementa\u00e7\u00e3o de medidas preventivas, investimentos em treinamentos e equipamentos, e a promo\u00e7\u00e3o de um di\u00e1logo aberto sobre seguran\u00e7a, o que fortalece a cultura da empresa e seus resultados.<\/p>\n<p>E a Factorial pode te ajudar a executar tudo isso com diversas ferramentas:<\/p>\n<p>\ud83d\udd39\u00a0<strong>Canal de Den\u00fancias<\/strong>: Ambiente seguro para relatos an\u00f4nimos de colaboradores<\/p>\n<p>\ud83d\udd39\u00a0<strong>Rastreamento de CID<\/strong>: Identifica\u00e7\u00e3o e monitoramento de diagn\u00f3sticos frequentes<\/p>\n<p>\ud83d\udd39\u00a0<strong>Pesquisas de Bem-estar<\/strong>: Acompanhamento regular da sa\u00fade mental dos times<\/p>\n<p>\ud83d\udd39\u00a0<strong>Parceria com iFood Benef\u00edcios<\/strong>: Acesso a psic\u00f3logos, academias e outros recursos<\/p>\n<p>Conte com a gente para construir um ambiente de trabalho mais saud\u00e1vel e produtivo! \ud83d\udc99<\/p>\n<div class=\"hs-cta-embed hs-cta-simple-placeholder hs-cta-embed-204388443774\" style=\"max-width: 100%; max-height: 100%; width: 900px; height: 339.8125px;\" data-hubspot-wrapper-cta-id=\"204388443774\"><a href=\"https:\/\/cta-eu1.hubspot.com\/web-interactives\/public\/v1\/track\/redirect?encryptedPayload=AVxigLKvGA9qgIrINoQzsaIZ5ysyv1k%2FZMARt6DmtfhEp7YSp8BqC%2FDcL33TswW3YJkZEHgC8%2Bn8YtT9SMlOfVztyBJmFZnFR10kisT8v7FFBm5EcqLCSq18NN83MYS3nwKRI0DsOVXotUxDeluW0sg3FUinSsda5yk8juHge7VyFwNxk%2FW2luG7zLsHVWYQc5zETL3vyb8%3D&amp;webInteractiveContentId=204388443774&amp;portalId=4960096\" target=\"_blank\" rel=\"noopener\"><img decoding=\"async\" style=\"height: 100%; width: 100%; object-fit: fill;\" src=\"https:\/\/hubspot-no-cache-eu1-prod.s3.amazonaws.com\/cta\/default\/4960096\/interactive-204388443774.png\" alt=\"Imagem de divulga\u00e7\u00e3o da plataforma da Factorial com intelig\u00eancia artificial para automa\u00e7\u00e3o de recursos humanos, destacando benef\u00edcios como menos trabalho manual, cria\u00e7\u00e3o de an\u00fancio de emprego e resumo de postagens.\" \/><br \/>\n<\/a><\/div>\n","protected":false},"excerpt":{"rendered":"<p>O Abril Verde n\u00e3o \u00e9 apenas uma data no calend\u00e1rio corporativo; \u00e9 um movimento estrat\u00e9gico voltado para a preserva\u00e7\u00e3o do capital mais valioso de qualquer organiza\u00e7\u00e3o: as pessoas. No Brasil, os n\u00fameros de acidentes de trabalho e doen\u00e7as ocupacionais ainda representam um desafio cr\u00edtico para a produtividade e para o fechamento das contas do DP.<a href=\"https:\/\/factorialhr.com.br\/blog\/abril-verde-campanha-seguranca-do-trabalho\/\" class=\"read-more\"> [&#8230;]<\/a><\/p>\n","protected":false},"author":307,"featured_media":184802,"comment_status":"closed","ping_status":"closed","sticky":false,"template":"","format":"standard","meta":{"_acf_changed":false,"footnotes":""},"categories":[422],"tags":[],"class_list":["post-154732","post","type-post","status-publish","format-standard","has-post-thumbnail","hentry","category-gestao-de-talentos-rh"],"acf":{"topics":"talent"},"yoast_head":"<!-- This site is optimized with the Yoast SEO Premium plugin v21.5 (Yoast SEO v21.9.1) - https:\/\/yoast.com\/wordpress\/plugins\/seo\/ -->\n<title>Abril Verde 2026: guia de Seguran\u00e7a do Trabalho para empresas<\/title>\n<meta name=\"description\" content=\"O que \u00e9 o Abril Verde? Entenda a import\u00e2ncia da campanha de preven\u00e7\u00e3o de acidentes de trabalho e veja como o RH pode garantir a sa\u00fade ocupacional e o compliance.\" \/>\n<meta name=\"robots\" content=\"index, follow, max-snippet:-1, max-image-preview:large, max-video-preview:-1\" \/>\n<link rel=\"canonical\" href=\"https:\/\/factorialhr.com.br\/blog\/abril-verde-campanha-seguranca-do-trabalho\/\" \/>\n<meta property=\"og:locale\" content=\"pt_BR\" \/>\n<meta property=\"og:type\" content=\"article\" \/>\n<meta property=\"og:title\" content=\"Abril Verde: como promover a seguran\u00e7a do trabalho e o compliance de SST\" \/>\n<meta property=\"og:description\" content=\"O que \u00e9 o Abril Verde? Entenda a import\u00e2ncia da campanha de preven\u00e7\u00e3o de acidentes de trabalho e veja como o RH pode garantir a sa\u00fade ocupacional e o compliance.\" \/>\n<meta property=\"og:url\" content=\"https:\/\/factorialhr.com.br\/blog\/abril-verde-campanha-seguranca-do-trabalho\/\" \/>\n<meta property=\"og:site_name\" content=\"Factorial\" \/>\n<meta property=\"article:publisher\" content=\"https:\/\/www.facebook.com\/people\/Factorial\/100064908455810\/\" \/>\n<meta property=\"article:published_time\" content=\"2025-03-28T22:35:03+00:00\" \/>\n<meta property=\"article:modified_time\" content=\"2026-03-26T14:52:38+00:00\" \/>\n<meta property=\"og:image\" content=\"https:\/\/factorialhr.com.br\/wp-content\/uploads\/2025\/03\/26165215\/abril-verde-seguranca-do-trabalho-edix.webp\" \/>\n\t<meta property=\"og:image:width\" content=\"1280\" \/>\n\t<meta property=\"og:image:height\" content=\"720\" \/>\n\t<meta property=\"og:image:type\" content=\"image\/webp\" \/>\n<meta name=\"author\" content=\"Edix Seguros\" \/>\n<meta name=\"twitter:card\" content=\"summary_large_image\" \/>\n<meta name=\"twitter:creator\" content=\"@factorialapp\" \/>\n<meta name=\"twitter:site\" content=\"@factorialapp\" \/>\n<meta name=\"twitter:label1\" content=\"Written by\" \/>\n\t<meta name=\"twitter:data1\" content=\"Edix Seguros\" \/>\n\t<meta name=\"twitter:label2\" content=\"Est. reading time\" \/>\n\t<meta name=\"twitter:data2\" content=\"11 minutos\" \/>\n<script type=\"application\/ld+json\" class=\"yoast-schema-graph\">{\"@context\":\"https:\/\/schema.org\",\"@graph\":[{\"@type\":\"Article\",\"@id\":\"https:\/\/factorialhr.com.br\/blog\/abril-verde-campanha-seguranca-do-trabalho\/#article\",\"isPartOf\":{\"@id\":\"https:\/\/factorialhr.com.br\/blog\/abril-verde-campanha-seguranca-do-trabalho\/\"},\"author\":{\"name\":\"Edix Seguros\",\"@id\":\"https:\/\/factorialhr.com.br\/blog\/#\/schema\/person\/469807655bfb614b1d2ed5e25f716293\"},\"headline\":\"Abril Verde: como promover a seguran\u00e7a do trabalho e o compliance de SST\",\"datePublished\":\"2025-03-28T22:35:03+00:00\",\"dateModified\":\"2026-03-26T14:52:38+00:00\",\"mainEntityOfPage\":{\"@id\":\"https:\/\/factorialhr.com.br\/blog\/abril-verde-campanha-seguranca-do-trabalho\/\"},\"wordCount\":1951,\"publisher\":{\"@id\":\"https:\/\/factorialhr.com.br\/blog\/#organization\"},\"articleSection\":[\"Gest\u00e3o de Talentos\"],\"inLanguage\":\"pt-PT\"},{\"@type\":\"WebPage\",\"@id\":\"https:\/\/factorialhr.com.br\/blog\/abril-verde-campanha-seguranca-do-trabalho\/\",\"url\":\"https:\/\/factorialhr.com.br\/blog\/abril-verde-campanha-seguranca-do-trabalho\/\",\"name\":\"Abril Verde 2026: guia de Seguran\u00e7a do Trabalho para empresas\",\"isPartOf\":{\"@id\":\"https:\/\/factorialhr.com.br\/blog\/#website\"},\"datePublished\":\"2025-03-28T22:35:03+00:00\",\"dateModified\":\"2026-03-26T14:52:38+00:00\",\"description\":\"O que \u00e9 o Abril Verde? Entenda a import\u00e2ncia da campanha de preven\u00e7\u00e3o de acidentes de trabalho e veja como o RH pode garantir a sa\u00fade ocupacional e o compliance.\",\"inLanguage\":\"pt-PT\",\"potentialAction\":[{\"@type\":\"ReadAction\",\"target\":[\"https:\/\/factorialhr.com.br\/blog\/abril-verde-campanha-seguranca-do-trabalho\/\"]}]},{\"@type\":\"WebSite\",\"@id\":\"https:\/\/factorialhr.com.br\/blog\/#website\",\"url\":\"https:\/\/factorialhr.com.br\/blog\/\",\"name\":\"Factorial\",\"description\":\"\",\"publisher\":{\"@id\":\"https:\/\/factorialhr.com.br\/blog\/#organization\"},\"potentialAction\":[{\"@type\":\"SearchAction\",\"target\":{\"@type\":\"EntryPoint\",\"urlTemplate\":\"https:\/\/factorialhr.com.br\/blog\/?s={search_term_string}\"},\"query-input\":\"required name=search_term_string\"}],\"inLanguage\":\"pt-PT\"},{\"@type\":\"Organization\",\"@id\":\"https:\/\/factorialhr.com.br\/blog\/#organization\",\"name\":\"All-in-one business management software - Factorial\",\"url\":\"https:\/\/factorialhr.com.br\/blog\/\",\"logo\":{\"@type\":\"ImageObject\",\"inLanguage\":\"pt-PT\",\"@id\":\"https:\/\/factorialhr.com.br\/blog\/#\/schema\/logo\/image\/\",\"url\":\"https:\/\/factorialhr.com.br\/wp-content\/uploads\/2023\/07\/18155144\/factorial-logo.png\",\"contentUrl\":\"https:\/\/factorialhr.com.br\/wp-content\/uploads\/2023\/07\/18155144\/factorial-logo.png\",\"width\":946,\"height\":880,\"caption\":\"All-in-one business management software - Factorial\"},\"image\":{\"@id\":\"https:\/\/factorialhr.com.br\/blog\/#\/schema\/logo\/image\/\"},\"sameAs\":[\"https:\/\/www.facebook.com\/people\/Factorial\/100064908455810\/\",\"https:\/\/twitter.com\/factorialapp\",\"https:\/\/www.linkedin.com\/company\/factorialhr\",\"https:\/\/www.youtube.com\/@factorialmedia\",\"https:\/\/www.instagram.com\/factorial\/#\"]},{\"@type\":\"Person\",\"@id\":\"https:\/\/factorialhr.com.br\/blog\/#\/schema\/person\/469807655bfb614b1d2ed5e25f716293\",\"name\":\"Edix Seguros\",\"image\":{\"@type\":\"ImageObject\",\"inLanguage\":\"pt-PT\",\"@id\":\"https:\/\/factorialhr.com.br\/blog\/#\/schema\/person\/image\/\",\"url\":\"https:\/\/secure.gravatar.com\/avatar\/eefd029d58769b1e8ff62693576d7883?s=96&d=identicon&r=g\",\"contentUrl\":\"https:\/\/secure.gravatar.com\/avatar\/eefd029d58769b1e8ff62693576d7883?s=96&d=identicon&r=g\",\"caption\":\"Edix Seguros\"},\"description\":\"A Edix \u00e9 uma corretora de seguros especializada na consultoria dos principais benef\u00edcios empresariais: sa\u00fade, odonto, vida e alimenta\u00e7\u00e3o. Criada a partir de um plano estrat\u00e9gico, devidamente regulamentada e gerenciada por profissionais com experi\u00eancia no mercado segurador, a Edix apresenta uma solu\u00e7\u00e3o adequada e objetiva de acordo com a necessidade de cada um, garantindo um relacionamento duradouro com excel\u00eancia e transpar\u00eancia nas opera\u00e7\u00f5es.\",\"sameAs\":[\"https:\/\/edixseguros.com.br\/\",\"https:\/\/www.instagram.com\/edixseguros\"],\"url\":\"https:\/\/factorialhr.com.br\/blog\/author\/edix-seguros\/\"}]}<\/script>\n<!-- \/ Yoast SEO Premium plugin. -->","yoast_head_json":{"title":"Abril Verde 2026: guia de Seguran\u00e7a do Trabalho para empresas","description":"O que \u00e9 o Abril Verde? Entenda a import\u00e2ncia da campanha de preven\u00e7\u00e3o de acidentes de trabalho e veja como o RH pode garantir a sa\u00fade ocupacional e o compliance.","robots":{"index":"index","follow":"follow","max-snippet":"max-snippet:-1","max-image-preview":"max-image-preview:large","max-video-preview":"max-video-preview:-1"},"canonical":"https:\/\/factorialhr.com.br\/blog\/abril-verde-campanha-seguranca-do-trabalho\/","og_locale":"pt_BR","og_type":"article","og_title":"Abril Verde: como promover a seguran\u00e7a do trabalho e o compliance de SST","og_description":"O que \u00e9 o Abril Verde? Entenda a import\u00e2ncia da campanha de preven\u00e7\u00e3o de acidentes de trabalho e veja como o RH pode garantir a sa\u00fade ocupacional e o compliance.","og_url":"https:\/\/factorialhr.com.br\/blog\/abril-verde-campanha-seguranca-do-trabalho\/","og_site_name":"Factorial","article_publisher":"https:\/\/www.facebook.com\/people\/Factorial\/100064908455810\/","article_published_time":"2025-03-28T22:35:03+00:00","article_modified_time":"2026-03-26T14:52:38+00:00","og_image":[{"width":1280,"height":720,"url":"https:\/\/factorialhr.com.br\/wp-content\/uploads\/2025\/03\/26165215\/abril-verde-seguranca-do-trabalho-edix.webp","type":"image\/webp"}],"author":"Edix Seguros","twitter_card":"summary_large_image","twitter_creator":"@factorialapp","twitter_site":"@factorialapp","twitter_misc":{"Written by":"Edix Seguros","Est. reading time":"11 minutos"},"schema":{"@context":"https:\/\/schema.org","@graph":[{"@type":"Article","@id":"https:\/\/factorialhr.com.br\/blog\/abril-verde-campanha-seguranca-do-trabalho\/#article","isPartOf":{"@id":"https:\/\/factorialhr.com.br\/blog\/abril-verde-campanha-seguranca-do-trabalho\/"},"author":{"name":"Edix Seguros","@id":"https:\/\/factorialhr.com.br\/blog\/#\/schema\/person\/469807655bfb614b1d2ed5e25f716293"},"headline":"Abril Verde: como promover a seguran\u00e7a do trabalho e o compliance de SST","datePublished":"2025-03-28T22:35:03+00:00","dateModified":"2026-03-26T14:52:38+00:00","mainEntityOfPage":{"@id":"https:\/\/factorialhr.com.br\/blog\/abril-verde-campanha-seguranca-do-trabalho\/"},"wordCount":1951,"publisher":{"@id":"https:\/\/factorialhr.com.br\/blog\/#organization"},"articleSection":["Gest\u00e3o de Talentos"],"inLanguage":"pt-PT"},{"@type":"WebPage","@id":"https:\/\/factorialhr.com.br\/blog\/abril-verde-campanha-seguranca-do-trabalho\/","url":"https:\/\/factorialhr.com.br\/blog\/abril-verde-campanha-seguranca-do-trabalho\/","name":"Abril Verde 2026: guia de Seguran\u00e7a do Trabalho para empresas","isPartOf":{"@id":"https:\/\/factorialhr.com.br\/blog\/#website"},"datePublished":"2025-03-28T22:35:03+00:00","dateModified":"2026-03-26T14:52:38+00:00","description":"O que \u00e9 o Abril Verde? Entenda a import\u00e2ncia da campanha de preven\u00e7\u00e3o de acidentes de trabalho e veja como o RH pode garantir a sa\u00fade ocupacional e o compliance.","inLanguage":"pt-PT","potentialAction":[{"@type":"ReadAction","target":["https:\/\/factorialhr.com.br\/blog\/abril-verde-campanha-seguranca-do-trabalho\/"]}]},{"@type":"WebSite","@id":"https:\/\/factorialhr.com.br\/blog\/#website","url":"https:\/\/factorialhr.com.br\/blog\/","name":"Factorial","description":"","publisher":{"@id":"https:\/\/factorialhr.com.br\/blog\/#organization"},"potentialAction":[{"@type":"SearchAction","target":{"@type":"EntryPoint","urlTemplate":"https:\/\/factorialhr.com.br\/blog\/?s={search_term_string}"},"query-input":"required name=search_term_string"}],"inLanguage":"pt-PT"},{"@type":"Organization","@id":"https:\/\/factorialhr.com.br\/blog\/#organization","name":"All-in-one business management software - Factorial","url":"https:\/\/factorialhr.com.br\/blog\/","logo":{"@type":"ImageObject","inLanguage":"pt-PT","@id":"https:\/\/factorialhr.com.br\/blog\/#\/schema\/logo\/image\/","url":"https:\/\/factorialhr.com.br\/wp-content\/uploads\/2023\/07\/18155144\/factorial-logo.png","contentUrl":"https:\/\/factorialhr.com.br\/wp-content\/uploads\/2023\/07\/18155144\/factorial-logo.png","width":946,"height":880,"caption":"All-in-one business management software - Factorial"},"image":{"@id":"https:\/\/factorialhr.com.br\/blog\/#\/schema\/logo\/image\/"},"sameAs":["https:\/\/www.facebook.com\/people\/Factorial\/100064908455810\/","https:\/\/twitter.com\/factorialapp","https:\/\/www.linkedin.com\/company\/factorialhr","https:\/\/www.youtube.com\/@factorialmedia","https:\/\/www.instagram.com\/factorial\/#"]},{"@type":"Person","@id":"https:\/\/factorialhr.com.br\/blog\/#\/schema\/person\/469807655bfb614b1d2ed5e25f716293","name":"Edix Seguros","image":{"@type":"ImageObject","inLanguage":"pt-PT","@id":"https:\/\/factorialhr.com.br\/blog\/#\/schema\/person\/image\/","url":"https:\/\/secure.gravatar.com\/avatar\/eefd029d58769b1e8ff62693576d7883?s=96&d=identicon&r=g","contentUrl":"https:\/\/secure.gravatar.com\/avatar\/eefd029d58769b1e8ff62693576d7883?s=96&d=identicon&r=g","caption":"Edix Seguros"},"description":"A Edix \u00e9 uma corretora de seguros especializada na consultoria dos principais benef\u00edcios empresariais: sa\u00fade, odonto, vida e alimenta\u00e7\u00e3o. Criada a partir de um plano estrat\u00e9gico, devidamente regulamentada e gerenciada por profissionais com experi\u00eancia no mercado segurador, a Edix apresenta uma solu\u00e7\u00e3o adequada e objetiva de acordo com a necessidade de cada um, garantindo um relacionamento duradouro com excel\u00eancia e transpar\u00eancia nas opera\u00e7\u00f5es.","sameAs":["https:\/\/edixseguros.com.br\/","https:\/\/www.instagram.com\/edixseguros"],"url":"https:\/\/factorialhr.com.br\/blog\/author\/edix-seguros\/"}]}},"_links":{"self":[{"href":"https:\/\/factorialhr.com.br\/blog\/wp-json\/wp\/v2\/posts\/154732"}],"collection":[{"href":"https:\/\/factorialhr.com.br\/blog\/wp-json\/wp\/v2\/posts"}],"about":[{"href":"https:\/\/factorialhr.com.br\/blog\/wp-json\/wp\/v2\/types\/post"}],"author":[{"embeddable":true,"href":"https:\/\/factorialhr.com.br\/blog\/wp-json\/wp\/v2\/users\/307"}],"replies":[{"embeddable":true,"href":"https:\/\/factorialhr.com.br\/blog\/wp-json\/wp\/v2\/comments?post=154732"}],"version-history":[{"count":5,"href":"https:\/\/factorialhr.com.br\/blog\/wp-json\/wp\/v2\/posts\/154732\/revisions"}],"predecessor-version":[{"id":184582,"href":"https:\/\/factorialhr.com.br\/blog\/wp-json\/wp\/v2\/posts\/154732\/revisions\/184582"}],"wp:featuredmedia":[{"embeddable":true,"href":"https:\/\/factorialhr.com.br\/blog\/wp-json\/wp\/v2\/media\/184802"}],"wp:attachment":[{"href":"https:\/\/factorialhr.com.br\/blog\/wp-json\/wp\/v2\/media?parent=154732"}],"wp:term":[{"taxonomy":"category","embeddable":true,"href":"https:\/\/factorialhr.com.br\/blog\/wp-json\/wp\/v2\/categories?post=154732"},{"taxonomy":"post_tag","embeddable":true,"href":"https:\/\/factorialhr.com.br\/blog\/wp-json\/wp\/v2\/tags?post=154732"}],"curies":[{"name":"wp","href":"https:\/\/api.w.org\/{rel}","templated":true}]}}