{"id":117357,"date":"2023-10-11T16:49:25","date_gmt":"2023-10-11T14:49:25","guid":{"rendered":"https:\/\/factorialhr.com\/blog\/?p=117357"},"modified":"2023-10-13T10:03:04","modified_gmt":"2023-10-13T08:03:04","slug":"tipos-de-demissao","status":"publish","type":"post","link":"https:\/\/factorialhr.com.br\/blog\/tipos-de-demissao\/","title":{"rendered":"Tipos de demiss\u00e3o: quais s\u00e3o e como o RH deve lidar"},"content":{"rendered":"<p><strong>A demiss\u00e3o \u00e9 um evento que faz parte do ciclo natural das rela\u00e7\u00f5es de trabalho. Contudo, isso n\u00e3o significa que seja um momento agrad\u00e1vel ou simples de gerenciar. Por isso, o profissional de RH deve ter em mente quais s\u00e3o os tipos de demiss\u00e3o e saber como lidar com cada uma delas.<\/strong><\/p>\n<p>Como voc\u00ea deve saber, a demiss\u00e3o \u00e9 o processo formal que <a href=\"https:\/\/factorialhr.com.br\/blog\/vinculo-empregaticio-clt\/\" target=\"_blank\" rel=\"noopener\">encerra o v\u00ednculo empregat\u00edcio<\/a> entre empresa e funcion\u00e1rio.<\/p>\n<p>Ela pode ocorrer de diversas formas e em diferentes contextos, come\u00e7ando por quem toma a decis\u00e3o. Al\u00e9m disso, existem variados motivos pelos quais a empresa ou o colaborador podem decidir por este caminho.<\/p>\n<p>Neste artigo, exploraremos os principais tipos de demiss\u00e3o que <a href=\"https:\/\/factorialhr.com.br\/blog\/chief-happiness-officer\/\" target=\"_blank\" rel=\"noopener\">o setor de Recursos Humanos<\/a> pode enfrentar, destacando suas caracter\u00edsticas e principais implica\u00e7\u00f5es.<\/p>\n<p>Boa leitura!<\/p>\n<p><strong>\u2705 <a href=\"https:\/\/factorialhr.com.br\/gestao-de-talentos\" target=\"_blank\" rel=\"noopener\">Conhe\u00e7a uma tecnologia que ajuda na gest\u00e3o de offboarding da sua empresa<\/a><\/strong><\/p>\n<div class=\"js-toc toc\">\n<p class=\"js-toc-title toc__title\">\u00cdndice<\/p>\n<nav id=\"fac_toc_nav\" class=\"js-toc-nav toc__nav\" aria-label=\"\u00cdndice\"><ol class=\"toc__list toc__list--level-1\"><li class=\"toc-heading-level-2\"><a class=\"toc__link toc-link-heading-1\" href=\"https:\/\/factorialhr.com.br\/blog\/tipos-de-demissao\/#o-que-diz-a-clt-a-demissao-com-base-na-lei\" title=\"O que diz a CLT: a demiss\u00e3o com base na lei\" data-target-id=\"o-que-diz-a-clt-a-demissao-com-base-na-lei\">O que diz a CLT: a demiss\u00e3o com base na lei<\/a><\/li><li class=\"toc-heading-level-2\"><a class=\"toc__link toc-link-heading-2\" href=\"https:\/\/factorialhr.com.br\/blog\/tipos-de-demissao\/#tipos-de-demissao-conheca-os-principais\" title=\"Tipos de demiss\u00e3o: conhe\u00e7a os principais\" data-target-id=\"tipos-de-demissao-conheca-os-principais\">Tipos de demiss\u00e3o: conhe\u00e7a os principais<\/a><\/li><li class=\"toc-heading-level-2\"><a class=\"toc__link toc-link-heading-3\" href=\"https:\/\/factorialhr.com.br\/blog\/tipos-de-demissao\/#demissao-durante-o-periodo-de-experiencia-como-fazer-dentro-da-lei\" title=\"Demiss\u00e3o durante o per\u00edodo de experi\u00eancia: como fazer dentro da lei\" data-target-id=\"demissao-durante-o-periodo-de-experiencia-como-fazer-dentro-da-lei\">Demiss\u00e3o durante o per\u00edodo de experi\u00eancia: como fazer dentro da lei<\/a><\/li><li class=\"toc-heading-level-2\"><a class=\"toc__link toc-link-heading-4\" href=\"https:\/\/factorialhr.com.br\/blog\/tipos-de-demissao\/#\ud83d\udce5-[download]-checklist-de-offboarding-etapas-essenciais\" title=\"\ud83d\udce5 [Download] Checklist de Offboarding: Etapas essenciais\" data-target-id=\"\ud83d\udce5-[download]-checklist-de-offboarding-etapas-essenciais\">\ud83d\udce5 [Download] Checklist de Offboarding: Etapas essenciais<\/a><\/li><li class=\"toc-heading-level-2\"><a class=\"toc__link toc-link-heading-5\" href=\"https:\/\/factorialhr.com.br\/blog\/tipos-de-demissao\/#qual-e-o-melhor-tipo-de-demissao\" title=\"Qual \u00e9 o melhor tipo de demiss\u00e3o?\" data-target-id=\"qual-e-o-melhor-tipo-de-demissao\">Qual \u00e9 o melhor tipo de demiss\u00e3o?<\/a><\/li><li class=\"toc-heading-level-2\"><a class=\"toc__link toc-link-heading-6\" href=\"https:\/\/factorialhr.com.br\/blog\/tipos-de-demissao\/#\u2705-otimize-seu-processo-de-offboarding-com-a-factorial\" title=\"\u2705 Otimize seu processo de offboarding com a Factorial\" data-target-id=\"\u2705-otimize-seu-processo-de-offboarding-com-a-factorial\">\u2705 Otimize seu processo de offboarding com a Factorial<\/a><\/li><\/ol><\/nav><\/div>\n<p><span style=\"font-weight: 400;\"> \n <!--HubSpot Call-to-Action Code -->\n    <span class=\"hs-cta-wrapper\" id=\"hs-cta-wrapper-d14907bd-9078-4214-895d-ea3e5dc69dde\">\n        <span class=\"hs-cta-node hs-cta-d14907bd-9078-4214-895d-ea3e5dc69dde\" id=\"d14907bd-9078-4214-895d-ea3e5dc69dde\">\n            <a href=\"https:\/\/cta-redirect.hubspot.com\/cta\/redirect\/4960096\/d14907bd-9078-4214-895d-ea3e5dc69dde\">\n                <img decoding=\"async\" class=\"lazyload hs-cta-img\" id=\"hs-cta-img-d14907bd-9078-4214-895d-ea3e5dc69dde\" style=\"border-width:0px;\" src=\"https:\/\/no-cache.hubspot.com\/cta\/default\/4960096\/d14907bd-9078-4214-895d-ea3e5dc69dde.png\"  alt=\"performance\" width=\"900\" height=\"308\" \/>\n            <\/a>\n        <\/span>\n        <script type=\"text\/javascript\">\n            function loadCTA(){\n                window.hbspt.cta.load(4960096, 'd14907bd-9078-4214-895d-ea3e5dc69dde', {'region': 'eu1'})\n            }\n            if(window.hbspt){\n                loadCTA()\n            }else{\n                Defer.js(\n                    'https:\/\/js.hubspot.com\/cta\/current.js',\n                    'hubspotCTA', \n                    0, \n                    loadCTA\n                );\n            }\n        <\/script>\n    <\/span>\n<!-- end HubSpot Call-to-Action Code -->\n<\/span><\/p>\n<h2>O que diz a CLT: a demiss\u00e3o com base na lei<\/h2>\n<p><img decoding=\"async\" class=\"alignnone size-full wp-image-108656\" src=\"https:\/\/factorialhr.com.br\/wp-content\/uploads\/2023\/06\/26230715\/controle-de-faltas.jpg\" alt=\"formas de demiss\u00e3o\" width=\"830\" height=\"400\" srcset=\"https:\/\/factorialhr.com.br\/wp-content\/uploads\/2023\/06\/26230715\/controle-de-faltas.jpg 830w, https:\/\/factorialhr.com.br\/wp-content\/uploads\/2023\/06\/26230715\/controle-de-faltas-300x145.jpg 300w, https:\/\/factorialhr.com.br\/wp-content\/uploads\/2023\/06\/26230715\/controle-de-faltas-768x370.jpg 768w\" sizes=\"(max-width: 830px) 100vw, 830px\" \/><\/p>\n<p>Naturalmente, a <a href=\"https:\/\/factorialhr.com.br\/blog\/consolidacao-das-leis-do-trabalho-clt\/\" target=\"_blank\" rel=\"noopener\">Consolida\u00e7\u00e3o das Leis do Trabalho<\/a> (CLT) estabelece algumas regras para a demiss\u00e3o de funcion\u00e1rios no Brasil.<\/p>\n<p>O Cap\u00edtulo V da CLT, por exemplo, que compreende os artigos 477 a 486, regula o processo de rescis\u00e3o contratual e aponta as responsabilidades tanto da empresa quanto do funcion\u00e1rio durante o <a href=\"https:\/\/factorialhr.com.br\/blog\/offboarding-checklist\/\" target=\"_blank\" rel=\"noopener\">desligamento<\/a>.\u00a0<strong>Esses artigos descrevem os procedimentos a serem seguidos de acordo com o tipo de demiss\u00e3o realizada.<\/strong><\/p>\n<p>Vale dizer que o Cap\u00edtulo V da CLT passou por altera\u00e7\u00f5es significativas ap\u00f3s a <a href=\"https:\/\/www.planalto.gov.br\/ccivil_03\/_ato2015-2018\/2017\/lei\/l13467.htm\" target=\"_blank\" rel=\"noopener\">Reforma Trabalhista de 2017<\/a>, introduzindo uma nova modalidade de demiss\u00e3o, a chamada &#8220;<a href=\"https:\/\/factorialhr.com.br\/blog\/demissao-consensual\/\" target=\"_blank\" rel=\"noopener\">demiss\u00e3o por comum acordo<\/a>&#8220;. Falaremos dela adiante.<\/p>\n<p>Por hora, \u00e9 importante entender a import\u00e2ncia de sempre consultar a CLT atualizada, a fim de garantir que a empresa esteja em conformidade com <a href=\"https:\/\/factorialhr.com.br\/blog\/ferias-reforma-trabalhista\/\" target=\"_blank\" rel=\"noopener\">as leis trabalhistas<\/a>.<\/p>\n<p><span class=\"fe5nidar khvhiq1o r5qsrrlp i5tg98hk f9ovudaz przvwfww gx1rr48f gfz4du6o r7fjleex nz2484kf svot0ezm dcnh1tix sxl192xd t3g6t33p\"><span class=\"mpj7bzys xzlurrtv\">\ud83d\udc69\ud83c\udffd\u200d\ud83d\udcbc<\/span><\/span> <a href=\"https:\/\/factorialhr.com.br\/blog\/gestao-de-pessoas-e-talentos\/\" target=\"_blank\" rel=\"noopener\"><strong>Gest\u00e3o de pessoas e talentos: o segredo para fazer sua empresa crescer<\/strong><\/a><\/p>\n<h2><strong>Tipos de demiss\u00e3o: conhe\u00e7a os principais<\/strong><\/h2>\n<p>Como vimos, existem diferentes tipos de demiss\u00e3o, assim como muitos motivos que levam uma das partes, ou as duas, a tomarem essa decis\u00e3o.<\/p>\n<p>A seguir, voc\u00ea confere os principais tipos de desligamento que ocorrem hoje em dia nas empresas, assim como algumas dicas de como o RH deve lidar com cada situa\u00e7\u00e3o.<\/p>\n<p>Confira tamb\u00e9m o que diz a lei trabalhista atual sobre cada caso, e como fazer a melhor gest\u00e3o poss\u00edvel do offboarding de seus funcion\u00e1rios.<\/p>\n<h3>Demiss\u00e3o sem justa causa<\/h3>\n<p>A demiss\u00e3o sem justa causa acontece quando a empresa decide <a href=\"https:\/\/factorialhr.com.br\/blog\/como-remover-um-colaborador-do-sistema\/\" target=\"_blank\" rel=\"noopener\">encerrar o contrato de trabalho<\/a> de um funcion\u00e1rio sem que haja uma raz\u00e3o espec\u00edfica para isso.<\/p>\n<p>Em outras palavras, n\u00e3o h\u00e1 justificativa para a demiss\u00e3o. O que leva o colaborador, em muitos casos, a ser surpreendido com a decis\u00e3o.<\/p>\n<p>Por isso, neste momento \u00e9 essencial que o profissional de RH saiba <a href=\"https:\/\/factorialhr.com.br\/blog\/demissao-humanizada\/\" target=\"_blank\" rel=\"noopener\">como realizar uma demiss\u00e3o humanizada<\/a>. Conduzindo a demiss\u00e3o do funcion\u00e1rio da maneira mais emp\u00e1tica e cuidadosa poss\u00edvel.<\/p>\n<p>Atualmente, a legisla\u00e7\u00e3o trabalhista estabelece diversos direitos para proteger o trabalhador demitido sem justa causa.<strong> Entre eles, est\u00e3o:<\/strong><\/p>\n<ul>\n<li><a href=\"https:\/\/factorialhr.com.br\/blog\/aviso-previo\/\" target=\"_blank\" rel=\"noopener\">Aviso-pr\u00e9vio<\/a> indenizado proporcional;<\/li>\n<li>Pagamento do <a href=\"https:\/\/factorialhr.com.br\/blog\/como-calcular-o-decimo-terceiro-proporcional\/\" target=\"_blank\" rel=\"noopener\">13\u00ba sal\u00e1rio proporcional<\/a>;<\/li>\n<li>Pagamento do saldo do sal\u00e1rio;<\/li>\n<li><a href=\"https:\/\/factorialhr.com.br\/blog\/calcular-ferias-proporcionais\/\" target=\"_blank\" rel=\"noopener\">F\u00e9rias proporcionais<\/a> com o acr\u00e9scimo de 1\/3 do valor;<\/li>\n<li>Saque do saldo do <a href=\"https:\/\/factorialhr.com.br\/blog\/calendario-fgts\/\" target=\"_blank\" rel=\"noopener\">FGTS<\/a>;<\/li>\n<li>Multa de 40% sobre o saldo do FGTS.<\/li>\n<\/ul>\n<p>Al\u00e9m disso, o colaborador ainda tem direito <strong>ao seguro-desemprego<\/strong>, desde que tenha atuado por, no m\u00ednimo, 6 meses na empresa.<\/p>\n<p><span class=\"fe5nidar khvhiq1o r5qsrrlp i5tg98hk f9ovudaz przvwfww gx1rr48f gfz4du6o r7fjleex nz2484kf svot0ezm dcnh1tix sxl192xd t3g6t33p\"><span class=\"mpj7bzys xzlurrtv\">\ud83d\udc69\ud83c\udffb\u200d\ud83d\udcbb<\/span><\/span>\u00a0<a href=\"https:\/\/factorialhr.com.br\/blog\/seguro-desemprego\/\" target=\"_blank\" rel=\"bookmark noopener\"><strong>Como fazer o c\u00e1lculo do seguro-desemprego 2023 e quem pode receber<\/strong><\/a><\/p>\n<h3>Demiss\u00e3o por justa causa<\/h3>\n<p><img decoding=\"async\" class=\"alignnone wp-image-54454 size-full\" src=\"https:\/\/factorialhr.com.br\/wp-content\/uploads\/2020\/09\/25152047\/demissao-por-justa-causa.jpg\" alt=\"tipos de demiss\u00e3o por justa causa\" width=\"830\" height=\"400\" srcset=\"https:\/\/factorialhr.com.br\/wp-content\/uploads\/2020\/09\/25152047\/demissao-por-justa-causa.jpg 830w, https:\/\/factorialhr.com.br\/wp-content\/uploads\/2020\/09\/25152047\/demissao-por-justa-causa-300x145.jpg 300w, https:\/\/factorialhr.com.br\/wp-content\/uploads\/2020\/09\/25152047\/demissao-por-justa-causa-768x370.jpg 768w\" sizes=\"(max-width: 830px) 100vw, 830px\" \/><\/p>\n<p>A <a href=\"https:\/\/factorialhr.com.br\/blog\/justa-causa\/\" target=\"_blank\" rel=\"noopener\">demiss\u00e3o por justa causa<\/a> ocorre quando a empresa decide encerrar o contrato de trabalho de um funcion\u00e1rio devido a uma falta grave cometida por ele.<\/p>\n<p>Esse tipo de demiss\u00e3o est\u00e1 previsto na CLT, e inclui faltas graves como atos de improbidade, indisciplina, insubordina\u00e7\u00e3o, abandono de emprego, mau comportamento, entre outros.<\/p>\n<p>Neste caso, o colaborador demitido por justa causa perde diversos direitos, em compara\u00e7\u00e3o com a demiss\u00e3o sem justa causa.<\/p>\n<p><strong> Na demiss\u00e3o com justa causa, o profissional tem direito apenas a:<\/strong><\/p>\n<ul>\n<li>Saldo de sal\u00e1rio dos dias trabalhados no m\u00eas;<\/li>\n<li><a href=\"https:\/\/factorialhr.com.br\/blog\/aviso-recibo-ferias\/\" target=\"_blank\" rel=\"noopener\">F\u00e9rias vencidas<\/a> acrescidas de 1\/3 constitucional;<\/li>\n<li><a href=\"https:\/\/factorialhr.com.br\/blog\/salario-familia\/\" target=\"_blank\" rel=\"noopener\">Sal\u00e1rio-fam\u00edlia<\/a> (caso seja benefici\u00e1rio).<\/li>\n<\/ul>\n<p>Segundo a CLT, por\u00e9m, o empregador n\u00e3o pode mencionar a falta grave cometida pelo funcion\u00e1rio em sua Carteira de Trabalho. Al\u00e9m disso, a empresa deve pagar todas as verbas rescis\u00f3rias dentro de 10 dias a partir da data de comunica\u00e7\u00e3o da rescis\u00e3o.<\/p>\n<p><span class=\"fe5nidar khvhiq1o r5qsrrlp i5tg98hk f9ovudaz przvwfww gx1rr48f gfz4du6o r7fjleex nz2484kf svot0ezm dcnh1tix sxl192xd t3g6t33p\"><span class=\"mpj7bzys xzlurrtv\">\u2696\ufe0f<\/span><\/span>\u00a0<a href=\"https:\/\/factorialhr.com.br\/blog\/artigo-482-clt\/\" target=\"_blank\" rel=\"bookmark noopener\"><strong>Artigo 482 da CLT: Tudo sobre a demiss\u00e3o por justa causa<\/strong><\/a><\/p>\n<h3>Pedido de demiss\u00e3o<\/h3>\n<p>Outro tipo de demiss\u00e3o recorrente \u00e9 o<strong> pedido de demiss\u00e3o.<\/strong> Ele acontece quando o pr\u00f3prio funcion\u00e1rio decide rescindir <a href=\"https:\/\/factorialhr.com.br\/blog\/tipos-de-contrato-de-trabalho\/\" target=\"_blank\" rel=\"noopener\">seu contrato de trabalho<\/a>, mesmo que a empresa n\u00e3o deseje sua sa\u00edda. Em geral, esse pedido \u00e9 formalizado por meio de uma carta de demiss\u00e3o.<\/p>\n<p>Quando falamos no pedido de demiss\u00e3o, o trabalhador mant\u00e9m a maioria de seus direitos. A principal diferen\u00e7a est\u00e1 no <a href=\"https:\/\/factorialhr.com.br\/blog\/despesas-com-pessoal-e-encargos-sociais\/\" target=\"_blank\" rel=\"noopener\">pagamento do aviso pr\u00e9vio indenizado<\/a> (a menos que o profissional decida trabalhar os 30 dias), e na impossibilidade do saque do FGTS.<\/p>\n<p>Al\u00e9m disso, o trabalhador tamb\u00e9m perde o direito \u00e0 multa de 40% sobre o FGTS e ao\u00a0seguro-desemprego.<\/p>\n<p><span class=\"fe5nidar khvhiq1o r5qsrrlp i5tg98hk f9ovudaz przvwfww gx1rr48f gfz4du6o r7fjleex nz2484kf svot0ezm dcnh1tix sxl192xd t3g6t33p\"><span class=\"mpj7bzys xzlurrtv\">\ud83d\udcb0<\/span><\/span> <a href=\"https:\/\/factorialhr.com.br\/blog\/calcular-rescisao\/\" target=\"_blank\" rel=\"bookmark noopener\"><strong>Passo a passo para calcular a rescis\u00e3o de contrato [com todos os tipos de rescis\u00e3o]<\/strong><\/a><\/p>\n<h3>Demiss\u00e3o por comum acordo<\/h3>\n<p><img decoding=\"async\" class=\"alignnone size-full wp-image-117360\" src=\"https:\/\/factorialhr.com.br\/wp-content\/uploads\/2023\/09\/27012525\/demissao.jpg\" alt=\"quais os tipos de demiss\u00e3o\" width=\"830\" height=\"400\" srcset=\"https:\/\/factorialhr.com.br\/wp-content\/uploads\/2023\/09\/27012525\/demissao.jpg 830w, https:\/\/factorialhr.com.br\/wp-content\/uploads\/2023\/09\/27012525\/demissao-300x145.jpg 300w, https:\/\/factorialhr.com.br\/wp-content\/uploads\/2023\/09\/27012525\/demissao-768x370.jpg 768w\" sizes=\"(max-width: 830px) 100vw, 830px\" \/><\/p>\n<p>Lembra da demiss\u00e3o por comum acordo? Ela acontece quando tanto a empresa como o funcion\u00e1rio concordam em rescindir o contrato de trabalho.<\/p>\n<p>Essa modalidade de desligamento foi regulamentada ap\u00f3s a Reforma Trabalhista de 2017, e pode ser uma op\u00e7\u00e3o para quando o colaborador deseja sair da empresa, mas o empregador n\u00e3o quer demiti-lo.<\/p>\n<p><strong>Com isso, \u00e9 feito um comum acordo, em que o profissional tem direito a:<\/strong><\/p>\n<ul>\n<li>Saldo de sal\u00e1rio;<\/li>\n<li>Aviso-pr\u00e9vio de 50% (se for indenizado);<\/li>\n<li>F\u00e9rias vencidas com acr\u00e9scimo de 1\/3 constitucional;<\/li>\n<li>F\u00e9rias proporcionais acrescidas de 1\/3 constitucional;<\/li>\n<li>Multa de 20% sobre o FGTS;<\/li>\n<li>Saque de at\u00e9 80% do FGTS.<\/li>\n<\/ul>\n<p>A ideia aqui \u00e9 beneficiar tanto o colaborador quanto a empresa, chegando a um acordo que seja conveniente para ambas as partes.<\/p>\n<h3>E a demiss\u00e3o consensual?<\/h3>\n<p>Por fim, a demiss\u00e3o consensual \u00e9 equivalente \u00e0 demiss\u00e3o por comum acordo. A \u00fanica diferen\u00e7a est\u00e1 no nome atribu\u00eddo a cada uma delas.<\/p>\n<p><strong>Vamos explicar:<\/strong> a demiss\u00e3o por comum acordo era considerada ilegal at\u00e9 2017, uma vez que envolvia uma negocia\u00e7\u00e3o direta entre empregador e empregado. <a href=\"https:\/\/factorialhr.com.br\/blog\/ferias-reforma-trabalhista\/\" target=\"_blank\" rel=\"noopener\">Ap\u00f3s a Reforma Trabalhista<\/a>, ela passou a ser conhecida como demiss\u00e3o consensual.<\/p>\n<p>Assim, o colaborador submetido a essa modalidade de demiss\u00e3o tem os mesmos direitos listados na demiss\u00e3o por comum acordo.<\/p>\n<p><span class=\"fe5nidar khvhiq1o r5qsrrlp i5tg98hk f9ovudaz przvwfww gx1rr48f gfz4du6o r7fjleex nz2484kf svot0ezm dcnh1tix sxl192xd t3g6t33p\"><span class=\"mpj7bzys xzlurrtv\">\u27a1\ufe0f<\/span><\/span> <a href=\"https:\/\/factorialhr.com.br\/blog\/demissao-consensual\/\" target=\"_blank\" rel=\"noopener\"><strong>Saiba mais: o que \u00e9 demiss\u00e3o consensual e o que mudou com a Reforma Trabalhista<\/strong><\/a><\/p>\n<h2>Demiss\u00e3o durante o per\u00edodo de experi\u00eancia: como fazer dentro da lei<\/h2>\n<p><img decoding=\"async\" class=\"alignnone wp-image-116840 size-full\" src=\"https:\/\/factorialhr.com.br\/wp-content\/uploads\/2023\/09\/17164832\/contrato-pj.jpg\" alt=\"qual tipo de demiss\u00e3o tem direito a seguro-desemprego\" width=\"830\" height=\"400\" srcset=\"https:\/\/factorialhr.com.br\/wp-content\/uploads\/2023\/09\/17164832\/contrato-pj.jpg 830w, https:\/\/factorialhr.com.br\/wp-content\/uploads\/2023\/09\/17164832\/contrato-pj-300x145.jpg 300w, https:\/\/factorialhr.com.br\/wp-content\/uploads\/2023\/09\/17164832\/contrato-pj-768x370.jpg 768w\" sizes=\"(max-width: 830px) 100vw, 830px\" \/><\/p>\n<p><strong>E quanto \u00e0 demiss\u00e3o durante o per\u00edodo de experi\u00eancia, como o RH deve proceder?\u00a0<\/strong><a href=\"https:\/\/factorialhr.com.br\/blog\/contrato-de-experiencia\/\" target=\"_blank\" rel=\"noopener\">O per\u00edodo de experi\u00eancia<\/a> \u00e9 um per\u00edodo muito importante, pois \u00e9 o que vai determinar se \u00e9 vantajoso ou n\u00e3o manter o colaborador em seu quadro de funcion\u00e1rios.<\/p>\n<p>Contudo, e se durante esse per\u00edodo a empresa decidir desligar o colaborador, o que fazer? Segundo a CLT, esse movimento \u00e9 sim poss\u00edvel, desde que a empresa siga algumas normas.<\/p>\n<p>Primeiramente, a rescis\u00e3o pode ocorrer antes do prazo estipulado <a href=\"https:\/\/factorialhr.com.br\/blog\/tipos-de-contrato-de-trabalho\/\" target=\"_blank\" rel=\"noopener\">no contrato de experi\u00eancia<\/a>. A empresa pode decidir inclusive rescindir o contrato sem justa causa.<\/p>\n<p><strong>Quando isso acontece, por\u00e9m, o trabalhador desligado tem direito a receber <a href=\"https:\/\/factorialhr.com.br\/blog\/gestao-de-beneficios-corporativos\/\" target=\"_blank\" rel=\"noopener\">uma s\u00e9rie de benef\u00edcios<\/a>.\u00a0<\/strong>Entre eles, est\u00e3o o saldo de sal\u00e1rio, <a href=\"https:\/\/factorialhr.com.br\/blog\/como-calcular-ferias\/\" target=\"_blank\" rel=\"noopener\">f\u00e9rias proporcionais<\/a> acrescidas de um ter\u00e7o do valor, 40% de multa sobre o <a href=\"https:\/\/factorialhr.com.br\/blog\/fgts-digital\/\" target=\"_blank\" rel=\"noopener\">FGTS<\/a> e ainda o valor proporcional dos dias trabalhados no \u00faltimo m\u00eas de trabalho.<\/p>\n<p>Al\u00e9m disso, o funcion\u00e1rio tamb\u00e9m tem direito a uma indeniza\u00e7\u00e3o equivalente \u00e0 metade do valor que receberia pelo restante do per\u00edodo de sua experi\u00eancia.<\/p>\n<p>Entretanto, se a demiss\u00e3o <a href=\"https:\/\/factorialhr.com.br\/blog\/artigo-482-clt\/\" target=\"_blank\" rel=\"noopener\">for por justa causa<\/a>, os direitos s\u00e3o muito mais limitados. Aqui, vale a regra padr\u00e3o: o colaborador recebe apenas o saldo de sal\u00e1rio e o valor do FGTS, sem poder sacar o fundo de garantia e <a href=\"https:\/\/factorialhr.com.br\/blog\/seguridade-social\/\" target=\"_blank\" rel=\"noopener\">sem direito ao seguro-desemprego<\/a>.<\/p>\n<h2>\ud83d\udce5 [Download] Checklist de Offboarding: Etapas essenciais<\/h2>\n<p><span class=\"font-sans max-w-full text-lg font-normal whitespace-pre-wrap text-left text-neutral-80 inline\">O <\/span><span class=\"font-sans max-w-full text-lg font-bold whitespace-pre-wrap text-left text-neutral-80 inline\">Offboarding<\/span><span class=\"font-sans max-w-full text-lg font-normal whitespace-pre-wrap text-left text-neutral-80 inline\"> \u00e9 uma tarefa de grande import\u00e2ncia para o setor de Recursos Humanos. <\/span><\/p>\n<p><span class=\"font-sans max-w-full text-lg font-normal whitespace-pre-wrap text-left text-neutral-80 inline\">Para te ajudar com essa responsabilidade e tornar sua rotina mais f\u00e1cil, elaboramos um<\/span><strong><span class=\"font-sans max-w-full text-lg font-bold whitespace-pre-wrap text-left text-neutral-80 inline\"> Checklist de Offboarding <\/span><\/strong><span class=\"font-sans max-w-full text-lg font-normal whitespace-pre-wrap text-left text-neutral-80 inline\">com todas as etapas essenciais para que este momento seja bem sucedido. <\/span><\/p>\n<p><span class=\"font-sans max-w-full text-lg font-normal whitespace-pre-wrap text-left text-neutral-80 inline\"><strong>Baixe gratuitamente! <span class=\"fe5nidar khvhiq1o r5qsrrlp i5tg98hk f9ovudaz przvwfww gx1rr48f gfz4du6o r7fjleex nz2484kf svot0ezm dcnh1tix sxl192xd t3g6t33p\"><span class=\"mpj7bzys xzlurrtv\">\ud83d\udc47<\/span><\/span><\/strong><\/span><\/p>\n<p><span data-sheets-value=\"{&quot;1&quot;:2,&quot;2&quot;:&quot; \n &lt;!--HubSpot Call-to-Action Code --&gt;\n    &lt;span class=&quot;hs-cta-wrapper&quot; id=&quot;hs-cta-wrapper-c1e02ec7-7a86-46f1-8f67-7558ca5daa33&quot;&gt;\n        &lt;span class=&quot;hs-cta-node hs-cta-c1e02ec7-7a86-46f1-8f67-7558ca5daa33&quot; id=&quot;c1e02ec7-7a86-46f1-8f67-7558ca5daa33&quot;&gt;\n            &lt;a href=&quot;https:\/\/cta-redirect.hubspot.com\/cta\/redirect\/4960096\/c1e02ec7-7a86-46f1-8f67-7558ca5daa33&quot;&gt;\n                &lt;img class=&quot;lazyload hs-cta-img&quot; id=&quot;hs-cta-img-c1e02ec7-7a86-46f1-8f67-7558ca5daa33&quot; style=&quot;border-width:0px;&quot; src=&quot;https:\/\/no-cache.hubspot.com\/cta\/default\/4960096\/c1e02ec7-7a86-46f1-8f67-7558ca5daa33.png&quot;  alt=&quot;&quot;checklist&quot; width=&quot;&quot;400&quot;&quot; height=&quot;&quot;400&quot;&quot; \/&gt;\n            &lt;\/a&gt;\n        &lt;\/span&gt;\n        &lt;script type=&quot;text\/javascript&quot;&gt;\n            function loadCTA(){\n                window.hbspt.cta.load(4960096, &#039;c1e02ec7-7a86-46f1-8f67-7558ca5daa33&#039;, {&#039;region&#039;: &#039;eu1&#039;})\n            }\n            if(window.hbspt){\n                loadCTA()\n            }else{\n                Defer.js(\n                    &#039;https:\/\/js.hubspot.com\/cta\/current.js&#039;,\n                    &#039;hubspotCTA&#039;, \n                    0, \n                    loadCTA\n                );\n            }\n        &lt;\/script&gt;\n    &lt;\/span&gt;\n&lt;!-- end HubSpot Call-to-Action Code --&gt;\n&quot;}\" data-sheets-userformat=\"{&quot;2&quot;:769,&quot;3&quot;:{&quot;1&quot;:0},&quot;11&quot;:4,&quot;12&quot;:0}\"> \n <!--HubSpot Call-to-Action Code -->\n    <span class=\"hs-cta-wrapper\" id=\"hs-cta-wrapper-c1e02ec7-7a86-46f1-8f67-7558ca5daa33\">\n        <span class=\"hs-cta-node hs-cta-c1e02ec7-7a86-46f1-8f67-7558ca5daa33\" id=\"c1e02ec7-7a86-46f1-8f67-7558ca5daa33\">\n            <a href=\"https:\/\/cta-redirect.hubspot.com\/cta\/redirect\/4960096\/c1e02ec7-7a86-46f1-8f67-7558ca5daa33\">\n                <img decoding=\"async\" class=\"lazyload hs-cta-img\" id=\"hs-cta-img-c1e02ec7-7a86-46f1-8f67-7558ca5daa33\" style=\"border-width:0px;\" src=\"https:\/\/no-cache.hubspot.com\/cta\/default\/4960096\/c1e02ec7-7a86-46f1-8f67-7558ca5daa33.png\"  alt=\"checklist offboarding\" width=\"400\" height=\"400\" \/>\n            <\/a>\n        <\/span>\n        <script type=\"text\/javascript\">\n            function loadCTA(){\n                window.hbspt.cta.load(4960096, 'c1e02ec7-7a86-46f1-8f67-7558ca5daa33', {'region': 'eu1'})\n            }\n            if(window.hbspt){\n                loadCTA()\n            }else{\n                Defer.js(\n                    'https:\/\/js.hubspot.com\/cta\/current.js',\n                    'hubspotCTA', \n                    0, \n                    loadCTA\n                );\n            }\n        <\/script>\n    <\/span>\n<!-- end HubSpot Call-to-Action Code -->\n<\/span><\/p>\n<h2>Qual \u00e9 o melhor tipo de demiss\u00e3o?<\/h2>\n<p>N\u00e3o h\u00e1 como determinar quais tipos de demiss\u00e3o s\u00e3o mais adequados sem examinar o contexto. Essa decis\u00e3o sempre deve se basear no que diz a lei, assim como nos motivos que levaram <a href=\"https:\/\/factorialhr.com.br\/blog\/rescisao-indireta\/\" target=\"_blank\" rel=\"noopener\">ao desligamento<\/a>.<\/p>\n<p>Com isso, <a href=\"https:\/\/factorialhr.com.br\/blog\/dia-do-profissional-de-rh\/\" target=\"_blank\" rel=\"noopener\">o profissional de RH<\/a> \u00e9 a pessoa indicada para determinar qual modalidade de desligamento \u00e9 mais apropriada. Bem como os procedimentos que precisar\u00e3o ser seguidos para concluir o processo dentro da lei.<\/p>\n<p>Como j\u00e1 mencionamos, independentemente do motivo do desligamento, \u00e9 importante adotar certos cuidados. O principal deles \u00e9 <a href=\"https:\/\/factorialhr.com.br\/blog\/demissao-humanizada\/\" target=\"_blank\" rel=\"noopener\">conduzir uma demiss\u00e3o o mais humanizada<\/a>, pac\u00edfica e emp\u00e1tica poss\u00edvel.<\/p>\n<p>Al\u00e9m disso, se a decis\u00e3o de demiss\u00e3o partir da empresa, seja com ou sem justa causa, \u00e9 aconselh\u00e1vel que o RH <a href=\"https:\/\/factorialhr.com.br\/blog\/rh-estrategico-rh-tradicional\/\" target=\"_blank\" rel=\"noopener\">planeje cuidadosamente<\/a> o processo.<\/p>\n<p>Afinal, a demiss\u00e3o de um funcion\u00e1rio envolve <a href=\"https:\/\/factorialhr.com.br\/blog\/artigo-477-clt\/\" target=\"_blank\" rel=\"noopener\">custos relacionados \u00e0 rescis\u00e3o<\/a> contratual, assim como a uma poss\u00edvel <a href=\"https:\/\/factorialhr.com.br\/blog\/processo-de-contratacao\/\" target=\"_blank\" rel=\"noopener\">contrata\u00e7\u00e3o de um novo funcion\u00e1rio<\/a>. Tudo isso deve ser levado em considera\u00e7\u00e3o neste momento.<\/p>\n<p>Por fim, \u00e9 fundamental que a empresa comunique a decis\u00e3o de demiss\u00e3o ao funcion\u00e1rio de forma respeitosa e discreta, em um ambiente privado e com a maior clareza poss\u00edvel.<\/p>\n<p>O profissional de RH tamb\u00e9m deve estar <a href=\"https:\/\/factorialhr.com.br\/blog\/feedback-negativo\/\" target=\"_blank\" rel=\"noopener\">aberto a feedbacks<\/a>, permitindo que o colaborador exponha o seu ponto de vista sobre a situa\u00e7\u00e3o.<\/p>\n<p><strong>E lembre-se:<\/strong> independentemente do tipo de demiss\u00e3o, o RH deve garantir que todas as verbas rescis\u00f3rias e <a href=\"https:\/\/factorialhr.com.br\/blog\/direitos-trabalhistas\/\" target=\"_blank\" rel=\"noopener\">direitos trabalhistas<\/a> sejam pagos no prazo correto, dentro do que diz a lei.<\/p>\n<h2><span class=\"fe5nidar khvhiq1o r5qsrrlp i5tg98hk f9ovudaz przvwfww gx1rr48f gfz4du6o r7fjleex nz2484kf svot0ezm dcnh1tix sxl192xd t3g6t33p\"><span class=\"mpj7bzys xzlurrtv\">\u2705 <\/span><\/span>Otimize seu processo de offboarding com a Factorial<\/h2>\n<p><img decoding=\"async\" class=\"alignnone wp-image-107993 size-full\" src=\"https:\/\/factorialhr.com.br\/wp-content\/uploads\/2023\/06\/20164925\/despesas-software.jpg\" alt=\"que tipo de acordo pode ser feito na demiss\u00e3o\" width=\"830\" height=\"400\" srcset=\"https:\/\/factorialhr.com.br\/wp-content\/uploads\/2023\/06\/20164925\/despesas-software.jpg 830w, https:\/\/factorialhr.com.br\/wp-content\/uploads\/2023\/06\/20164925\/despesas-software-300x145.jpg 300w, https:\/\/factorialhr.com.br\/wp-content\/uploads\/2023\/06\/20164925\/despesas-software-768x370.jpg 768w\" sizes=\"(max-width: 830px) 100vw, 830px\" \/><\/p>\n<p><strong>A gente sabe que o momento do desligamento n\u00e3o \u00e9 f\u00e1cil.<\/strong> Felizmente, a tecnologia \u00e9 uma poderosa aliada nessas horas.<\/p>\n<p>A <a href=\"https:\/\/factorialhr.com.br\/\" target=\"_blank\" rel=\"noopener\">Factorial<\/a> \u00e9 uma ferramenta de gest\u00e3o de RH completa, preparada para lidar com diferentes tipos de demiss\u00e3o e ajudar o setor de RH a concluir esse processo com \u00e9tica, agilidade e empatia.<\/p>\n<p>Com uma plataforma intuitiva, nosso software ajuda voc\u00ea a recolher <a href=\"https:\/\/factorialhr.com.br\/blog\/como-dar-feedback\/\" target=\"_blank\" rel=\"noopener\">depoimentos valiosos dos funcion\u00e1rios<\/a> que est\u00e3o deixando a empresa. Al\u00e9m de promover uma sa\u00edda positiva e agrad\u00e1vel para todas as partes envolvidas.<\/p>\n<p><strong>Al\u00e9m disso, o seu RH ainda poder\u00e1:<\/strong><\/p>\n<ul>\n<li>gerenciar processos de <a href=\"https:\/\/factorialhr.com.br\/onboarding-offboarding-funcionarios\" target=\"_blank\" rel=\"noopener\">onboarding e offboarding<\/a>;<\/li>\n<li>fazer a <a href=\"https:\/\/factorialhr.com.br\/gestao-documentos\" target=\"_blank\" rel=\"noopener\">gest\u00e3o de documentos<\/a>\u00a0e contratos durante a entrada e o desligamento dos profissionais;<\/li>\n<li>captar a\u00a0<a href=\"https:\/\/factorialhr.com.br\/assinatura-digital\" target=\"_blank\" rel=\"noopener\">assinatura digital<\/a>\u00a0dos funcion\u00e1rios;<\/li>\n<li>realizar\u00a0<a href=\"https:\/\/factorialhr.com.br\/relatorios-indicadores-recursos-humanos\" target=\"_blank\" rel=\"noopener\">relat\u00f3rios de RH<\/a>;<\/li>\n<li>iniciar um novo processo <a href=\"https:\/\/factorialhr.com.br\/recrutamento-selecao\" target=\"_blank\" rel=\"noopener\">de recrutamento e sele\u00e7\u00e3o<\/a>;<\/li>\n<li>e\u00a0<a href=\"https:\/\/factorialhr.com.br\/aplicacoes\" target=\"_blank\" rel=\"noopener\">muito mais<\/a>!<\/li>\n<\/ul>\n<p><strong>\u2705 <a href=\"https:\/\/factorialhr.com.br\/solicitar-demonstracao\" target=\"_blank\" rel=\"noopener\">Experimente a Factorial na pr\u00e1tica durante 14 dias<\/a>, sem qualquer custo ou compromisso!<\/strong><\/p>\n<p><iframe title=\"Por que a Factorial?\" width=\"500\" height=\"281\" src=\"https:\/\/www.youtube.com\/embed\/4QmvkaPG6m0?feature=oembed\" frameborder=\"0\" allow=\"accelerometer; autoplay; clipboard-write; encrypted-media; gyroscope; picture-in-picture; web-share\" referrerpolicy=\"strict-origin-when-cross-origin\" allowfullscreen><\/iframe><\/p>\n<p><span style=\"font-weight: 400;\"> \n <!--HubSpot Call-to-Action Code -->\n    <span class=\"hs-cta-wrapper\" id=\"hs-cta-wrapper-47a131dc-3d73-47c4-8274-1e9f63b8c66c\">\n        <span class=\"hs-cta-node hs-cta-47a131dc-3d73-47c4-8274-1e9f63b8c66c\" id=\"47a131dc-3d73-47c4-8274-1e9f63b8c66c\">\n            <a href=\"https:\/\/cta-redirect.hubspot.com\/cta\/redirect\/4960096\/47a131dc-3d73-47c4-8274-1e9f63b8c66c\">\n                <img decoding=\"async\" class=\"lazyload hs-cta-img\" id=\"hs-cta-img-47a131dc-3d73-47c4-8274-1e9f63b8c66c\" style=\"border-width:0px;\" src=\"https:\/\/no-cache.hubspot.com\/cta\/default\/4960096\/47a131dc-3d73-47c4-8274-1e9f63b8c66c.png\"  alt=\"botao demo\" width=\"300\" height=\"150\" \/>\n            <\/a>\n        <\/span>\n        <script type=\"text\/javascript\">\n            function loadCTA(){\n                window.hbspt.cta.load(4960096, '47a131dc-3d73-47c4-8274-1e9f63b8c66c', {'region': 'eu1'})\n            }\n            if(window.hbspt){\n                loadCTA()\n            }else{\n                Defer.js(\n                    'https:\/\/js.hubspot.com\/cta\/current.js',\n                    'hubspotCTA', \n                    0, \n                    loadCTA\n                );\n            }\n        <\/script>\n    <\/span>\n<!-- end HubSpot Call-to-Action Code -->\n<\/span><\/p>\n<p>&nbsp;<\/p>\n","protected":false},"excerpt":{"rendered":"<p>A demiss\u00e3o \u00e9 um evento que faz parte do ciclo natural das rela\u00e7\u00f5es de trabalho. Contudo, isso n\u00e3o significa que seja um momento agrad\u00e1vel ou simples de gerenciar. Por isso, o profissional de RH deve ter em mente quais s\u00e3o os tipos de demiss\u00e3o e saber como lidar com cada uma delas. Como voc\u00ea deve<a href=\"https:\/\/factorialhr.com.br\/blog\/tipos-de-demissao\/\" class=\"read-more\"> [&#8230;]<\/a><\/p>\n","protected":false},"author":200,"featured_media":117362,"comment_status":"closed","ping_status":"closed","sticky":false,"template":"","format":"standard","meta":{"_acf_changed":false,"footnotes":""},"categories":[422],"tags":[],"class_list":["post-117357","post","type-post","status-publish","format-standard","has-post-thumbnail","hentry","category-gestao-de-talentos-rh"],"acf":{"topics":"talent"},"yoast_head":"<!-- This site is optimized with the Yoast SEO Premium plugin v21.5 (Yoast SEO v21.9.1) - https:\/\/yoast.com\/wordpress\/plugins\/seo\/ -->\n<title>Tipos de demiss\u00e3o: como o RH deve lidar com cada um | Factorial<\/title>\n<meta name=\"description\" content=\"O setor de RH pode ter que lidar com diferentes tipos de demiss\u00e3o, da consensual \u00e0 demiss\u00e3o por justa causa. Saiba como proceder em cada caso\" \/>\n<meta name=\"robots\" content=\"index, follow, max-snippet:-1, max-image-preview:large, max-video-preview:-1\" \/>\n<link rel=\"canonical\" href=\"https:\/\/factorialhr.com.br\/blog\/tipos-de-demissao\/\" \/>\n<meta property=\"og:locale\" content=\"pt_BR\" \/>\n<meta property=\"og:type\" content=\"article\" \/>\n<meta property=\"og:title\" content=\"Tipos de demiss\u00e3o: quais s\u00e3o e como o RH deve lidar\" \/>\n<meta property=\"og:description\" content=\"O setor de RH pode ter que lidar com diferentes tipos de demiss\u00e3o, da consensual \u00e0 demiss\u00e3o por justa causa. Saiba como proceder em cada caso\" \/>\n<meta property=\"og:url\" content=\"https:\/\/factorialhr.com.br\/blog\/tipos-de-demissao\/\" \/>\n<meta property=\"og:site_name\" content=\"Factorial\" \/>\n<meta property=\"article:publisher\" content=\"https:\/\/www.facebook.com\/people\/Factorial\/100064908455810\/\" \/>\n<meta property=\"article:author\" content=\"https:\/\/www.facebook.com\/FactorialBRPT\/\" \/>\n<meta property=\"article:published_time\" content=\"2023-10-11T14:49:25+00:00\" \/>\n<meta property=\"article:modified_time\" content=\"2023-10-13T08:03:04+00:00\" \/>\n<meta property=\"og:image\" content=\"https:\/\/factorialhr.com.br\/wp-content\/uploads\/2023\/09\/27015151\/tipos-de-demissao-2.jpg\" \/>\n\t<meta property=\"og:image:width\" content=\"1112\" \/>\n\t<meta property=\"og:image:height\" content=\"625\" \/>\n\t<meta property=\"og:image:type\" content=\"image\/jpeg\" \/>\n<meta name=\"author\" content=\"Renan Conde\" \/>\n<meta name=\"twitter:card\" content=\"summary_large_image\" \/>\n<meta name=\"twitter:creator\" content=\"@factorialapp\" \/>\n<meta name=\"twitter:site\" content=\"@factorialapp\" \/>\n<meta name=\"twitter:label1\" content=\"Written by\" \/>\n\t<meta name=\"twitter:data1\" content=\"Renan Conde\" \/>\n\t<meta name=\"twitter:label2\" content=\"Est. reading time\" \/>\n\t<meta name=\"twitter:data2\" content=\"9 minutos\" \/>\n<script type=\"application\/ld+json\" class=\"yoast-schema-graph\">{\"@context\":\"https:\/\/schema.org\",\"@graph\":[{\"@type\":\"Article\",\"@id\":\"https:\/\/factorialhr.com.br\/blog\/tipos-de-demissao\/#article\",\"isPartOf\":{\"@id\":\"https:\/\/factorialhr.com.br\/blog\/tipos-de-demissao\/\"},\"author\":{\"name\":\"Renan Conde\",\"@id\":\"https:\/\/factorialhr.com.br\/blog\/#\/schema\/person\/9f0c5ee79ee072000a1ce37429cf5f03\"},\"headline\":\"Tipos de demiss\u00e3o: quais s\u00e3o e como o RH deve lidar\",\"datePublished\":\"2023-10-11T14:49:25+00:00\",\"dateModified\":\"2023-10-13T08:03:04+00:00\",\"mainEntityOfPage\":{\"@id\":\"https:\/\/factorialhr.com.br\/blog\/tipos-de-demissao\/\"},\"wordCount\":1961,\"publisher\":{\"@id\":\"https:\/\/factorialhr.com.br\/blog\/#organization\"},\"articleSection\":[\"Gest\u00e3o de Talentos\"],\"inLanguage\":\"pt-PT\"},{\"@type\":\"WebPage\",\"@id\":\"https:\/\/factorialhr.com.br\/blog\/tipos-de-demissao\/\",\"url\":\"https:\/\/factorialhr.com.br\/blog\/tipos-de-demissao\/\",\"name\":\"Tipos de demiss\u00e3o: como o RH deve lidar com cada um | Factorial\",\"isPartOf\":{\"@id\":\"https:\/\/factorialhr.com.br\/blog\/#website\"},\"datePublished\":\"2023-10-11T14:49:25+00:00\",\"dateModified\":\"2023-10-13T08:03:04+00:00\",\"description\":\"O setor de RH pode ter que lidar com diferentes tipos de demiss\u00e3o, da consensual \u00e0 demiss\u00e3o por justa causa. Saiba como proceder em cada caso\",\"inLanguage\":\"pt-PT\",\"potentialAction\":[{\"@type\":\"ReadAction\",\"target\":[\"https:\/\/factorialhr.com.br\/blog\/tipos-de-demissao\/\"]}]},{\"@type\":\"WebSite\",\"@id\":\"https:\/\/factorialhr.com.br\/blog\/#website\",\"url\":\"https:\/\/factorialhr.com.br\/blog\/\",\"name\":\"Factorial\",\"description\":\"\",\"publisher\":{\"@id\":\"https:\/\/factorialhr.com.br\/blog\/#organization\"},\"potentialAction\":[{\"@type\":\"SearchAction\",\"target\":{\"@type\":\"EntryPoint\",\"urlTemplate\":\"https:\/\/factorialhr.com.br\/blog\/?s={search_term_string}\"},\"query-input\":\"required name=search_term_string\"}],\"inLanguage\":\"pt-PT\"},{\"@type\":\"Organization\",\"@id\":\"https:\/\/factorialhr.com.br\/blog\/#organization\",\"name\":\"All-in-one business management software - Factorial\",\"url\":\"https:\/\/factorialhr.com.br\/blog\/\",\"logo\":{\"@type\":\"ImageObject\",\"inLanguage\":\"pt-PT\",\"@id\":\"https:\/\/factorialhr.com.br\/blog\/#\/schema\/logo\/image\/\",\"url\":\"https:\/\/factorialhr.com.br\/wp-content\/uploads\/2023\/07\/18155144\/factorial-logo.png\",\"contentUrl\":\"https:\/\/factorialhr.com.br\/wp-content\/uploads\/2023\/07\/18155144\/factorial-logo.png\",\"width\":946,\"height\":880,\"caption\":\"All-in-one business management software - Factorial\"},\"image\":{\"@id\":\"https:\/\/factorialhr.com.br\/blog\/#\/schema\/logo\/image\/\"},\"sameAs\":[\"https:\/\/www.facebook.com\/people\/Factorial\/100064908455810\/\",\"https:\/\/twitter.com\/factorialapp\",\"https:\/\/www.linkedin.com\/company\/factorialhr\",\"https:\/\/www.youtube.com\/@factorialmedia\",\"https:\/\/www.instagram.com\/factorial\/#\"]},{\"@type\":\"Person\",\"@id\":\"https:\/\/factorialhr.com.br\/blog\/#\/schema\/person\/9f0c5ee79ee072000a1ce37429cf5f03\",\"name\":\"Renan Conde\",\"image\":{\"@type\":\"ImageObject\",\"inLanguage\":\"pt-PT\",\"@id\":\"https:\/\/factorialhr.com.br\/blog\/#\/schema\/person\/image\/\",\"url\":\"https:\/\/secure.gravatar.com\/avatar\/25ae41cdeb69edd6da2627ff155d5a05?s=96&d=identicon&r=g\",\"contentUrl\":\"https:\/\/secure.gravatar.com\/avatar\/25ae41cdeb69edd6da2627ff155d5a05?s=96&d=identicon&r=g\",\"caption\":\"Renan Conde\"},\"description\":\"Renan Conde \u00e9 Diretor Am\u00e9ricas da Factorial, onde tem gerenciado grandes equipes e atuado no desenvolvimento de novos mercados como o Reino Unido, Holanda, Alemanha, It\u00e1lia, Portugal, EUA e Brasil. Especialista no desenvolvimento de neg\u00f3cios internacionais h\u00e1 mais de 10 anos, passou por empresas como Casafari, a francesa Green-Acres, Coface, Icatu Seguros representando Insurope &amp; Swiss Life no Brasil e Ita\u00fa. Formado em administra\u00e7\u00e3o de empresas, j\u00e1 participou de confer\u00eancias da Insurope em Leipzig onde foi premiado por Business Achievement Goal.\",\"sameAs\":[\"https:\/\/www.facebook.com\/FactorialBRPT\/\",\"https:\/\/www.instagram.com\/factorial_br\/\",\"https:\/\/www.linkedin.com\/in\/renan-conde\/\",\"https:\/\/www.youtube.com\/c\/factorialbrasil\"],\"url\":\"https:\/\/factorialhr.com.br\/blog\/author\/renan-conde\/\"}]}<\/script>\n<!-- \/ Yoast SEO Premium plugin. -->","yoast_head_json":{"title":"Tipos de demiss\u00e3o: como o RH deve lidar com cada um | Factorial","description":"O setor de RH pode ter que lidar com diferentes tipos de demiss\u00e3o, da consensual \u00e0 demiss\u00e3o por justa causa. Saiba como proceder em cada caso","robots":{"index":"index","follow":"follow","max-snippet":"max-snippet:-1","max-image-preview":"max-image-preview:large","max-video-preview":"max-video-preview:-1"},"canonical":"https:\/\/factorialhr.com.br\/blog\/tipos-de-demissao\/","og_locale":"pt_BR","og_type":"article","og_title":"Tipos de demiss\u00e3o: quais s\u00e3o e como o RH deve lidar","og_description":"O setor de RH pode ter que lidar com diferentes tipos de demiss\u00e3o, da consensual \u00e0 demiss\u00e3o por justa causa. Saiba como proceder em cada caso","og_url":"https:\/\/factorialhr.com.br\/blog\/tipos-de-demissao\/","og_site_name":"Factorial","article_publisher":"https:\/\/www.facebook.com\/people\/Factorial\/100064908455810\/","article_author":"https:\/\/www.facebook.com\/FactorialBRPT\/","article_published_time":"2023-10-11T14:49:25+00:00","article_modified_time":"2023-10-13T08:03:04+00:00","og_image":[{"width":1112,"height":625,"url":"https:\/\/factorialhr.com.br\/wp-content\/uploads\/2023\/09\/27015151\/tipos-de-demissao-2.jpg","type":"image\/jpeg"}],"author":"Renan Conde","twitter_card":"summary_large_image","twitter_creator":"@factorialapp","twitter_site":"@factorialapp","twitter_misc":{"Written by":"Renan Conde","Est. reading time":"9 minutos"},"schema":{"@context":"https:\/\/schema.org","@graph":[{"@type":"Article","@id":"https:\/\/factorialhr.com.br\/blog\/tipos-de-demissao\/#article","isPartOf":{"@id":"https:\/\/factorialhr.com.br\/blog\/tipos-de-demissao\/"},"author":{"name":"Renan Conde","@id":"https:\/\/factorialhr.com.br\/blog\/#\/schema\/person\/9f0c5ee79ee072000a1ce37429cf5f03"},"headline":"Tipos de demiss\u00e3o: quais s\u00e3o e como o RH deve lidar","datePublished":"2023-10-11T14:49:25+00:00","dateModified":"2023-10-13T08:03:04+00:00","mainEntityOfPage":{"@id":"https:\/\/factorialhr.com.br\/blog\/tipos-de-demissao\/"},"wordCount":1961,"publisher":{"@id":"https:\/\/factorialhr.com.br\/blog\/#organization"},"articleSection":["Gest\u00e3o de Talentos"],"inLanguage":"pt-PT"},{"@type":"WebPage","@id":"https:\/\/factorialhr.com.br\/blog\/tipos-de-demissao\/","url":"https:\/\/factorialhr.com.br\/blog\/tipos-de-demissao\/","name":"Tipos de demiss\u00e3o: como o RH deve lidar com cada um | Factorial","isPartOf":{"@id":"https:\/\/factorialhr.com.br\/blog\/#website"},"datePublished":"2023-10-11T14:49:25+00:00","dateModified":"2023-10-13T08:03:04+00:00","description":"O setor de RH pode ter que lidar com diferentes tipos de demiss\u00e3o, da consensual \u00e0 demiss\u00e3o por justa causa. Saiba como proceder em cada caso","inLanguage":"pt-PT","potentialAction":[{"@type":"ReadAction","target":["https:\/\/factorialhr.com.br\/blog\/tipos-de-demissao\/"]}]},{"@type":"WebSite","@id":"https:\/\/factorialhr.com.br\/blog\/#website","url":"https:\/\/factorialhr.com.br\/blog\/","name":"Factorial","description":"","publisher":{"@id":"https:\/\/factorialhr.com.br\/blog\/#organization"},"potentialAction":[{"@type":"SearchAction","target":{"@type":"EntryPoint","urlTemplate":"https:\/\/factorialhr.com.br\/blog\/?s={search_term_string}"},"query-input":"required name=search_term_string"}],"inLanguage":"pt-PT"},{"@type":"Organization","@id":"https:\/\/factorialhr.com.br\/blog\/#organization","name":"All-in-one business management software - Factorial","url":"https:\/\/factorialhr.com.br\/blog\/","logo":{"@type":"ImageObject","inLanguage":"pt-PT","@id":"https:\/\/factorialhr.com.br\/blog\/#\/schema\/logo\/image\/","url":"https:\/\/factorialhr.com.br\/wp-content\/uploads\/2023\/07\/18155144\/factorial-logo.png","contentUrl":"https:\/\/factorialhr.com.br\/wp-content\/uploads\/2023\/07\/18155144\/factorial-logo.png","width":946,"height":880,"caption":"All-in-one business management software - Factorial"},"image":{"@id":"https:\/\/factorialhr.com.br\/blog\/#\/schema\/logo\/image\/"},"sameAs":["https:\/\/www.facebook.com\/people\/Factorial\/100064908455810\/","https:\/\/twitter.com\/factorialapp","https:\/\/www.linkedin.com\/company\/factorialhr","https:\/\/www.youtube.com\/@factorialmedia","https:\/\/www.instagram.com\/factorial\/#"]},{"@type":"Person","@id":"https:\/\/factorialhr.com.br\/blog\/#\/schema\/person\/9f0c5ee79ee072000a1ce37429cf5f03","name":"Renan Conde","image":{"@type":"ImageObject","inLanguage":"pt-PT","@id":"https:\/\/factorialhr.com.br\/blog\/#\/schema\/person\/image\/","url":"https:\/\/secure.gravatar.com\/avatar\/25ae41cdeb69edd6da2627ff155d5a05?s=96&d=identicon&r=g","contentUrl":"https:\/\/secure.gravatar.com\/avatar\/25ae41cdeb69edd6da2627ff155d5a05?s=96&d=identicon&r=g","caption":"Renan Conde"},"description":"Renan Conde \u00e9 Diretor Am\u00e9ricas da Factorial, onde tem gerenciado grandes equipes e atuado no desenvolvimento de novos mercados como o Reino Unido, Holanda, Alemanha, It\u00e1lia, Portugal, EUA e Brasil. Especialista no desenvolvimento de neg\u00f3cios internacionais h\u00e1 mais de 10 anos, passou por empresas como Casafari, a francesa Green-Acres, Coface, Icatu Seguros representando Insurope &amp; Swiss Life no Brasil e Ita\u00fa. Formado em administra\u00e7\u00e3o de empresas, j\u00e1 participou de confer\u00eancias da Insurope em Leipzig onde foi premiado por Business Achievement Goal.","sameAs":["https:\/\/www.facebook.com\/FactorialBRPT\/","https:\/\/www.instagram.com\/factorial_br\/","https:\/\/www.linkedin.com\/in\/renan-conde\/","https:\/\/www.youtube.com\/c\/factorialbrasil"],"url":"https:\/\/factorialhr.com.br\/blog\/author\/renan-conde\/"}]}},"_links":{"self":[{"href":"https:\/\/factorialhr.com.br\/blog\/wp-json\/wp\/v2\/posts\/117357"}],"collection":[{"href":"https:\/\/factorialhr.com.br\/blog\/wp-json\/wp\/v2\/posts"}],"about":[{"href":"https:\/\/factorialhr.com.br\/blog\/wp-json\/wp\/v2\/types\/post"}],"author":[{"embeddable":true,"href":"https:\/\/factorialhr.com.br\/blog\/wp-json\/wp\/v2\/users\/200"}],"replies":[{"embeddable":true,"href":"https:\/\/factorialhr.com.br\/blog\/wp-json\/wp\/v2\/comments?post=117357"}],"version-history":[{"count":7,"href":"https:\/\/factorialhr.com.br\/blog\/wp-json\/wp\/v2\/posts\/117357\/revisions"}],"predecessor-version":[{"id":118681,"href":"https:\/\/factorialhr.com.br\/blog\/wp-json\/wp\/v2\/posts\/117357\/revisions\/118681"}],"wp:featuredmedia":[{"embeddable":true,"href":"https:\/\/factorialhr.com.br\/blog\/wp-json\/wp\/v2\/media\/117362"}],"wp:attachment":[{"href":"https:\/\/factorialhr.com.br\/blog\/wp-json\/wp\/v2\/media?parent=117357"}],"wp:term":[{"taxonomy":"category","embeddable":true,"href":"https:\/\/factorialhr.com.br\/blog\/wp-json\/wp\/v2\/categories?post=117357"},{"taxonomy":"post_tag","embeddable":true,"href":"https:\/\/factorialhr.com.br\/blog\/wp-json\/wp\/v2\/tags?post=117357"}],"curies":[{"name":"wp","href":"https:\/\/api.w.org\/{rel}","templated":true}]}}