{"id":109062,"date":"2023-06-30T22:20:03","date_gmt":"2023-06-30T20:20:03","guid":{"rendered":"https:\/\/factorialhr.com\/blog\/?p=109062"},"modified":"2023-09-08T12:57:00","modified_gmt":"2023-09-08T10:57:00","slug":"eventos-corporativos","status":"publish","type":"post","link":"https:\/\/factorialhr.com.br\/blog\/eventos-corporativos\/","title":{"rendered":"Eventos corporativos: como us\u00e1-los para engajar sua equipe"},"content":{"rendered":"<p><strong>Os eventos corporativos s\u00e3o excelentes oportunidades para o crescimento da empresa e de seus colaboradores. Afinal, por meio deles os profissionais t\u00eam a chance de expandir seu networking, <a href=\"https:\/\/factorialhr.com.br\/blog\/employer-branding\/\" target=\"_blank\" rel=\"noopener\">promover a marca<\/a> para a qual trabalham e engajar o p\u00fablico.<\/strong><\/p>\n<p>Diante disso, fica evidente a import\u00e2ncia de promover a\u00e7\u00f5es focadas em melhorar a <a href=\"https:\/\/factorialhr.com.br\/blog\/microlearning-exemplos\/\" target=\"_blank\" rel=\"noopener\">intera\u00e7\u00e3o no ambiente corporativo<\/a>. No entanto, existem diversos tipos de eventos corporativos, formas de desenvolv\u00ea-los e recursos que podem ser utilizados.<\/p>\n<p>Para ajudar voc\u00ea, gestor ou <a href=\"https:\/\/factorialhr.com.br\/blog\/profissional-rh\/\" target=\"_blank\" rel=\"noopener\">profissional de RH<\/a>, preparamos esse conte\u00fado com<strong> tudo o que voc\u00ea precisa saber sobre eventos corporativos.<\/strong> Ao longo da leitura tamb\u00e9m apresentaremos o <a href=\"https:\/\/factorialhr.com.br\/blog\/software-de-rh\/\" target=\"_blank\" rel=\"noopener\">software da Factorial<\/a> como uma ferramenta aliada para seus eventos.<\/p>\n<p><strong>Ent\u00e3o, confira!<\/strong><\/p>\n<p><strong>\u2705 <a href=\"https:\/\/factorialhr.com.br\/gestao-de-talentos\" target=\"_blank\" rel=\"noopener\">Descubra uma tecnologia que pode ajudar na gest\u00e3o de a\u00e7\u00f5es internas em sua empresa<\/a><\/strong><\/p>\n<div class=\"js-toc toc\">\n<p class=\"js-toc-title toc__title\">\u00cdndice<\/p>\n<nav id=\"fac_toc_nav\" class=\"js-toc-nav toc__nav\" aria-label=\"\u00cdndice\"><ol class=\"toc__list toc__list--level-1\"><li class=\"toc-heading-level-2\"><a class=\"toc__link toc-link-heading-1\" href=\"https:\/\/factorialhr.com.br\/blog\/eventos-corporativos\/#o-que-sao-eventos-corporativos\" title=\"O que s\u00e3o eventos corporativos?\" data-target-id=\"o-que-sao-eventos-corporativos\">O que s\u00e3o eventos corporativos?<\/a><\/li><li class=\"toc-heading-level-2\"><a class=\"toc__link toc-link-heading-2\" href=\"https:\/\/factorialhr.com.br\/blog\/eventos-corporativos\/#qual-a-importancia-dos-eventos-corporativos-para-as-empresas\" title=\"Qual a import\u00e2ncia dos eventos corporativos para as empresas?\" data-target-id=\"qual-a-importancia-dos-eventos-corporativos-para-as-empresas\">Qual a import\u00e2ncia dos eventos corporativos para as empresas?<\/a><\/li><li class=\"toc-heading-level-2\"><a class=\"toc__link toc-link-heading-3\" href=\"https:\/\/factorialhr.com.br\/blog\/eventos-corporativos\/#como-engajar-os-colaboradores-em-eventos-corporativos\" title=\"Como engajar os colaboradores em eventos corporativos?\" data-target-id=\"como-engajar-os-colaboradores-em-eventos-corporativos\">Como engajar os colaboradores em eventos corporativos?<\/a><\/li><li class=\"toc-heading-level-2\"><a class=\"toc__link toc-link-heading-4\" href=\"https:\/\/factorialhr.com.br\/blog\/eventos-corporativos\/#\u2705-factorial-a-melhor-aliada-para-seus-eventos-corporativos\" title=\"\u2705 Factorial: a melhor aliada para seus eventos corporativos\" data-target-id=\"\u2705-factorial-a-melhor-aliada-para-seus-eventos-corporativos\">\u2705 Factorial: a melhor aliada para seus eventos corporativos<\/a><\/li><\/ol><\/nav><\/div>\n<p><span style=\"font-weight: 400;\"> \n <!--HubSpot Call-to-Action Code -->\n    <span class=\"hs-cta-wrapper\" id=\"hs-cta-wrapper-d14907bd-9078-4214-895d-ea3e5dc69dde\">\n        <span class=\"hs-cta-node hs-cta-d14907bd-9078-4214-895d-ea3e5dc69dde\" id=\"d14907bd-9078-4214-895d-ea3e5dc69dde\">\n            <a href=\"https:\/\/cta-redirect.hubspot.com\/cta\/redirect\/4960096\/d14907bd-9078-4214-895d-ea3e5dc69dde\">\n                <img decoding=\"async\" class=\"lazyload hs-cta-img\" id=\"hs-cta-img-d14907bd-9078-4214-895d-ea3e5dc69dde\" style=\"border-width:0px;\" src=\"https:\/\/no-cache.hubspot.com\/cta\/default\/4960096\/d14907bd-9078-4214-895d-ea3e5dc69dde.png\"  alt=\"performance\" width=\"900\" height=\"308\" \/>\n            <\/a>\n        <\/span>\n        <script type=\"text\/javascript\">\n            function loadCTA(){\n                window.hbspt.cta.load(4960096, 'd14907bd-9078-4214-895d-ea3e5dc69dde', {'region': 'eu1'})\n            }\n            if(window.hbspt){\n                loadCTA()\n            }else{\n                Defer.js(\n                    'https:\/\/js.hubspot.com\/cta\/current.js',\n                    'hubspotCTA', \n                    0, \n                    loadCTA\n                );\n            }\n        <\/script>\n    <\/span>\n<!-- end HubSpot Call-to-Action Code -->\n<\/span><\/p>\n<h2>O que s\u00e3o eventos corporativos?<\/h2>\n<p>Eventos corporativos s\u00e3o encontros ou reuni\u00f5es organizados por uma empresa para promover a intera\u00e7\u00e3o entre os participantes. <strong>Entre os objetivos de sua realiza\u00e7\u00e3o, destacam-se:<\/strong><\/p>\n<ul>\n<li aria-level=\"1\">Promo\u00e7\u00e3o de um produto ou servi\u00e7o novo;<\/li>\n<li aria-level=\"1\">Fortalecimento da <a href=\"https:\/\/factorialhr.com.br\/blog\/o-que-e-cultura-organizacional\/\" target=\"_blank\" rel=\"noopener\">cultura organizacional<\/a>;<\/li>\n<li aria-level=\"1\">Treinamentos para o <a href=\"https:\/\/factorialhr.com.br\/blog\/treinamento-e-capacitacao-de-funcionarios\/\" target=\"_blank\" rel=\"noopener\">crescimento profissional<\/a> dos colaboradores.<\/li>\n<\/ul>\n<p>Esse p\u00fablico pode ser interno, com gestores, l\u00edderes e colaboradores. Ou externo, com investidores, fornecedores, clientes, etc. <strong>O que definir\u00e1 quem ser\u00e3o os envolvidos ser\u00e1 o tipo de evento realizado. <\/strong>Entre os mais comuns, podemos citar:<\/p>\n<ul>\n<li aria-level=\"1\"><strong>Congressos:<\/strong> eventos em grande escala que re\u00fanem especialistas e profissionais para discutir e compartilhar conhecimentos sobre determinado assunto;<\/li>\n<li aria-level=\"1\"><strong>Conven\u00e7\u00f5es:<\/strong> encontros realizados com o prop\u00f3sito de <a href=\"https:\/\/factorialhr.com.br\/blog\/rede-social-corporativa-exemplos\/\" target=\"_blank\" rel=\"noopener\">gerar networking, aprendizado e troca<\/a> de ideias;<\/li>\n<li aria-level=\"1\"><strong>Workshops e oficinas:<\/strong> atividades pr\u00e1ticas e interativas que oferecem oportunidade de aprendizado e <a href=\"https:\/\/factorialhr.com.br\/blog\/soft-skills-exemplos\/\" target=\"_blank\" rel=\"noopener\">desenvolvimento de habilidades<\/a> em um ambiente participativo;<\/li>\n<li aria-level=\"1\"><strong>Feiras:<\/strong> s\u00e3o eventos que re\u00fanem empresas e profissionais para promover produtos, servi\u00e7os e inova\u00e7\u00f5es de uma determinada \u00e1rea;<\/li>\n<li aria-level=\"1\"><strong>Treinamentos e cursos: s<\/strong>\u00e3o atividades estruturadas visando aprimorar ou desenvolver <a href=\"https:\/\/factorialhr.com.br\/blog\/treinamento-corporativo-entrevista\/\" target=\"_blank\" rel=\"noopener\">habilidades e compet\u00eancias<\/a> dos profissionais de uma empresa.<\/li>\n<\/ul>\n<p>Vale lembrar que os eventos corporativos tamb\u00e9m exigem planejamento e antecipa\u00e7\u00e3o para ocorrerem com sucesso. Por isso, <strong>o ideal \u00e9 contar com uma <a href=\"https:\/\/factorialhr.com.br\/blog\/plano-comunicacao-interna\/\" target=\"_blank\" rel=\"noopener\">comunica\u00e7\u00e3o ativa<\/a> e muita organiza\u00e7\u00e3o.\u00a0<\/strong><\/p>\n<p>Al\u00e9m disso, com tantas mudan\u00e7as ocorrendo no mercado, a possibilidade de<strong> criar eventos online<\/strong> facilita muito a vida do <a href=\"https:\/\/factorialhr.com.br\/blog\/gestao-de-pessoas-e-talentos\/\" target=\"_blank\" rel=\"noopener\">gestor e profissional de RH<\/a>.<\/p>\n<p><strong> \ud83d\uddd3\ufe0f\u00a0<a href=\"https:\/\/factorialhr.com.br\/blog\/calendario-feriados-rh-dp\/\" target=\"_blank\" rel=\"bookmark noopener\">Calend\u00e1rio 2023: feriados, eventos e obriga\u00e7\u00f5es para RH e DP [+ Download PDF]<\/a><\/strong><\/p>\n<h2>Qual a import\u00e2ncia dos eventos corporativos para as empresas?<\/h2>\n<p>Os eventos corporativos desempenham um papel essencial para as empresas por diversas raz\u00f5es. Confira, abaixo, algumas das vantagens.<\/p>\n<h3>Comunica\u00e7\u00e3o interna otimizada<\/h3>\n<p><img decoding=\"async\" class=\"alignnone wp-image-104173 size-full\" src=\"https:\/\/factorialhr.com.br\/wp-content\/uploads\/2023\/05\/23164932\/trabalhar-no-frio-talentos.jpg\" alt=\"evento corporativo\" width=\"830\" height=\"400\" srcset=\"https:\/\/factorialhr.com.br\/wp-content\/uploads\/2023\/05\/23164932\/trabalhar-no-frio-talentos.jpg 830w, https:\/\/factorialhr.com.br\/wp-content\/uploads\/2023\/05\/23164932\/trabalhar-no-frio-talentos-300x145.jpg 300w, https:\/\/factorialhr.com.br\/wp-content\/uploads\/2023\/05\/23164932\/trabalhar-no-frio-talentos-768x370.jpg 768w\" sizes=\"(max-width: 830px) 100vw, 830px\" \/><\/p>\n<p>Para empresas que desejam uma <a href=\"https:\/\/factorialhr.com.br\/blog\/endomarketing\/\" target=\"_blank\" rel=\"noopener\">comunica\u00e7\u00e3o interna<\/a> otimizada, os eventos corporativos s\u00e3o excelentes op\u00e7\u00f5es. Isso porque eles permitem a reuni\u00e3o de todos os colaboradores <a href=\"https:\/\/factorialhr.com.br\/blog\/software-all-in-one\/\" target=\"_blank\" rel=\"noopener\">em um \u00fanico ambiente<\/a>. Facilitando, assim, a troca de informa\u00e7\u00f5es importantes.<\/p>\n<p>Al\u00e9m disso, essa atividade contribui para a constru\u00e7\u00e3o e o fortalecimento da cultura interna, pois mant\u00e9m os <a href=\"https:\/\/factorialhr.com.br\/blog\/kudos-significado\/\" target=\"_blank\" rel=\"noopener\">colaboradores engajados<\/a>. Como consequ\u00eancia, <strong><a href=\"https:\/\/factorialhr.com.br\/blog\/ambiente-de-trabalho-saudavel\/\" target=\"_blank\" rel=\"noopener\">o ambiente de trabalho<\/a> se torna harmonioso e saud\u00e1vel para todos.<\/strong><\/p>\n<p>Contudo, manter uma <a href=\"https:\/\/factorialhr.com.br\/blog\/comunicacao-integrada\/\" target=\"_blank\" rel=\"noopener\">comunica\u00e7\u00e3o centralizada<\/a> e eficaz pode ser um desafio sem os direcionamentos corretos. O melhor caminho, nesses casos, \u00e9 estruturar um <a href=\"https:\/\/factorialhr.com.br\/blog\/plano-comunicacao-interna\/\" target=\"_blank\" rel=\"noopener\">plano de comunica\u00e7\u00e3o interna<\/a> para garantir que seus eventos ocorram com assertividade.<\/p>\n<h3>Possibilidade de networking<\/h3>\n<p><img decoding=\"async\" class=\"alignnone size-full wp-image-109066\" src=\"https:\/\/factorialhr.com.br\/wp-content\/uploads\/2023\/06\/30215933\/networking-1.jpeg\" alt=\"networking\" width=\"830\" height=\"444\" srcset=\"https:\/\/factorialhr.com.br\/wp-content\/uploads\/2023\/06\/30215933\/networking-1.jpeg 830w, https:\/\/factorialhr.com.br\/wp-content\/uploads\/2023\/06\/30215933\/networking-1-300x160.jpeg 300w, https:\/\/factorialhr.com.br\/wp-content\/uploads\/2023\/06\/30215933\/networking-1-768x411.jpeg 768w\" sizes=\"(max-width: 830px) 100vw, 830px\" \/><\/p>\n<p>A depender do tipo de evento corporativo proposto, voc\u00ea e seus <a href=\"https:\/\/factorialhr.com.br\/portal-colaborador\" target=\"_blank\" rel=\"noopener\">colaboradores<\/a> ter\u00e3o contato com o p\u00fablico externo. <strong>Esses momentos s\u00e3o considerados valiosos para fortalecer os contatos comerciais e ampliar a rede de networking da empresa.<\/strong><\/p>\n<p>As oportunidades que surgem contribuem para o crescimento da sua empresa e o <a href=\"https:\/\/factorialhr.com.br\/blog\/treinamento-desenvolvimento-ebook\/\" target=\"_blank\" rel=\"noopener\">desenvolvimento dos profissionais<\/a>. Com isso, tais eventos corporativos geram a possibilidade de encontrar parceiros, conhecer <a href=\"https:\/\/factorialhr.com.br\/blog\/empresa-terceirizada\/\" target=\"_blank\" rel=\"noopener\">empresas terceirizadas<\/a> e at\u00e9 mesmo fechar parceria com novos investidores.<\/p>\n<p>Nossa dica aqui \u00e9 que, mesmo que a divulga\u00e7\u00e3o externa seja assertiva, sua empresa aposte em uma boa <a href=\"https:\/\/factorialhr.com.br\/blog\/comunicacao-integrada\/\" target=\"_blank\" rel=\"noopener\">comunica\u00e7\u00e3o integrada<\/a>.<\/p>\n<p><strong><span class=\"fe5nidar khvhiq1o r5qsrrlp i5tg98hk f9ovudaz przvwfww gx1rr48f gfz4du6o r7fjleex nz2484kf svot0ezm dcnh1tix sxl192xd t3g6t33p\"><span class=\"mpj7bzys xzlurrtv\">\ud83d\udca1<\/span><\/span>\u00a0Endomarketing: <\/strong><a href=\"https:\/\/factorialhr.com.br\/blog\/endomarketing\/\" target=\"_blank\" rel=\"bookmark noopener\"><strong>8 exemplos para o RH aplicar na empresa [+ Modelo de Plano de Comunica\u00e7\u00e3o Interna]<\/strong><\/a><\/p>\n<h3>Desenvolvimento, conhecimento e capacita\u00e7\u00e3o<\/h3>\n<p><img decoding=\"async\" class=\"alignnone wp-image-109064 size-full\" src=\"https:\/\/factorialhr.com.br\/wp-content\/uploads\/2023\/06\/30215036\/evento-corporativo.jpg\" alt=\"eventos corporativos\" width=\"830\" height=\"400\" srcset=\"https:\/\/factorialhr.com.br\/wp-content\/uploads\/2023\/06\/30215036\/evento-corporativo.jpg 830w, https:\/\/factorialhr.com.br\/wp-content\/uploads\/2023\/06\/30215036\/evento-corporativo-300x145.jpg 300w, https:\/\/factorialhr.com.br\/wp-content\/uploads\/2023\/06\/30215036\/evento-corporativo-768x370.jpg 768w\" sizes=\"(max-width: 830px) 100vw, 830px\" \/><\/p>\n<p>Como visto, os eventos corporativos oferecem a possibilidade de aprendizado e <a href=\"https:\/\/factorialhr.com.br\/blog\/plano-de-desenvolvimento-individual-pdi\/\" target=\"_blank\" rel=\"noopener\">desenvolvimento profissional<\/a>.<\/p>\n<p>Por meio de palestras, workshops, semin\u00e1rios e <a href=\"https:\/\/factorialhr.com.br\/blog\/treinamento-corporativo-entrevista\/\" target=\"_blank\" rel=\"noopener\">treinamentos<\/a>, os participantes podem adquirir novas habilidades e atualizar seus conhecimentos.<\/p>\n<p>Ademais, alguns eventos s\u00e3o ideais para<strong> alinhar o profissional com as <a href=\"https:\/\/factorialhr.com.br\/blog\/tendencias-rh\/\" target=\"_blank\" rel=\"noopener\">tend\u00eancias e pr\u00e1ticas atuais do mercado<\/a>.\u00a0<\/strong><\/p>\n<p>Outro ponto que vale ressaltar est\u00e1 relacionado com o <a href=\"https:\/\/factorialhr.com.br\/blog\/reconhecimento-profissional\/\" target=\"_blank\" rel=\"noopener\">reconhecimento profissional<\/a>. Afinal, quando voc\u00ea planeja atividades focadas na capacita\u00e7\u00e3o dos seus colaboradores, eles se sentem parte da empresa.<\/p>\n<p>Essas a\u00e7\u00f5es refor\u00e7am a <a href=\"https:\/\/factorialhr.com.br\/blog\/o-que-e-cultura-organizacional\/\" target=\"_blank\" rel=\"noopener\">cultura empresarial<\/a> e motivam os trabalhadores para desenvolver suas demandas com qualidade.<strong> Sem contar que esses eventos ajudam a fortalecer sua marca, contribuindo para a atra\u00e7\u00e3o e <a href=\"https:\/\/factorialhr.com.br\/blog\/retencao-de-talentos-estrategias\/\" target=\"_blank\" rel=\"noopener\">reten\u00e7\u00e3o de talentos<\/a>.<\/strong><\/p>\n<p><strong>\ud83c\udfa5Veja como a plataforma da Factorial garante o engajamento dos profissionais em todos os momentos \ud83d\udc47<\/strong><\/p>\n<p><iframe title=\"Como fazer Engajamento de Equipe com a Factorial\" width=\"500\" height=\"281\" src=\"https:\/\/www.youtube.com\/embed\/Q-TqqvBAJqk?feature=oembed\" frameborder=\"0\" allow=\"accelerometer; autoplay; clipboard-write; encrypted-media; gyroscope; picture-in-picture; web-share\" referrerpolicy=\"strict-origin-when-cross-origin\" allowfullscreen><\/iframe><\/p>\n<p><span style=\"font-weight: 400;\"> \n <!--HubSpot Call-to-Action Code -->\n    <span class=\"hs-cta-wrapper\" id=\"hs-cta-wrapper-47a131dc-3d73-47c4-8274-1e9f63b8c66c\">\n        <span class=\"hs-cta-node hs-cta-47a131dc-3d73-47c4-8274-1e9f63b8c66c\" id=\"47a131dc-3d73-47c4-8274-1e9f63b8c66c\">\n            <a href=\"https:\/\/cta-redirect.hubspot.com\/cta\/redirect\/4960096\/47a131dc-3d73-47c4-8274-1e9f63b8c66c\">\n                <img decoding=\"async\" class=\"lazyload hs-cta-img\" id=\"hs-cta-img-47a131dc-3d73-47c4-8274-1e9f63b8c66c\" style=\"border-width:0px;\" src=\"https:\/\/no-cache.hubspot.com\/cta\/default\/4960096\/47a131dc-3d73-47c4-8274-1e9f63b8c66c.png\"  alt=\"botao demo\" width=\"300\" height=\"150\" \/>\n            <\/a>\n        <\/span>\n        <script type=\"text\/javascript\">\n            function loadCTA(){\n                window.hbspt.cta.load(4960096, '47a131dc-3d73-47c4-8274-1e9f63b8c66c', {'region': 'eu1'})\n            }\n            if(window.hbspt){\n                loadCTA()\n            }else{\n                Defer.js(\n                    'https:\/\/js.hubspot.com\/cta\/current.js',\n                    'hubspotCTA', \n                    0, \n                    loadCTA\n                );\n            }\n        <\/script>\n    <\/span>\n<!-- end HubSpot Call-to-Action Code -->\n<\/span><\/p>\n<h2>Como engajar os colaboradores em eventos corporativos?<\/h2>\n<p><a href=\"https:\/\/factorialhr.com.br\/blog\/kudos-significado\/\" target=\"_blank\" rel=\"noopener\">Engajar os colaboradores<\/a> \u00e9 fundamental para garantir o sucesso e o impacto positivo de eventos corporativos. Por isso, agora que voc\u00ea j\u00e1 sabe o que \u00e9 um evento corporativo, confira dicas para otimizar essa intera\u00e7\u00e3o.<\/p>\n<p>Acompanhe, abaixo, algumas ideias para<strong> enriquecer o planejamento e a estrutura do seu evento.<\/strong> Veja tamb\u00e9m <a href=\"https:\/\/factorialhr.com.br\/blog\/software-de-gestao-de-rh\/\" target=\"_blank\" rel=\"noopener\">como o software de RH da Factorial<\/a> pode se tornar um bom aliado neste momento.<\/p>\n<h3>Estabele\u00e7a uma comunica\u00e7\u00e3o clara e antecipada<\/h3>\n<p>Informe seus colaboradores sobre o evento com anteced\u00eancia, deixe-os preparados para esse encontro. Forne\u00e7a detalhes relevantes como data, local, agenda e prop\u00f3sitos.<\/p>\n<p>Em suma, certifique-se de que eles compreendam a import\u00e2ncia do evento e os benef\u00edcios de participar.<\/p>\n<p>Para isso,<strong> fa\u00e7a uso dos <a href=\"https:\/\/factorialhr.com.br\/blog\/plano-comunicacao-interna\/\" target=\"_blank\" rel=\"noopener\">canais de comunica\u00e7\u00e3o<\/a> para despertar o interesse com postagens instigantes sobre o que est\u00e1 por vir.\u00a0<\/strong><\/p>\n<p>Dependendo da ferramenta utilizada, voc\u00ea pode criar trilhas de e-mails informativos e educativos sobre os eventos. <a href=\"https:\/\/factorialhr.com.br\/software-recursos-humanos\" target=\"_blank\" rel=\"noopener\">Na Factorial<\/a>, voc\u00ea conta com <a href=\"https:\/\/factorialhr.com.br\/blog\/portal-do-colaborador-como-implementar\/\" target=\"_blank\" rel=\"noopener\">Portal do Colaborador<\/a>, recurso que otimiza toda a jornada do funcion\u00e1rio, desde o momento da <a href=\"https:\/\/factorialhr.com.br\/blog\/processo-de-admissao-etapas\/\" target=\"_blank\" rel=\"noopener\">contrata\u00e7\u00e3o<\/a>.<\/p>\n<p><strong>Quer ainda mais praticidade?<\/strong> A Factorial possui um <strong>modelo gratuito<\/strong>\u00a0para ajudar sua empresa neste planejamento. Com ele, ser\u00e1 poss\u00edvel organizar todas as a\u00e7\u00f5es, projetos e ideias da empresa, al\u00e9m de monitorar o andamento.<\/p>\n<p><strong>\ud83d\udccb Baixe gr\u00e1tis o modelo de Plano de Comunica\u00e7\u00e3o Interna da Factorial \ud83d\udc47<\/strong><\/p>\n<p><span data-sheets-value=\"{&quot;1&quot;:2,&quot;2&quot;:&quot; \n &lt;!--HubSpot Call-to-Action Code --&gt;\n    &lt;span class=&quot;hs-cta-wrapper&quot; id=&quot;hs-cta-wrapper-6407f972-b886-4962-bbce-6294789bfe6e&quot;&gt;\n        &lt;span class=&quot;hs-cta-node hs-cta-6407f972-b886-4962-bbce-6294789bfe6e&quot; id=&quot;6407f972-b886-4962-bbce-6294789bfe6e&quot;&gt;\n            &lt;a href=&quot;https:\/\/cta-redirect.hubspot.com\/cta\/redirect\/4960096\/6407f972-b886-4962-bbce-6294789bfe6e&quot;&gt;\n                &lt;img class=&quot;lazyload hs-cta-img&quot; id=&quot;hs-cta-img-6407f972-b886-4962-bbce-6294789bfe6e&quot; style=&quot;border-width:0px;&quot; src=&quot;https:\/\/no-cache.hubspot.com\/cta\/default\/4960096\/6407f972-b886-4962-bbce-6294789bfe6e.png&quot;  alt=&quot;&quot;comunicacao&quot; width=&quot;&quot;400&quot;&quot; height=&quot;&quot;400&quot;&quot; \/&gt;\n            &lt;\/a&gt;\n        &lt;\/span&gt;\n        &lt;script type=&quot;text\/javascript&quot;&gt;\n            function loadCTA(){\n                window.hbspt.cta.load(4960096, &#039;6407f972-b886-4962-bbce-6294789bfe6e&#039;, {&#039;region&#039;: &#039;eu1&#039;})\n            }\n            if(window.hbspt){\n                loadCTA()\n            }else{\n                Defer.js(\n                    &#039;https:\/\/js.hubspot.com\/cta\/current.js&#039;,\n                    &#039;hubspotCTA&#039;, \n                    0, \n                    loadCTA\n                );\n            }\n        &lt;\/script&gt;\n    &lt;\/span&gt;\n&lt;!-- end HubSpot Call-to-Action Code --&gt;\n&quot;}\" data-sheets-userformat=\"{&quot;2&quot;:513,&quot;3&quot;:{&quot;1&quot;:0},&quot;12&quot;:0}\"> \n <!--HubSpot Call-to-Action Code -->\n    <span class=\"hs-cta-wrapper\" id=\"hs-cta-wrapper-6407f972-b886-4962-bbce-6294789bfe6e\">\n        <span class=\"hs-cta-node hs-cta-6407f972-b886-4962-bbce-6294789bfe6e\" id=\"6407f972-b886-4962-bbce-6294789bfe6e\">\n            <a href=\"https:\/\/cta-redirect.hubspot.com\/cta\/redirect\/4960096\/6407f972-b886-4962-bbce-6294789bfe6e\">\n                <img decoding=\"async\" class=\"lazyload hs-cta-img\" id=\"hs-cta-img-6407f972-b886-4962-bbce-6294789bfe6e\" style=\"border-width:0px;\" src=\"https:\/\/no-cache.hubspot.com\/cta\/default\/4960096\/6407f972-b886-4962-bbce-6294789bfe6e.png\"  alt=\"comunicacao interna\" width=\"400\" height=\"400\" \/>\n            <\/a>\n        <\/span>\n        <script type=\"text\/javascript\">\n            function loadCTA(){\n                window.hbspt.cta.load(4960096, '6407f972-b886-4962-bbce-6294789bfe6e', {'region': 'eu1'})\n            }\n            if(window.hbspt){\n                loadCTA()\n            }else{\n                Defer.js(\n                    'https:\/\/js.hubspot.com\/cta\/current.js',\n                    'hubspotCTA', \n                    0, \n                    loadCTA\n                );\n            }\n        <\/script>\n    <\/span>\n<!-- end HubSpot Call-to-Action Code -->\n<\/span><\/p>\n<h3>Estabele\u00e7a metas e objetivos<\/h3>\n<p>Para que seu evento seja um sucesso, n\u00e3o basta decidir que ele acontecer\u00e1:<strong> \u00e9 necess\u00e1rio estabelecer metas e objetivos claros no planejamento.<\/strong><\/p>\n<p>Dessa forma, ao ter um caminho j\u00e1 definido, o pr\u00f3ximo passo \u00e9 informar <a href=\"https:\/\/factorialhr.com.br\/blog\/portal-do-colaborador-como-implementar\/\" target=\"_blank\" rel=\"noopener\">os colaboradores<\/a> sobre o prop\u00f3sito do evento.<\/p>\n<p>Por isso, reforce a import\u00e2ncia da participa\u00e7\u00e3o de todos e explique a import\u00e2ncia deste momento. Demonstre que a opini\u00e3o dos colaboradores \u00e9 relevante, pois isso <a href=\"https:\/\/factorialhr.com.br\/blog\/motivacao-no-trabalho\/\" target=\"_blank\" rel=\"noopener\">cria um senso de motiva\u00e7\u00e3o<\/a> entre e um ambiente participativo.<\/p>\n<p>Fa\u00e7a com que todos se sintam seguros para <a href=\"https:\/\/factorialhr.com.br\/blog\/como-dar-feedback\/\" target=\"_blank\" rel=\"noopener\">compartilhar ideias<\/a>, fazer perguntas e participar das discuss\u00f5es. Contribuindo assim com suas experi\u00eancias e pontos de vista. Rodas de conversas e <a href=\"https:\/\/factorialhr.com.br\/blog\/kudos-significado\/\" target=\"_blank\" rel=\"noopener\">quadros virtuais e interativos<\/a> tamb\u00e9m s\u00e3o op\u00e7\u00f5es interessantes.<\/p>\n<p>Com o <a href=\"https:\/\/factorialhr.com.br\/comunicacao-interna\" target=\"_blank\" rel=\"noopener\">software da Factorial<\/a>, al\u00e9m do <a href=\"https:\/\/factorialhr.com.br\/portal-colaborador\" target=\"_blank\" rel=\"noopener\">Portal do Colaborador<\/a>, que contribui para essa troca de informa\u00e7\u00f5es, \u00e9 poss\u00edvel acompanhar todo o desenvolvimento do evento.<\/p>\n<p><strong>Veja como \u00e9 simples criar comunicados e eventos em nossa plataforma:<\/strong><\/p>\n<p><img decoding=\"async\" class=\"alignnone size-full wp-image-109063\" src=\"https:\/\/factorialhr.com.br\/wp-content\/uploads\/2023\/06\/30213749\/recrutamento-selecao-rh.gif\" alt=\"eventos corporativos rh\" width=\"1587\" height=\"862\" \/><\/p>\n<h3>Desenvolva a\u00e7\u00f5es atrativas<\/h3>\n<p>Ap\u00f3s ouvir todas as ideias dos seus colaboradores, <a href=\"https:\/\/factorialhr.com.br\/blog\/chief-happiness-officer\/\" target=\"_blank\" rel=\"noopener\">re\u00fana-se com o RH<\/a> para alinhar o planejamento do evento. Neste momento,<strong> \u00e9 fundamental contar com a\u00e7\u00f5es atrativas para chamar a aten\u00e7\u00e3o e engajar a todos.<\/strong><\/p>\n<p>Uma dica \u00e9 oferecer oportunidades de desenvolvimento como workshops, treinamentos ou palestras. Se necess\u00e1rio, utilize <a href=\"https:\/\/factorialhr.com.br\/blog\/gamificacao-empresas\/\" target=\"_blank\" rel=\"noopener\">t\u00e9cnicas de gamifica\u00e7\u00e3o<\/a> a fim de dar <a href=\"https:\/\/factorialhr.com.br\/blog\/inovacao-em-gestao-de-pessoas\/\" target=\"_blank\" rel=\"noopener\">um toque inovador<\/a> \u00e0s atividades.<\/p>\n<p><a href=\"https:\/\/factorialhr.com.br\/software-recursos-humanos\" target=\"_blank\" rel=\"noopener\">Com o software da Factorial<\/a>, \u00e9 poss\u00edvel acompanhar todos os projetos de forma\u00e7\u00e3o empresarial com alguns cliques. Assim, <strong>tanto gestor quanto profissional de RH ter\u00e3o visibilidade em rela\u00e7\u00e3o aos treinamentos<\/strong> e ao progresso de toda a sua equipe.<\/p>\n<p><strong><span class=\"fe5nidar khvhiq1o r5qsrrlp i5tg98hk f9ovudaz przvwfww gx1rr48f gfz4du6o r7fjleex nz2484kf svot0ezm dcnh1tix sxl192xd t3g6t33p\"><span class=\"mpj7bzys xzlurrtv\">\ud83d\udc68\ud83c\udffd\u200d\ud83d\udcbb<\/span><\/span> Gest\u00e3o de talentos: <a href=\"https:\/\/factorialhr.com.br\/blog\/anuncio-de-emprego\/\" target=\"_blank\" rel=\"noopener\">como fazer um an\u00fancio de emprego para atrair os talentos certos<\/a><\/strong><\/p>\n<h3>Solicite feedbacks ap\u00f3s o evento corporativo<\/h3>\n<p>Ap\u00f3s o evento corporativo, pe\u00e7a que seus colaboradores <a href=\"https:\/\/factorialhr.com.br\/blog\/como-dar-feedback\/\" target=\"_blank\" rel=\"noopener\">ofere\u00e7am feedbacks<\/a> com suas percep\u00e7\u00f5es em rela\u00e7\u00e3o \u00e0s atividades. Para isso, inclua no pedido um campo para sugest\u00f5es de melhorias futuras.<\/p>\n<p>Ao fazer isso voc\u00ea est\u00e1 demonstrando, mais uma vez, que <a href=\"https:\/\/factorialhr.com.br\/blog\/endomarketing\/\" target=\"_blank\" rel=\"noopener\">as opini\u00f5es de cada colaborador<\/a> s\u00e3o ouvidas e valorizadas. Desse modo, <strong>a probabilidade de engaj\u00e1-los nos eventos aumenta<\/strong>, criando um <a href=\"https:\/\/factorialhr.com.br\/blog\/ambiente-de-trabalho-saudavel\/\" target=\"_blank\" rel=\"noopener\">ambiente participativo<\/a>, motivador e significativo para todos os envolvidos.<\/p>\n<h2><span class=\"fe5nidar khvhiq1o r5qsrrlp i5tg98hk f9ovudaz przvwfww gx1rr48f gfz4du6o r7fjleex nz2484kf svot0ezm dcnh1tix sxl192xd t3g6t33p\"><span class=\"mpj7bzys xzlurrtv\">\u2705 <\/span><\/span>Factorial: a melhor aliada para seus eventos corporativos<\/h2>\n<p><img decoding=\"async\" class=\"alignnone wp-image-106518 size-full\" src=\"https:\/\/factorialhr.com.br\/wp-content\/uploads\/2023\/06\/11214326\/satisfacao-colaboradores.jpg\" alt=\"setor de rh\" width=\"830\" height=\"400\" srcset=\"https:\/\/factorialhr.com.br\/wp-content\/uploads\/2023\/06\/11214326\/satisfacao-colaboradores.jpg 830w, https:\/\/factorialhr.com.br\/wp-content\/uploads\/2023\/06\/11214326\/satisfacao-colaboradores-300x145.jpg 300w, https:\/\/factorialhr.com.br\/wp-content\/uploads\/2023\/06\/11214326\/satisfacao-colaboradores-768x370.jpg 768w\" sizes=\"(max-width: 830px) 100vw, 830px\" \/><\/p>\n<p>Como mostramos, a Factorial <a href=\"https:\/\/factorialhr.com.br\/comunicacao-interna\" target=\"_blank\" rel=\"noopener\">oferece muitos recursos<\/a> para a gest\u00e3o de eventos corporativos. Desde a comunica\u00e7\u00e3o inicial at\u00e9 \u00e0 sua execu\u00e7\u00e3o. Al\u00e9m disso, nossa plataforma garante<strong> uma gest\u00e3o de pessoas completa e automatizada, sem erros!\u00a0\u00a0<\/strong><\/p>\n<p><strong>Veja o que \u00e9 poss\u00edvel fazer com o <a href=\"https:\/\/factorialhr.com.br\/blog\/software-all-in-one\/\" target=\"_blank\" rel=\"noopener\">software all-in-one da Factorial<\/a> para que seu evento seja um sucesso:<\/strong><\/p>\n<ul>\n<li aria-level=\"1\">Com o <a href=\"https:\/\/factorialhr.com.br\/portal-colaborador\" target=\"_blank\" rel=\"noopener\">Portal do Colaborador<\/a>, voc\u00ea cria comunicados de forma pr\u00e1tica e mant\u00e9m todos informados sobre as novidades da empresa;<\/li>\n<li aria-level=\"1\">Saiba exatamente quais <a href=\"https:\/\/factorialhr.com.br\/blog\/gestao-por-competencias\/\" target=\"_blank\" rel=\"noopener\">habilidades e compet\u00eancias<\/a> precisam ser desenvolvidas por meio da nossa <a href=\"https:\/\/factorialhr.com.br\/gestao-de-talentos\" target=\"_blank\" rel=\"noopener\">gest\u00e3o de talentos<\/a>;<\/li>\n<li aria-level=\"1\">Integre os <a href=\"https:\/\/factorialhr.com.br\/blog\/plano-comunicacao-interna\/\" target=\"_blank\" rel=\"noopener\">canais de comunica\u00e7\u00e3o internos<\/a> e externos da organiza\u00e7\u00e3o para otimizar todo processo de divulga\u00e7\u00e3o interna.<\/li>\n<\/ul>\n<p><strong><span class=\"fe5nidar khvhiq1o r5qsrrlp i5tg98hk f9ovudaz przvwfww gx1rr48f gfz4du6o r7fjleex nz2484kf svot0ezm dcnh1tix sxl192xd t3g6t33p\"><span class=\"mpj7bzys xzlurrtv\">\ud83d\udcbb <\/span><\/span>Quer conhecer mais sobre nossa plataforma e como ela pode te ajudar? Confira em 1 minuto como funciona o software da Factorial! <span class=\"fe5nidar khvhiq1o r5qsrrlp i5tg98hk f9ovudaz przvwfww gx1rr48f gfz4du6o r7fjleex nz2484kf svot0ezm dcnh1tix sxl192xd t3g6t33p\"><span class=\"mpj7bzys xzlurrtv\">\ud83d\udc47<\/span><\/span><\/strong><\/p>\n<p><iframe title=\"Por que a Factorial?\" width=\"500\" height=\"281\" src=\"https:\/\/www.youtube.com\/embed\/4QmvkaPG6m0?feature=oembed\" frameborder=\"0\" allow=\"accelerometer; autoplay; clipboard-write; encrypted-media; gyroscope; picture-in-picture; web-share\" referrerpolicy=\"strict-origin-when-cross-origin\" allowfullscreen><\/iframe><\/p>\n<h3>\u2705 Pe\u00e7a sua\u00a0<a href=\"https:\/\/factorialhr.com.br\/solicitar-demonstracao\" target=\"_blank\" rel=\"noopener\">demonstra\u00e7\u00e3o gratuita<\/a>\u00a0<b>do sistema da Factorial e fa\u00e7a o teste por 14 dias!<\/b><\/h3>\n<p><span style=\"font-weight: 400;\"> \n <!--HubSpot Call-to-Action Code -->\n    <span class=\"hs-cta-wrapper\" id=\"hs-cta-wrapper-47a131dc-3d73-47c4-8274-1e9f63b8c66c\">\n        <span class=\"hs-cta-node hs-cta-47a131dc-3d73-47c4-8274-1e9f63b8c66c\" id=\"47a131dc-3d73-47c4-8274-1e9f63b8c66c\">\n            <a href=\"https:\/\/cta-redirect.hubspot.com\/cta\/redirect\/4960096\/47a131dc-3d73-47c4-8274-1e9f63b8c66c\">\n                <img decoding=\"async\" class=\"lazyload hs-cta-img\" id=\"hs-cta-img-47a131dc-3d73-47c4-8274-1e9f63b8c66c\" style=\"border-width:0px;\" src=\"https:\/\/no-cache.hubspot.com\/cta\/default\/4960096\/47a131dc-3d73-47c4-8274-1e9f63b8c66c.png\"  alt=\"botao demo\" width=\"300\" height=\"150\" \/>\n            <\/a>\n        <\/span>\n        <script type=\"text\/javascript\">\n            function loadCTA(){\n                window.hbspt.cta.load(4960096, '47a131dc-3d73-47c4-8274-1e9f63b8c66c', {'region': 'eu1'})\n            }\n            if(window.hbspt){\n                loadCTA()\n            }else{\n                Defer.js(\n                    'https:\/\/js.hubspot.com\/cta\/current.js',\n                    'hubspotCTA', \n                    0, \n                    loadCTA\n                );\n            }\n        <\/script>\n    <\/span>\n<!-- end HubSpot Call-to-Action Code -->\n<\/span><\/p>\n<p>&nbsp;<\/p>\n","protected":false},"excerpt":{"rendered":"<p>Os eventos corporativos s\u00e3o excelentes oportunidades para o crescimento da empresa e de seus colaboradores. Afinal, por meio deles os profissionais t\u00eam a chance de expandir seu networking, promover a marca para a qual trabalham e engajar o p\u00fablico. Diante disso, fica evidente a import\u00e2ncia de promover a\u00e7\u00f5es focadas em melhorar a intera\u00e7\u00e3o no ambiente<a href=\"https:\/\/factorialhr.com.br\/blog\/eventos-corporativos\/\" class=\"read-more\"> [&#8230;]<\/a><\/p>\n","protected":false},"author":148,"featured_media":109130,"comment_status":"closed","ping_status":"closed","sticky":false,"template":"","format":"standard","meta":{"_acf_changed":false,"footnotes":""},"categories":[422],"tags":[],"class_list":["post-109062","post","type-post","status-publish","format-standard","has-post-thumbnail","hentry","category-gestao-de-talentos-rh"],"acf":{"topics":"engagement"},"yoast_head":"<!-- This site is optimized with the Yoast SEO Premium plugin v21.5 (Yoast SEO v21.9.1) - https:\/\/yoast.com\/wordpress\/plugins\/seo\/ -->\n<title>Eventos corporativos: como us\u00e1-los para engajar sua equipe | Factorial<\/title>\n<meta name=\"description\" content=\"Saiba tudo sobre eventos corporativos e como a Factorial ajuda a divulgar e engajar os colaboradores em a\u00e7\u00f5es como essas!\" \/>\n<meta name=\"robots\" content=\"index, follow, max-snippet:-1, max-image-preview:large, max-video-preview:-1\" \/>\n<link rel=\"canonical\" href=\"https:\/\/factorialhr.com.br\/blog\/eventos-corporativos\/\" \/>\n<meta property=\"og:locale\" content=\"pt_BR\" \/>\n<meta property=\"og:type\" content=\"article\" \/>\n<meta property=\"og:title\" content=\"Eventos corporativos: como us\u00e1-los para engajar sua equipe\" \/>\n<meta property=\"og:description\" content=\"Saiba tudo sobre eventos corporativos e como a Factorial ajuda a divulgar e engajar os colaboradores em a\u00e7\u00f5es como essas!\" \/>\n<meta property=\"og:url\" content=\"https:\/\/factorialhr.com.br\/blog\/eventos-corporativos\/\" \/>\n<meta property=\"og:site_name\" content=\"Factorial\" \/>\n<meta property=\"article:publisher\" content=\"https:\/\/www.facebook.com\/people\/Factorial\/100064908455810\/\" \/>\n<meta property=\"article:author\" content=\"https:\/\/www.facebook.com\/FactorialBRPT\/\" \/>\n<meta property=\"article:published_time\" content=\"2023-06-30T20:20:03+00:00\" \/>\n<meta property=\"article:modified_time\" content=\"2023-09-08T10:57:00+00:00\" \/>\n<meta property=\"og:image\" content=\"https:\/\/factorialhr.com.br\/wp-content\/uploads\/2023\/06\/03153224\/eventos-corporativos.jpg\" \/>\n\t<meta property=\"og:image:width\" content=\"1112\" \/>\n\t<meta property=\"og:image:height\" content=\"625\" \/>\n\t<meta property=\"og:image:type\" content=\"image\/jpeg\" \/>\n<meta name=\"author\" content=\"Bruna Valtrick\" \/>\n<meta name=\"twitter:card\" content=\"summary_large_image\" \/>\n<meta name=\"twitter:creator\" content=\"@factorialapp\" \/>\n<meta name=\"twitter:site\" content=\"@factorialapp\" \/>\n<meta name=\"twitter:label1\" content=\"Written by\" \/>\n\t<meta name=\"twitter:data1\" content=\"Bruna Valtrick\" \/>\n\t<meta name=\"twitter:label2\" content=\"Est. reading time\" \/>\n\t<meta name=\"twitter:data2\" content=\"8 minutos\" \/>\n<script type=\"application\/ld+json\" class=\"yoast-schema-graph\">{\"@context\":\"https:\/\/schema.org\",\"@graph\":[{\"@type\":\"Article\",\"@id\":\"https:\/\/factorialhr.com.br\/blog\/eventos-corporativos\/#article\",\"isPartOf\":{\"@id\":\"https:\/\/factorialhr.com.br\/blog\/eventos-corporativos\/\"},\"author\":{\"name\":\"Bruna Valtrick\",\"@id\":\"https:\/\/factorialhr.com.br\/blog\/#\/schema\/person\/7dd414d6beaef0da654af06b4586076d\"},\"headline\":\"Eventos corporativos: como us\u00e1-los para engajar sua equipe\",\"datePublished\":\"2023-06-30T20:20:03+00:00\",\"dateModified\":\"2023-09-08T10:57:00+00:00\",\"mainEntityOfPage\":{\"@id\":\"https:\/\/factorialhr.com.br\/blog\/eventos-corporativos\/\"},\"wordCount\":1677,\"publisher\":{\"@id\":\"https:\/\/factorialhr.com.br\/blog\/#organization\"},\"articleSection\":[\"Gest\u00e3o de Talentos\"],\"inLanguage\":\"pt-PT\"},{\"@type\":\"WebPage\",\"@id\":\"https:\/\/factorialhr.com.br\/blog\/eventos-corporativos\/\",\"url\":\"https:\/\/factorialhr.com.br\/blog\/eventos-corporativos\/\",\"name\":\"Eventos corporativos: como us\u00e1-los para engajar sua equipe | Factorial\",\"isPartOf\":{\"@id\":\"https:\/\/factorialhr.com.br\/blog\/#website\"},\"datePublished\":\"2023-06-30T20:20:03+00:00\",\"dateModified\":\"2023-09-08T10:57:00+00:00\",\"description\":\"Saiba tudo sobre eventos corporativos e como a Factorial ajuda a divulgar e engajar os colaboradores em a\u00e7\u00f5es como essas!\",\"inLanguage\":\"pt-PT\",\"potentialAction\":[{\"@type\":\"ReadAction\",\"target\":[\"https:\/\/factorialhr.com.br\/blog\/eventos-corporativos\/\"]}]},{\"@type\":\"WebSite\",\"@id\":\"https:\/\/factorialhr.com.br\/blog\/#website\",\"url\":\"https:\/\/factorialhr.com.br\/blog\/\",\"name\":\"Factorial\",\"description\":\"\",\"publisher\":{\"@id\":\"https:\/\/factorialhr.com.br\/blog\/#organization\"},\"potentialAction\":[{\"@type\":\"SearchAction\",\"target\":{\"@type\":\"EntryPoint\",\"urlTemplate\":\"https:\/\/factorialhr.com.br\/blog\/?s={search_term_string}\"},\"query-input\":\"required name=search_term_string\"}],\"inLanguage\":\"pt-PT\"},{\"@type\":\"Organization\",\"@id\":\"https:\/\/factorialhr.com.br\/blog\/#organization\",\"name\":\"All-in-one business management software - Factorial\",\"url\":\"https:\/\/factorialhr.com.br\/blog\/\",\"logo\":{\"@type\":\"ImageObject\",\"inLanguage\":\"pt-PT\",\"@id\":\"https:\/\/factorialhr.com.br\/blog\/#\/schema\/logo\/image\/\",\"url\":\"https:\/\/factorialhr.com.br\/wp-content\/uploads\/2023\/07\/18155144\/factorial-logo.png\",\"contentUrl\":\"https:\/\/factorialhr.com.br\/wp-content\/uploads\/2023\/07\/18155144\/factorial-logo.png\",\"width\":946,\"height\":880,\"caption\":\"All-in-one business management software - Factorial\"},\"image\":{\"@id\":\"https:\/\/factorialhr.com.br\/blog\/#\/schema\/logo\/image\/\"},\"sameAs\":[\"https:\/\/www.facebook.com\/people\/Factorial\/100064908455810\/\",\"https:\/\/twitter.com\/factorialapp\",\"https:\/\/www.linkedin.com\/company\/factorialhr\",\"https:\/\/www.youtube.com\/@factorialmedia\",\"https:\/\/www.instagram.com\/factorial\/#\"]},{\"@type\":\"Person\",\"@id\":\"https:\/\/factorialhr.com.br\/blog\/#\/schema\/person\/7dd414d6beaef0da654af06b4586076d\",\"name\":\"Bruna Valtrick\",\"image\":{\"@type\":\"ImageObject\",\"inLanguage\":\"pt-PT\",\"@id\":\"https:\/\/factorialhr.com.br\/blog\/#\/schema\/person\/image\/\",\"url\":\"https:\/\/secure.gravatar.com\/avatar\/cbf26ac05f7018f11a31dabde60515e8?s=96&d=identicon&r=g\",\"contentUrl\":\"https:\/\/secure.gravatar.com\/avatar\/cbf26ac05f7018f11a31dabde60515e8?s=96&d=identicon&r=g\",\"caption\":\"Bruna Valtrick\"},\"description\":\"Bruna Valtrick \u00e9 redatora da Factorial para o mercado do Brasil. Graduada em Jornalismo e apaixonada por escrita e linguagem, acredita no poder da informa\u00e7\u00e3o para educar e transformar a sociedade um dia de cada vez.\",\"sameAs\":[\"https:\/\/www.facebook.com\/FactorialBRPT\/\",\"https:\/\/www.instagram.com\/factorial_br\/\",\"https:\/\/www.linkedin.com\/in\/bruna-valtrick\/\",\"https:\/\/www.youtube.com\/c\/factorialbrasil\"],\"url\":\"https:\/\/factorialhr.com.br\/blog\/author\/bruna-valtrick\/\"}]}<\/script>\n<!-- \/ Yoast SEO Premium plugin. -->","yoast_head_json":{"title":"Eventos corporativos: como us\u00e1-los para engajar sua equipe | Factorial","description":"Saiba tudo sobre eventos corporativos e como a Factorial ajuda a divulgar e engajar os colaboradores em a\u00e7\u00f5es como essas!","robots":{"index":"index","follow":"follow","max-snippet":"max-snippet:-1","max-image-preview":"max-image-preview:large","max-video-preview":"max-video-preview:-1"},"canonical":"https:\/\/factorialhr.com.br\/blog\/eventos-corporativos\/","og_locale":"pt_BR","og_type":"article","og_title":"Eventos corporativos: como us\u00e1-los para engajar sua equipe","og_description":"Saiba tudo sobre eventos corporativos e como a Factorial ajuda a divulgar e engajar os colaboradores em a\u00e7\u00f5es como essas!","og_url":"https:\/\/factorialhr.com.br\/blog\/eventos-corporativos\/","og_site_name":"Factorial","article_publisher":"https:\/\/www.facebook.com\/people\/Factorial\/100064908455810\/","article_author":"https:\/\/www.facebook.com\/FactorialBRPT\/","article_published_time":"2023-06-30T20:20:03+00:00","article_modified_time":"2023-09-08T10:57:00+00:00","og_image":[{"width":1112,"height":625,"url":"https:\/\/factorialhr.com.br\/wp-content\/uploads\/2023\/06\/03153224\/eventos-corporativos.jpg","type":"image\/jpeg"}],"author":"Bruna Valtrick","twitter_card":"summary_large_image","twitter_creator":"@factorialapp","twitter_site":"@factorialapp","twitter_misc":{"Written by":"Bruna Valtrick","Est. reading time":"8 minutos"},"schema":{"@context":"https:\/\/schema.org","@graph":[{"@type":"Article","@id":"https:\/\/factorialhr.com.br\/blog\/eventos-corporativos\/#article","isPartOf":{"@id":"https:\/\/factorialhr.com.br\/blog\/eventos-corporativos\/"},"author":{"name":"Bruna Valtrick","@id":"https:\/\/factorialhr.com.br\/blog\/#\/schema\/person\/7dd414d6beaef0da654af06b4586076d"},"headline":"Eventos corporativos: como us\u00e1-los para engajar sua equipe","datePublished":"2023-06-30T20:20:03+00:00","dateModified":"2023-09-08T10:57:00+00:00","mainEntityOfPage":{"@id":"https:\/\/factorialhr.com.br\/blog\/eventos-corporativos\/"},"wordCount":1677,"publisher":{"@id":"https:\/\/factorialhr.com.br\/blog\/#organization"},"articleSection":["Gest\u00e3o de Talentos"],"inLanguage":"pt-PT"},{"@type":"WebPage","@id":"https:\/\/factorialhr.com.br\/blog\/eventos-corporativos\/","url":"https:\/\/factorialhr.com.br\/blog\/eventos-corporativos\/","name":"Eventos corporativos: como us\u00e1-los para engajar sua equipe | Factorial","isPartOf":{"@id":"https:\/\/factorialhr.com.br\/blog\/#website"},"datePublished":"2023-06-30T20:20:03+00:00","dateModified":"2023-09-08T10:57:00+00:00","description":"Saiba tudo sobre eventos corporativos e como a Factorial ajuda a divulgar e engajar os colaboradores em a\u00e7\u00f5es como essas!","inLanguage":"pt-PT","potentialAction":[{"@type":"ReadAction","target":["https:\/\/factorialhr.com.br\/blog\/eventos-corporativos\/"]}]},{"@type":"WebSite","@id":"https:\/\/factorialhr.com.br\/blog\/#website","url":"https:\/\/factorialhr.com.br\/blog\/","name":"Factorial","description":"","publisher":{"@id":"https:\/\/factorialhr.com.br\/blog\/#organization"},"potentialAction":[{"@type":"SearchAction","target":{"@type":"EntryPoint","urlTemplate":"https:\/\/factorialhr.com.br\/blog\/?s={search_term_string}"},"query-input":"required name=search_term_string"}],"inLanguage":"pt-PT"},{"@type":"Organization","@id":"https:\/\/factorialhr.com.br\/blog\/#organization","name":"All-in-one business management software - Factorial","url":"https:\/\/factorialhr.com.br\/blog\/","logo":{"@type":"ImageObject","inLanguage":"pt-PT","@id":"https:\/\/factorialhr.com.br\/blog\/#\/schema\/logo\/image\/","url":"https:\/\/factorialhr.com.br\/wp-content\/uploads\/2023\/07\/18155144\/factorial-logo.png","contentUrl":"https:\/\/factorialhr.com.br\/wp-content\/uploads\/2023\/07\/18155144\/factorial-logo.png","width":946,"height":880,"caption":"All-in-one business management software - Factorial"},"image":{"@id":"https:\/\/factorialhr.com.br\/blog\/#\/schema\/logo\/image\/"},"sameAs":["https:\/\/www.facebook.com\/people\/Factorial\/100064908455810\/","https:\/\/twitter.com\/factorialapp","https:\/\/www.linkedin.com\/company\/factorialhr","https:\/\/www.youtube.com\/@factorialmedia","https:\/\/www.instagram.com\/factorial\/#"]},{"@type":"Person","@id":"https:\/\/factorialhr.com.br\/blog\/#\/schema\/person\/7dd414d6beaef0da654af06b4586076d","name":"Bruna Valtrick","image":{"@type":"ImageObject","inLanguage":"pt-PT","@id":"https:\/\/factorialhr.com.br\/blog\/#\/schema\/person\/image\/","url":"https:\/\/secure.gravatar.com\/avatar\/cbf26ac05f7018f11a31dabde60515e8?s=96&d=identicon&r=g","contentUrl":"https:\/\/secure.gravatar.com\/avatar\/cbf26ac05f7018f11a31dabde60515e8?s=96&d=identicon&r=g","caption":"Bruna Valtrick"},"description":"Bruna Valtrick \u00e9 redatora da Factorial para o mercado do Brasil. Graduada em Jornalismo e apaixonada por escrita e linguagem, acredita no poder da informa\u00e7\u00e3o para educar e transformar a sociedade um dia de cada vez.","sameAs":["https:\/\/www.facebook.com\/FactorialBRPT\/","https:\/\/www.instagram.com\/factorial_br\/","https:\/\/www.linkedin.com\/in\/bruna-valtrick\/","https:\/\/www.youtube.com\/c\/factorialbrasil"],"url":"https:\/\/factorialhr.com.br\/blog\/author\/bruna-valtrick\/"}]}},"_links":{"self":[{"href":"https:\/\/factorialhr.com.br\/blog\/wp-json\/wp\/v2\/posts\/109062"}],"collection":[{"href":"https:\/\/factorialhr.com.br\/blog\/wp-json\/wp\/v2\/posts"}],"about":[{"href":"https:\/\/factorialhr.com.br\/blog\/wp-json\/wp\/v2\/types\/post"}],"author":[{"embeddable":true,"href":"https:\/\/factorialhr.com.br\/blog\/wp-json\/wp\/v2\/users\/148"}],"replies":[{"embeddable":true,"href":"https:\/\/factorialhr.com.br\/blog\/wp-json\/wp\/v2\/comments?post=109062"}],"version-history":[{"count":6,"href":"https:\/\/factorialhr.com.br\/blog\/wp-json\/wp\/v2\/posts\/109062\/revisions"}],"predecessor-version":[{"id":116186,"href":"https:\/\/factorialhr.com.br\/blog\/wp-json\/wp\/v2\/posts\/109062\/revisions\/116186"}],"wp:featuredmedia":[{"embeddable":true,"href":"https:\/\/factorialhr.com.br\/blog\/wp-json\/wp\/v2\/media\/109130"}],"wp:attachment":[{"href":"https:\/\/factorialhr.com.br\/blog\/wp-json\/wp\/v2\/media?parent=109062"}],"wp:term":[{"taxonomy":"category","embeddable":true,"href":"https:\/\/factorialhr.com.br\/blog\/wp-json\/wp\/v2\/categories?post=109062"},{"taxonomy":"post_tag","embeddable":true,"href":"https:\/\/factorialhr.com.br\/blog\/wp-json\/wp\/v2\/tags?post=109062"}],"curies":[{"name":"wp","href":"https:\/\/api.w.org\/{rel}","templated":true}]}}