{"id":103932,"date":"2023-05-21T20:31:49","date_gmt":"2023-05-21T18:31:49","guid":{"rendered":"https:\/\/factorialhr.com\/blog\/?p=103932"},"modified":"2023-09-12T10:40:20","modified_gmt":"2023-09-12T08:40:20","slug":"capacitacao-profissional","status":"publish","type":"post","link":"https:\/\/factorialhr.com.br\/blog\/capacitacao-profissional\/","title":{"rendered":"Capacita\u00e7\u00e3o profissional: o que \u00e9 e como aplicar na sua empresa"},"content":{"rendered":"<p><strong>Sua organiza\u00e7\u00e3o oferece capacita\u00e7\u00e3o profissional para os colaboradores? Se a resposta for n\u00e3o, saiba que <a href=\"https:\/\/factorialhr.com.br\/blog\/treinamento-corporativo-entrevista\/\" target=\"_blank\" rel=\"noopener\">investir no crescimento das pessoas<\/a> \u00e9 essencial para melhorar a produtividade e o <a href=\"https:\/\/factorialhr.com.br\/blog\/pesquisa-de-clima-organizacional-questionario\/\" target=\"_blank\" rel=\"noopener\">clima organizacional<\/a> de qualquer empresa.\u00a0<\/strong><\/p>\n<p><span style=\"font-weight: 400;\">Com tantas evolu\u00e7\u00f5es e novos conceitos surgindo todos os dias, deixar os trabalhadores estagnados n\u00e3o \u00e9 uma op\u00e7\u00e3o. Para que sua empresa permane\u00e7a ativa no cen\u00e1rio competitivo, \u00e9 preciso cuidar dos principais respons\u00e1veis pela produ\u00e7\u00e3o:<a href=\"https:\/\/factorialhr.com.br\/blog\/gestao-de-pessoas-e-talentos\/\" target=\"_blank\" rel=\"noopener\"><strong> as pessoas<\/strong><\/a>.<\/span><\/p>\n<p><span style=\"font-weight: 400;\">Pensando nisso, preparamos esse conte\u00fado com a import\u00e2ncia da capacita\u00e7\u00e3o profissional na atualidade e formas de aplic\u00e1-la. Ao longo do artigo, mostraremos quais os benef\u00edcios desta pr\u00e1tica, exemplos de capacita\u00e7\u00e3o e muito mais.<\/span><\/p>\n<p><strong>Ent\u00e3o, acompanhe!<\/strong><\/p>\n<p>\u2705 <a href=\"https:\/\/factorialhr.com.br\/gestao-de-talentos\" target=\"_blank\" rel=\"noopener\">Descubra uma tecnologia que pode te ajudar na capacita\u00e7\u00e3o profissional de seus colaboradores<\/a><\/p>\n<div class=\"js-toc toc\">\n<p class=\"js-toc-title toc__title\">\u00cdndice<\/p>\n<nav id=\"fac_toc_nav\" class=\"js-toc-nav toc__nav\" aria-label=\"\u00cdndice\"><ol class=\"toc__list toc__list--level-1\"><li class=\"toc-heading-level-2\"><a class=\"toc__link toc-link-heading-1\" href=\"https:\/\/factorialhr.com.br\/blog\/capacitacao-profissional\/#o-que-e-capacitacao-profissional\" title=\"O que \u00e9 capacita\u00e7\u00e3o profissional?\" data-target-id=\"o-que-e-capacitacao-profissional\">O que \u00e9 capacita\u00e7\u00e3o profissional?<\/a><\/li><li class=\"toc-heading-level-2\"><a class=\"toc__link toc-link-heading-2\" href=\"https:\/\/factorialhr.com.br\/blog\/capacitacao-profissional\/#\u2705-como-aplicar-a-capacitacao-profissional-na-sua-empresa\" title=\"\u2705 Como aplicar a capacita\u00e7\u00e3o profissional na sua empresa\" data-target-id=\"\u2705-como-aplicar-a-capacitacao-profissional-na-sua-empresa\">\u2705 Como aplicar a capacita\u00e7\u00e3o profissional na sua empresa<\/a><\/li><li class=\"toc-heading-level-2\"><a class=\"toc__link toc-link-heading-3\" href=\"https:\/\/factorialhr.com.br\/blog\/capacitacao-profissional\/#qual-a-importancia-de-capacitar-seus-colaboradores\" title=\"Qual a import\u00e2ncia de capacitar seus colaboradores?\" data-target-id=\"qual-a-importancia-de-capacitar-seus-colaboradores\">Qual a import\u00e2ncia de capacitar seus colaboradores?<\/a><\/li><li class=\"toc-heading-level-2\"><a class=\"toc__link toc-link-heading-4\" href=\"https:\/\/factorialhr.com.br\/blog\/capacitacao-profissional\/#principais-beneficios-da-capacitacao-profissional\" title=\"Principais benef\u00edcios da capacita\u00e7\u00e3o profissional\" data-target-id=\"principais-beneficios-da-capacitacao-profissional\">Principais benef\u00edcios da capacita\u00e7\u00e3o profissional<\/a><\/li><\/ol><\/nav><\/div>\n<p><span style=\"font-weight: 400;\"> \n <!--HubSpot Call-to-Action Code -->\n    <span class=\"hs-cta-wrapper\" id=\"hs-cta-wrapper-d14907bd-9078-4214-895d-ea3e5dc69dde\">\n        <span class=\"hs-cta-node hs-cta-d14907bd-9078-4214-895d-ea3e5dc69dde\" id=\"d14907bd-9078-4214-895d-ea3e5dc69dde\">\n            <a href=\"https:\/\/cta-redirect.hubspot.com\/cta\/redirect\/4960096\/d14907bd-9078-4214-895d-ea3e5dc69dde\">\n                <img decoding=\"async\" class=\"lazyload hs-cta-img\" id=\"hs-cta-img-d14907bd-9078-4214-895d-ea3e5dc69dde\" style=\"border-width:0px;\" src=\"https:\/\/no-cache.hubspot.com\/cta\/default\/4960096\/d14907bd-9078-4214-895d-ea3e5dc69dde.png\"  alt=\"performance\" width=\"900\" height=\"308\" \/>\n            <\/a>\n        <\/span>\n        <script type=\"text\/javascript\">\n            function loadCTA(){\n                window.hbspt.cta.load(4960096, 'd14907bd-9078-4214-895d-ea3e5dc69dde', {'region': 'eu1'})\n            }\n            if(window.hbspt){\n                loadCTA()\n            }else{\n                Defer.js(\n                    'https:\/\/js.hubspot.com\/cta\/current.js',\n                    'hubspotCTA', \n                    0, \n                    loadCTA\n                );\n            }\n        <\/script>\n    <\/span>\n<!-- end HubSpot Call-to-Action Code -->\n<\/span><\/p>\n<h2>O que \u00e9 capacita\u00e7\u00e3o profissional?<\/h2>\n<p><span style=\"font-weight: 400;\">A capacita\u00e7\u00e3o profissional \u00e9 um processo oferecido pelas empresas para os colaboradores desenvolverem <a href=\"https:\/\/factorialhr.com.br\/blog\/headhunter-entrevista\/\" target=\"_blank\" rel=\"noopener\">habilidades e compet\u00eancias espec\u00edficas<\/a>. <strong>O objetivo \u00e9 melhorar o desempenho de suas atividades, tornando-as mais eficientes e independentes.<\/strong><\/span><\/p>\n<p><span style=\"font-weight: 400;\">Desse modo, o <\/span><a href=\"https:\/\/factorialhr.com.br\/blog\/gestao-de-alta-performance-dicas\/\" target=\"_blank\" rel=\"noopener\"><span style=\"font-weight: 400;\">colaborador aprimora sua performance<\/span><\/a>,<span style=\"font-weight: 400;\"> colocando-se em um lugar estrat\u00e9gico na empresa e no mercado de trabalho. Ou seja: quando a empresa disponibiliza a capacita\u00e7\u00e3o, <strong>ela est\u00e1 reconhecendo os esfor\u00e7os aplicados<\/strong> e incentivando o <a href=\"https:\/\/factorialhr.com.br\/blog\/crescimento-profissional\" target=\"_blank\" rel=\"noopener\">crescimento profissional<\/a> da sua equipe.<\/span><\/p>\n<p><span style=\"font-weight: 400;\">Entre as principais frentes de capacita\u00e7\u00e3o profissional, podemos destacar a aquisi\u00e7\u00e3o de <a href=\"https:\/\/factorialhr.com.br\/blog\/power-skills\/\" target=\"_blank\" rel=\"noopener\">conhecimentos t\u00e9cnicos<\/a>, habilidades pr\u00e1ticas e valores considerados relevantes para sua profiss\u00e3o.\u00a0<\/span><\/p>\n<p><span style=\"font-weight: 400;\">Afinal, a capacita\u00e7\u00e3o tamb\u00e9m considera o <strong>desenvolvimento de habilidades socioemocionais,<\/strong> como <\/span><a href=\"https:\/\/factorialhr.com.br\/blog\/tipos-de-lideranca\/\" target=\"_blank\" rel=\"noopener\"><span style=\"font-weight: 400;\">lideran\u00e7a<\/span><\/a><span style=\"font-weight: 400;\">, <\/span><a href=\"https:\/\/factorialhr.com.br\/blog\/endomarketing\/\" target=\"_blank\" rel=\"noopener\"><span style=\"font-weight: 400;\">comunica\u00e7\u00e3o<\/span><\/a><span style=\"font-weight: 400;\">, trabalho em equipe e intelig\u00eancia emocional.<\/span><\/p>\n<p><strong>Para isso, os <a href=\"https:\/\/factorialhr.com.br\/blog\/dia-do-profissional-de-rh\/\" target=\"_blank\" rel=\"noopener\">profissionais de RH<\/a> podem propor diferentes formas de ensino, como:<\/strong><\/p>\n<ul>\n<li style=\"font-weight: 400;\" aria-level=\"1\"><a href=\"https:\/\/factorialhr.com.br\/blog\/plataforma-ead\/\" target=\"_blank\" rel=\"noopener\"><span style=\"font-weight: 400;\">Cursos<\/span><\/a><span style=\"font-weight: 400;\"> e workshops;<\/span><\/li>\n<li style=\"font-weight: 400;\" aria-level=\"1\"><a href=\"https:\/\/factorialhr.com.br\/blog\/treinamento-corporativo-entrevista\/\" target=\"_blank\" rel=\"noopener\"><span style=\"font-weight: 400;\">Treinamentos<\/span><\/a><span style=\"font-weight: 400;\">;<\/span><\/li>\n<li style=\"font-weight: 400;\" aria-level=\"1\"><a href=\"https:\/\/factorialhr.com.br\/blog\/lei-do-estagio\/\" target=\"_blank\" rel=\"noopener\"><span style=\"font-weight: 400;\">Est\u00e1gios<\/span><\/a><span style=\"font-weight: 400;\"> e programas de trainee;<\/span><\/li>\n<li style=\"font-weight: 400;\" aria-level=\"1\"><span style=\"font-weight: 400;\">Mentorias e <\/span><a href=\"https:\/\/factorialhr.com.br\/blog\/lider-coach\/\" target=\"_blank\" rel=\"noopener\"><span style=\"font-weight: 400;\">coaching<\/span><\/a><span style=\"font-weight: 400;\">.<\/span><\/li>\n<\/ul>\n<p><strong>\ud83d\udcd6 [Workshop] Educa\u00e7\u00e3o Corporativa: <a href=\"https:\/\/factorialhr.com.br\/webinars\/educacao-corporativa?_gl=1*oiptu9*_ga*NjM5ODg4MzU1LjE2NzU5NTIyNjQ.*_ga_RC6SFH6LXH*MTY4NDY5MTk4Mi4zOC4xLjE2ODQ2OTIwMjAuMC4wLjA.*_ga_E0BBBDR6NL*MTY4NDY5MTk4Mi4zOC4xLjE2ODQ2OTIwMjAuMjIuMC4w\" target=\"_blank\" rel=\"noopener\">Como redesenhar a aprendizagem nas empresas?<\/a><\/strong><\/p>\n<h2><span class=\"fe5nidar khvhiq1o r5qsrrlp i5tg98hk f9ovudaz przvwfww gx1rr48f gfz4du6o r7fjleex nz2484kf svot0ezm dcnh1tix sxl192xd t3g6t33p\"><span class=\"mpj7bzys xzlurrtv\">\u2705 <\/span><\/span>Como aplicar a capacita\u00e7\u00e3o profissional na sua empresa<\/h2>\n<p><span style=\"font-weight: 400;\">A capacita\u00e7\u00e3o profissional \u00e9 uma responsabilidade <a href=\"https:\/\/factorialhr.com.br\/blog\/profissional-rh\/\" target=\"_blank\" rel=\"noopener\">dos profissionais de RH<\/a>, desde a elabora\u00e7\u00e3o, at\u00e9 a execu\u00e7\u00e3o e o acompanhamento.<strong> No entanto, para que este seja um processo eficiente, a \u00e1rea precisa contar com a tecnologia como aliada.<\/strong><\/span><\/p>\n<p><span style=\"font-weight: 400;\">Um <\/span><a href=\"https:\/\/factorialhr.com.br\/blog\/software-all-in-one\/\" target=\"_blank\" rel=\"noopener\"><span style=\"font-weight: 400;\">software de RH<\/span><\/a><span style=\"font-weight: 400;\"> permite que o setor<strong> automatize diversas tarefas operacionais,<\/strong> otimizando o tempo da equipe. Desse modo, o RH se torna <a href=\"https:\/\/factorialhr.com.br\/blog\/rh-estrategico-dicas\/\" target=\"_blank\" rel=\"noopener\">mais estrat\u00e9gico<\/a> e focado no desenvolvimento dos colaboradores.<\/span><\/p>\n<p><strong><span class=\"fe5nidar khvhiq1o r5qsrrlp i5tg98hk f9ovudaz przvwfww gx1rr48f gfz4du6o r7fjleex nz2484kf svot0ezm dcnh1tix sxl192xd t3g6t33p\"><span class=\"mpj7bzys xzlurrtv\">\ud83d\udc69\ud83c\udffc\u200d\ud83d\udcbb <\/span><\/span>A Factorial disp\u00f5e de um <a href=\"https:\/\/factorialhr.com.br\/blog\/software-personalizado-rh\/\" target=\"_blank\" rel=\"noopener\">software para gest\u00e3o de pessoas<\/a> completo no mercado e que facilita o treinamento dos profissionais.\u00a0<\/strong><\/p>\n<p><span style=\"font-weight: 400;\">Em nossa plataforma, voc\u00ea pode criar treinamentos para seus colaboradores e ainda pode monitorar o progresso de cada profissional. Al\u00e9m disso, \u00e9 poss\u00edvel customizar as tarefas e alinhar tudo isso com os planos de cada colaborador ou equipe.<\/span><\/p>\n<p><strong>Veja como \u00e9 a interface no software da Factorial e, na sequ\u00eancia, confira as funcionalidades da Gest\u00e3o de Treinamentos:<\/strong><\/p>\n<p><img decoding=\"async\" class=\"alignnone size-large wp-image-104259\" src=\"https:\/\/factorialhr.com.br\/wp-content\/uploads\/2023\/05\/24143813\/a-importa%CC%82ncia-da-capacitac%CC%A7a%CC%83o-profissional-na-atualidade-1-1024x398.png\" alt=\"a importa\u0302ncia da capacitac\u0327a\u0303o profissional na atualidade\" width=\"1024\" height=\"398\" srcset=\"https:\/\/factorialhr.com.br\/wp-content\/uploads\/2023\/05\/24143813\/a-importa%CC%82ncia-da-capacitac%CC%A7a%CC%83o-profissional-na-atualidade-1-1024x398.png 1024w, https:\/\/factorialhr.com.br\/wp-content\/uploads\/2023\/05\/24143813\/a-importa%CC%82ncia-da-capacitac%CC%A7a%CC%83o-profissional-na-atualidade-1-300x117.png 300w, https:\/\/factorialhr.com.br\/wp-content\/uploads\/2023\/05\/24143813\/a-importa%CC%82ncia-da-capacitac%CC%A7a%CC%83o-profissional-na-atualidade-1-768x299.png 768w, https:\/\/factorialhr.com.br\/wp-content\/uploads\/2023\/05\/24143813\/a-importa%CC%82ncia-da-capacitac%CC%A7a%CC%83o-profissional-na-atualidade-1-1536x598.png 1536w, https:\/\/factorialhr.com.br\/wp-content\/uploads\/2023\/05\/24143813\/a-importa%CC%82ncia-da-capacitac%CC%A7a%CC%83o-profissional-na-atualidade-1-2048x797.png 2048w\" sizes=\"(max-width: 1024px) 100vw, 1024px\" \/><\/p>\n<ul>\n<li style=\"font-weight: 400;\" aria-level=\"1\"><span style=\"font-weight: 400;\"><strong>Voc\u00ea consegue acompanhar<\/strong> seus projetos de <a href=\"https:\/\/factorialhr.com.br\/blog\/gestao-de-talentos-rh\/\" target=\"_blank\" rel=\"noopener\">forma\u00e7\u00e3o empresarial<\/a> e ainda ter controle sobre os custos;<\/span><\/li>\n<li style=\"font-weight: 400;\" aria-level=\"1\"><span style=\"font-weight: 400;\"><strong>Tanto gestor quanto RH<\/strong> podem criar um sistema de <a href=\"https:\/\/factorialhr.com.br\/blog\/upskilling-e-reskilling\/\" target=\"_blank\" rel=\"noopener\">gest\u00e3o de aprendizagem<\/a> pr\u00f3prio, se adaptando \u00e0s necessidades da empresa e do colaborador;<\/span><\/li>\n<li style=\"font-weight: 400;\" aria-level=\"1\"><span style=\"font-weight: 400;\"><strong>Acompanhe os status<\/strong> das <\/span><a href=\"https:\/\/factorialhr.com.br\/blog\/reuniao-one-on-one\/\" target=\"_blank\" rel=\"noopener\"><span style=\"font-weight: 400;\">reuni\u00f5es One on One<\/span><\/a><span style=\"font-weight: 400;\">, revise anota\u00e7\u00f5es, planeje as conversas e armazene informa\u00e7\u00f5es.<\/span><\/li>\n<\/ul>\n<p><span style=\"font-weight: 400;\">Com a Factorial, voc\u00ea pode gerenciar ainda todo o <\/span><a href=\"https:\/\/factorialhr.com.br\/blog\/diferenca-entre-rh-e-departamento-pessoal\/\" target=\"_blank\" rel=\"noopener\"><span style=\"font-weight: 400;\">setor de Recursos Humanos e Departamento Pessoal<\/span><\/a><span style=\"font-weight: 400;\"> com uma \u00fanica plataforma!<\/span><\/p>\n<p><strong>\ud83c\udfa5 Assista ao v\u00eddeo e descubra como nosso software para Recursos Humanos \u00e9 completo:<\/strong><\/p>\n<p><iframe title=\"Factorial - R\u00e1pida, simples e flex\u00edvel\" width=\"500\" height=\"281\" src=\"https:\/\/www.youtube.com\/embed\/dUY3z9UAA0I?feature=oembed\" frameborder=\"0\" allow=\"accelerometer; autoplay; clipboard-write; encrypted-media; gyroscope; picture-in-picture; web-share\" referrerpolicy=\"strict-origin-when-cross-origin\" allowfullscreen><\/iframe><\/p>\n<p><span style=\"font-weight: 400;\">\u2705 Quer oferecer uma capacita\u00e7\u00e3o profissional completa para seus colaboradores e ainda transformar a gest\u00e3o de RH da empresa? <\/span><strong><a href=\"https:\/\/factorialhr.com.br\/solicitar-demonstracao\" target=\"_blank\" rel=\"noopener\">Solicite uma demonstra\u00e7\u00e3o gratuita<\/a> do software e alcance o sucesso!<\/strong><\/p>\n<p><span style=\"font-weight: 400;\"> \n <!--HubSpot Call-to-Action Code -->\n    <span class=\"hs-cta-wrapper\" id=\"hs-cta-wrapper-47a131dc-3d73-47c4-8274-1e9f63b8c66c\">\n        <span class=\"hs-cta-node hs-cta-47a131dc-3d73-47c4-8274-1e9f63b8c66c\" id=\"47a131dc-3d73-47c4-8274-1e9f63b8c66c\">\n            <a href=\"https:\/\/cta-redirect.hubspot.com\/cta\/redirect\/4960096\/47a131dc-3d73-47c4-8274-1e9f63b8c66c\">\n                <img decoding=\"async\" class=\"lazyload hs-cta-img\" id=\"hs-cta-img-47a131dc-3d73-47c4-8274-1e9f63b8c66c\" style=\"border-width:0px;\" src=\"https:\/\/no-cache.hubspot.com\/cta\/default\/4960096\/47a131dc-3d73-47c4-8274-1e9f63b8c66c.png\"  alt=\"botao demo\" width=\"300\" height=\"150\" \/>\n            <\/a>\n        <\/span>\n        <script type=\"text\/javascript\">\n            function loadCTA(){\n                window.hbspt.cta.load(4960096, '47a131dc-3d73-47c4-8274-1e9f63b8c66c', {'region': 'eu1'})\n            }\n            if(window.hbspt){\n                loadCTA()\n            }else{\n                Defer.js(\n                    'https:\/\/js.hubspot.com\/cta\/current.js',\n                    'hubspotCTA', \n                    0, \n                    loadCTA\n                );\n            }\n        <\/script>\n    <\/span>\n<!-- end HubSpot Call-to-Action Code -->\n<\/span><\/p>\n<h2>Qual a import\u00e2ncia de capacitar seus colaboradores?<\/h2>\n<p><span style=\"font-weight: 400;\">Capacitar os colaboradores \u00e9 uma estrat\u00e9gia muito ben\u00e9fica para o desenvolvimento da pr\u00f3pria empresa. Isso porque, ao investir no seu <\/span><a href=\"https:\/\/factorialhr.com.br\/blog\/software-gestao-capital-humano\/\" target=\"_blank\" rel=\"noopener\"><span style=\"font-weight: 400;\">capital humano<\/span><\/a><span style=\"font-weight: 400;\">, voc\u00ea qualifica e aumenta a chance de <a href=\"https:\/\/factorialhr.com.br\/blog\/retencao-de-talentos-estrategias\/\" target=\"_blank\" rel=\"noopener\">reter esses talentos<\/a>.\u00a0<\/span><\/p>\n<p><span style=\"font-weight: 400;\">Ainda, \u00e9 necess\u00e1rio que a \u00e1rea de RH <\/span><a href=\"https:\/\/factorialhr.com.br\/blog\/inovacao-em-gestao-de-pessoas\/\" target=\"_blank\" rel=\"noopener\"><span style=\"font-weight: 400;\">inove na gest\u00e3o de pessoas<\/span><\/a><span style=\"font-weight: 400;\"> para se adaptar \u00e0s mudan\u00e7as que surgem. Desse modo, al\u00e9m de estar reconhecendo a import\u00e2ncia dos seus colaboradores, voc\u00ea estar\u00e1 criando um <\/span><a href=\"https:\/\/factorialhr.com.br\/blog\/ambiente-de-trabalho-saudavel\/\" target=\"_blank\" rel=\"noopener\"><span style=\"font-weight: 400;\">ambiente de trabalho<\/span><\/a><span style=\"font-weight: 400;\"> engajado e produtivo.<\/span><\/p>\n<p><img decoding=\"async\" class=\"alignnone wp-image-53877\" src=\"https:\/\/factorialhr.com.br\/wp-content\/uploads\/2021\/08\/13115313\/gestao-de-pessoas.jpg\" alt=\"capacita\u00e7\u00e3o profissional exemplos\" width=\"830\" height=\"467\" srcset=\"https:\/\/factorialhr.com.br\/wp-content\/uploads\/2021\/08\/13115313\/gestao-de-pessoas.jpg 1112w, https:\/\/factorialhr.com.br\/wp-content\/uploads\/2021\/08\/13115313\/gestao-de-pessoas-300x169.jpg 300w, https:\/\/factorialhr.com.br\/wp-content\/uploads\/2021\/08\/13115313\/gestao-de-pessoas-1024x576.jpg 1024w, https:\/\/factorialhr.com.br\/wp-content\/uploads\/2021\/08\/13115313\/gestao-de-pessoas-768x432.jpg 768w, https:\/\/factorialhr.com.br\/wp-content\/uploads\/2021\/08\/13115313\/gestao-de-pessoas-688x388.jpg 688w\" sizes=\"(max-width: 830px) 100vw, 830px\" \/><\/p>\n<p><span style=\"font-weight: 400;\">Para te provar que muitos l\u00edderes j\u00e1 est\u00e3o investindo na capacita\u00e7\u00e3o profissional das equipes, trouxemos n\u00fameros do <\/span><a href=\"https:\/\/insights.randstad.com.br\/pt-br\/talent-trends-2023?utm_campaign=Talent%20Trends%202023&amp;utm_source=link-website-header&amp;utm_medium=link-website-header\" target=\"_blank\" rel=\"noopener\"><span style=\"font-weight: 400;\">Talent Trends 2023<\/span><\/a><span style=\"font-weight: 400;\">. <strong>Confira, abaixo, alguns dados que a Randstad colheu nesta pesquisa:<\/strong><\/span><\/p>\n<ul>\n<li style=\"font-weight: 400;\" aria-level=\"1\"><span style=\"font-weight: 400;\"><strong>76% dos gestores<\/strong> consideram a <\/span><a href=\"https:\/\/factorialhr.com.br\/blog\/employee-experience\/\" target=\"_blank\" rel=\"noopener\"><span style=\"font-weight: 400;\">experi\u00eancia proporcionada aos colaboradores<\/span><\/a><span style=\"font-weight: 400;\"> como um dos t\u00f3picos mais importantes dos \u00faltimos 12 meses;<\/span><\/li>\n<li style=\"font-weight: 400;\" aria-level=\"1\"><span style=\"font-weight: 400;\">7<strong>1% dos l\u00edderes<\/strong> entrevistados tamb\u00e9m refor\u00e7aram que est\u00e3o criando <\/span><a href=\"https:\/\/factorialhr.com.br\/blog\/plano-acao-rh-pronto\/\" target=\"_blank\" rel=\"noopener\"><span style=\"font-weight: 400;\">planos de a\u00e7\u00f5es<\/span><\/a><span style=\"font-weight: 400;\"> espec\u00edficos para incentivar o futuro desses profissionais;<\/span><\/li>\n<li style=\"font-weight: 400;\" aria-level=\"1\"><span style=\"font-weight: 400;\"><strong>74% das empresas<\/strong> apontaram que j\u00e1 est\u00e3o investindo em tecnologias para an\u00e1lise de dados, criando uma gest\u00e3o baseada em <\/span><a href=\"https:\/\/factorialhr.com.br\/blog\/people-analytics-ebook\/\" target=\"_blank\" rel=\"noopener\"><span style=\"font-weight: 400;\">People Analytics<\/span><\/a><span style=\"font-weight: 400;\">.<\/span><\/li>\n<\/ul>\n<p><span style=\"font-weight: 400;\">Quando questionados sobre como estavam promovendo essas mudan\u00e7as e capacita\u00e7\u00f5es, os resultados foram os seguintes:<\/span><\/p>\n<ul>\n<li style=\"font-weight: 400;\" aria-level=\"1\"><span style=\"font-weight: 400;\"><strong>63% est\u00e3o investindo<\/strong> em plataformas de <\/span><a href=\"https:\/\/factorialhr.com.br\/blog\/treinamento-desenvolvimento-ebook\/\" target=\"_blank\" rel=\"noopener\"><span style=\"font-weight: 400;\">treinamento e desenvolvimento<\/span><\/a><span style=\"font-weight: 400;\">;<\/span><\/li>\n<li style=\"font-weight: 400;\" aria-level=\"1\"><span style=\"font-weight: 400;\"><strong>56% est\u00e3o refor\u00e7ando<\/strong> a <\/span><a href=\"https:\/\/factorialhr.com.br\/blog\/o-que-e-cultura-organizacional\/\" target=\"_blank\" rel=\"noopener\"><span style=\"font-weight: 400;\">cultura organizacional<\/span><\/a><span style=\"font-weight: 400;\"> e implantando sistemas de <\/span><a href=\"https:\/\/factorialhr.com.br\/blog\/como-dar-feedback\/\" target=\"_blank\" rel=\"noopener\"><span style=\"font-weight: 400;\">feedback<\/span><\/a><span style=\"font-weight: 400;\"> e engajamento.<\/span><\/li>\n<\/ul>\n<p><span style=\"font-weight: 400;\">Agora que voc\u00ea j\u00e1 compreende a import\u00e2ncia da capacita\u00e7\u00e3o profissional na atualidade, <strong>o que acha de se aprofundar na quest\u00e3o dos treinamentos?<\/strong><\/span><\/p>\n<p><strong>\ud83d\udcd6 Baixe agora um Plano de Desenvolvimento Individual (PDI) para aplicar na sua empresa \ud83d\udc47<\/strong><\/p>\n<p><span data-sheets-value=\"{&quot;1&quot;:2,&quot;2&quot;:&quot; \n &lt;!--HubSpot Call-to-Action Code --&gt;\n    &lt;span class=&quot;hs-cta-wrapper&quot; id=&quot;hs-cta-wrapper-9f79c684-b82d-405f-be2d-123269bc958f&quot;&gt;\n        &lt;span class=&quot;hs-cta-node hs-cta-9f79c684-b82d-405f-be2d-123269bc958f&quot; id=&quot;9f79c684-b82d-405f-be2d-123269bc958f&quot;&gt;\n            &lt;a href=&quot;https:\/\/cta-redirect.hubspot.com\/cta\/redirect\/4960096\/9f79c684-b82d-405f-be2d-123269bc958f&quot;&gt;\n                &lt;img class=&quot;lazyload hs-cta-img&quot; id=&quot;hs-cta-img-9f79c684-b82d-405f-be2d-123269bc958f&quot; style=&quot;border-width:0px;&quot; src=&quot;https:\/\/no-cache.hubspot.com\/cta\/default\/4960096\/9f79c684-b82d-405f-be2d-123269bc958f.png&quot;  alt=&quot;&quot;pdi&quot;&quot; width=&quot;&quot;400&quot;&quot; height=&quot;&quot;400&quot;&quot; \/&gt;\n            &lt;\/a&gt;\n        &lt;\/span&gt;\n        &lt;script type=&quot;text\/javascript&quot;&gt;\n            function loadCTA(){\n                window.hbspt.cta.load(4960096, &#039;9f79c684-b82d-405f-be2d-123269bc958f&#039;, {&#039;region&#039;: &#039;eu1&#039;})\n            }\n            if(window.hbspt){\n                loadCTA()\n            }else{\n                Defer.js(\n                    &#039;https:\/\/js.hubspot.com\/cta\/current.js&#039;,\n                    &#039;hubspotCTA&#039;, \n                    0, \n                    loadCTA\n                );\n            }\n        &lt;\/script&gt;\n    &lt;\/span&gt;\n&lt;!-- end HubSpot Call-to-Action Code --&gt;\n&quot;}\" data-sheets-userformat=\"{&quot;2&quot;:513,&quot;3&quot;:{&quot;1&quot;:0},&quot;12&quot;:0}\"> \n <!--HubSpot Call-to-Action Code -->\n    <span class=\"hs-cta-wrapper\" id=\"hs-cta-wrapper-9f79c684-b82d-405f-be2d-123269bc958f\">\n        <span class=\"hs-cta-node hs-cta-9f79c684-b82d-405f-be2d-123269bc958f\" id=\"9f79c684-b82d-405f-be2d-123269bc958f\">\n            <a href=\"https:\/\/cta-redirect.hubspot.com\/cta\/redirect\/4960096\/9f79c684-b82d-405f-be2d-123269bc958f\">\n                <img decoding=\"async\" class=\"lazyload hs-cta-img\" id=\"hs-cta-img-9f79c684-b82d-405f-be2d-123269bc958f\" style=\"border-width:0px;\" src=\"https:\/\/no-cache.hubspot.com\/cta\/default\/4960096\/9f79c684-b82d-405f-be2d-123269bc958f.png\"  alt=\"pdi\" width=\"400\" height=\"400\" \/>\n            <\/a>\n        <\/span>\n        <script type=\"text\/javascript\">\n            function loadCTA(){\n                window.hbspt.cta.load(4960096, '9f79c684-b82d-405f-be2d-123269bc958f', {'region': 'eu1'})\n            }\n            if(window.hbspt){\n                loadCTA()\n            }else{\n                Defer.js(\n                    'https:\/\/js.hubspot.com\/cta\/current.js',\n                    'hubspotCTA', \n                    0, \n                    loadCTA\n                );\n            }\n        <\/script>\n    <\/span>\n<!-- end HubSpot Call-to-Action Code -->\n<\/span><\/p>\n<h2>Principais benef\u00edcios da capacita\u00e7\u00e3o profissional<\/h2>\n<p><span style=\"font-weight: 400;\">At\u00e9 aqui, explicamos o que \u00e9 capacita\u00e7\u00e3o profissional, como funciona e qual sua import\u00e2ncia. <strong>Agora, apresentamos os benef\u00edcios desse processo.\u00a0<\/strong><\/span><\/p>\n<p><span style=\"font-weight: 400;\">Cada organiza\u00e7\u00e3o pode experimentar vantagens espec\u00edficas, dependendo de suas necessidades e objetivos. O investimento \u00e9 uma <a href=\"https:\/\/factorialhr.com.br\/blog\/rh-estrategico-dicas\/\" target=\"_blank\" rel=\"noopener\">estrat\u00e9gia inteligente<\/a>, que traz retornos positivos para o desenvolvimento da equipe e o crescimento do neg\u00f3cio.<\/span><\/p>\n<p><span style=\"font-weight: 400;\">Afinal, a <\/span><a href=\"https:\/\/factorialhr.com.br\/blog\/felicidade-corporativa-entrevista\/\" target=\"_blank\" rel=\"noopener\"><span style=\"font-weight: 400;\">felicidade corporativa<\/span><\/a><span style=\"font-weight: 400;\"> \u00e9 alcan\u00e7ada quando se promove qualidade de vida, sa\u00fade e bem-estar para todos.\u00a0<\/span><\/p>\n<p><strong>A seguir, confira as vantagens de investir na capacita\u00e7\u00e3o profissional de seus colaboradores.<\/strong><\/p>\n<h3>Reten\u00e7\u00e3o de talentos<\/h3>\n<p><span style=\"font-weight: 400;\">Ao investir em capacita\u00e7\u00e3o para seus colaboradores voc\u00ea estar\u00e1 desenvolvendo <\/span><a href=\"https:\/\/factorialhr.com.br\/blog\/retencao-de-talentos-estrategias\/\" target=\"_blank\" rel=\"noopener\"><span style=\"font-weight: 400;\">a\u00e7\u00f5es para reter esses talentos<\/span><\/a><span style=\"font-weight: 400;\">. Os profissionais valorizam as oportunidades de aprendizado oferecidas pela organiza\u00e7\u00e3o, aumentando a satisfa\u00e7\u00e3o pelo trabalho e a fidelidade com sua empresa.<\/span><\/p>\n<p><span style=\"font-weight: 400;\">Por consequ\u00eancia, a qualidade do servi\u00e7o prestado tamb\u00e9m melhora, assim como a confian\u00e7a dos colaboradores com seus gestores. <\/span><\/p>\n<p><span style=\"font-weight: 400;\">Ademais, a capacita\u00e7\u00e3o profissional estimula <a href=\"https:\/\/factorialhr.com.br\/blog\/dia-dos-recursos-humanos\/\" target=\"_blank\" rel=\"noopener\">a criatividade e a inova\u00e7\u00e3o<\/a> para resolver os desafios do dia a dia.<\/span><\/p>\n<p><strong><span class=\"fe5nidar khvhiq1o r5qsrrlp i5tg98hk f9ovudaz przvwfww gx1rr48f gfz4du6o r7fjleex nz2484kf svot0ezm dcnh1tix sxl192xd t3g6t33p\"><span class=\"mpj7bzys xzlurrtv\">\ud83d\udcdd<\/span><\/span>\u00a0Teste de Motiva\u00e7\u00e3o no trabalho [Excel] \u2b07\ufe0f<\/strong><\/p>\n<p><span style=\"font-weight: 400;\"> \n <!--HubSpot Call-to-Action Code -->\n    <span class=\"hs-cta-wrapper\" id=\"hs-cta-wrapper-00cd3330-046a-44d0-a4a5-8babe723a8ee\">\n        <span class=\"hs-cta-node hs-cta-00cd3330-046a-44d0-a4a5-8babe723a8ee\" id=\"00cd3330-046a-44d0-a4a5-8babe723a8ee\">\n            <a href=\"https:\/\/cta-redirect.hubspot.com\/cta\/redirect\/4960096\/00cd3330-046a-44d0-a4a5-8babe723a8ee\">\n                <img decoding=\"async\" class=\"lazyload hs-cta-img\" id=\"hs-cta-img-00cd3330-046a-44d0-a4a5-8babe723a8ee\" style=\"border-width:0px;\" src=\"https:\/\/no-cache.hubspot.com\/cta\/default\/4960096\/00cd3330-046a-44d0-a4a5-8babe723a8ee.png\"  alt=\"teste de motivacao no trabalho\" width=\"400\" height=\"400\" \/>\n            <\/a>\n        <\/span>\n        <script type=\"text\/javascript\">\n            function loadCTA(){\n                window.hbspt.cta.load(4960096, '00cd3330-046a-44d0-a4a5-8babe723a8ee', {'region': 'eu1'})\n            }\n            if(window.hbspt){\n                loadCTA()\n            }else{\n                Defer.js(\n                    'https:\/\/js.hubspot.com\/cta\/current.js',\n                    'hubspotCTA', \n                    0, \n                    loadCTA\n                );\n            }\n        <\/script>\n    <\/span>\n<!-- end HubSpot Call-to-Action Code -->\n<\/span><\/p>\n<h3><strong>Motiva\u00e7\u00e3o e engajamento dos colaboradores<\/strong><\/h3>\n<p><span style=\"font-weight: 400;\">O <\/span><a href=\"https:\/\/factorialhr.com.br\/blog\/reconhecimento-profissional\/\" target=\"_blank\" rel=\"noopener\"><span style=\"font-weight: 400;\">reconhecimento profissional<\/span><\/a><span style=\"font-weight: 400;\"> por meio do incentivo ao desenvolvimento deixa os colaboradores mais motivados para o trabalho. Isso ocorre porque eles se sentem valorizados, <strong>o que pode aumentar o engajamento dos times e tamb\u00e9m a <\/strong><\/span><strong><a href=\"https:\/\/factorialhr.com.br\/blog\/gestao-do-tempo-e-produtividade-dicas-ferramentas-e-solucoes\/\" target=\"_blank\" rel=\"noopener\">produtividade<\/a>.<\/strong><\/p>\n<p><span style=\"font-weight: 400;\">Al\u00e9m disso, a motiva\u00e7\u00e3o e o engajamento s\u00e3o fatores essenciais para o fortalecimento do <\/span><a href=\"https:\/\/factorialhr.com.br\/blog\/pesquisa-de-clima-organizacional-questionario\/\" target=\"_blank\" rel=\"noopener\"><span style=\"font-weight: 400;\">clima organizacional<\/span><\/a><span style=\"font-weight: 400;\"> de uma empresa. A cria\u00e7\u00e3o de um <a href=\"https:\/\/factorialhr.com.br\/blog\/ambiente-de-trabalho-saudavel\/\" target=\"_blank\" rel=\"noopener\">ambiente positivo<\/a>, que promove a colabora\u00e7\u00e3o e troca de conhecimentos entre os membros da equipe, \u00e9 essencial para o bom relacionamento do time.\u00a0<\/span><\/p>\n<p>\ud83c\udfa5\u00a0<strong>Assista ao v\u00eddeo abaixo para saber como promover o engajamento dos seus colaboradores utilizando o <a href=\"https:\/\/factorialhr.com.br\/software-recursos-humanos\" target=\"_blank\" rel=\"noopener\">software da Factorial<\/a>\u00a0\u2b07\ufe0f<\/strong><\/p>\n<p><iframe title=\"Como fazer Engajamento de Equipe com a Factorial\" width=\"500\" height=\"281\" src=\"https:\/\/www.youtube.com\/embed\/Q-TqqvBAJqk?feature=oembed\" frameborder=\"0\" allow=\"accelerometer; autoplay; clipboard-write; encrypted-media; gyroscope; picture-in-picture; web-share\" referrerpolicy=\"strict-origin-when-cross-origin\" allowfullscreen><\/iframe><\/p>\n \n <!--HubSpot Call-to-Action Code -->\n    <span class=\"hs-cta-wrapper\" id=\"hs-cta-wrapper-47a131dc-3d73-47c4-8274-1e9f63b8c66c\">\n        <span class=\"hs-cta-node hs-cta-47a131dc-3d73-47c4-8274-1e9f63b8c66c\" id=\"47a131dc-3d73-47c4-8274-1e9f63b8c66c\">\n            <a href=\"https:\/\/cta-redirect.hubspot.com\/cta\/redirect\/4960096\/47a131dc-3d73-47c4-8274-1e9f63b8c66c\">\n                <img decoding=\"async\" class=\"lazyload hs-cta-img\" id=\"hs-cta-img-47a131dc-3d73-47c4-8274-1e9f63b8c66c\" style=\"border-width:0px;\" src=\"https:\/\/no-cache.hubspot.com\/cta\/default\/4960096\/47a131dc-3d73-47c4-8274-1e9f63b8c66c.png\"  alt=\"botao demo\" width=\"300\" height=\"150\" \/>\n            <\/a>\n        <\/span>\n        <script type=\"text\/javascript\">\n            function loadCTA(){\n                window.hbspt.cta.load(4960096, '47a131dc-3d73-47c4-8274-1e9f63b8c66c', {'region': 'eu1'})\n            }\n            if(window.hbspt){\n                loadCTA()\n            }else{\n                Defer.js(\n                    'https:\/\/js.hubspot.com\/cta\/current.js',\n                    'hubspotCTA', \n                    0, \n                    loadCTA\n                );\n            }\n        <\/script>\n    <\/span>\n<!-- end HubSpot Call-to-Action Code -->\n\n<h3>Redu\u00e7\u00e3o de custos<\/h3>\n<p><span style=\"font-weight: 400;\">Quanto mais capacitados seus colaboradores, menor \u00e9 a probabilidade de existirem falhas e problemas no processo de trabalho. Assim, h\u00e1 <a href=\"https:\/\/factorialhr.com.br\/blog\/software-gestao-de-custos\/\" target=\"_blank\" rel=\"noopener\">economia de tempo e recursos<\/a> em retrabalho, aumentando a efici\u00eancia das atividades.<\/span><\/p>\n<p><span style=\"font-weight: 400;\">Esses esfor\u00e7os, quando aliados com as novas tecnologias, por exemplo, <a href=\"https:\/\/factorialhr.com.br\/blog\/software-de-rh\/\" target=\"_blank\" rel=\"noopener\">um software para gest\u00e3o de RH<\/a>, reduzem ainda mais os custos com o retrabalho.<\/span><\/p>\n<h3>\ud83d\udca1 <a href=\"https:\/\/factorialhr.com.br\/solicitar-demonstracao\" target=\"_blank\" rel=\"noopener\">Teste gr\u00e1tis o software de RH da Factorial por 14 dias<\/a><\/h3>\n<p><img decoding=\"async\" class=\"alignnone wp-image-88120 \" src=\"https:\/\/factorialhr.com.br\/wp-content\/uploads\/2022\/12\/07183842\/software-de-Recursos-Humanos.png\" alt=\"o que \u00e9 capacita\u00e7\u00e3o profissional\" width=\"830\" height=\"400\" srcset=\"https:\/\/factorialhr.com.br\/wp-content\/uploads\/2022\/12\/07183842\/software-de-Recursos-Humanos.png 830w, https:\/\/factorialhr.com.br\/wp-content\/uploads\/2022\/12\/07183842\/software-de-Recursos-Humanos-300x145.png 300w, https:\/\/factorialhr.com.br\/wp-content\/uploads\/2022\/12\/07183842\/software-de-Recursos-Humanos-768x370.png 768w\" sizes=\"(max-width: 830px) 100vw, 830px\" \/><\/p>\n<h3>Diferencial competitivo para a empresa<\/h3>\n<p><span style=\"font-weight: 400;\">O investimento em capacita\u00e7\u00e3o profissional reflete diretamente na imagem que sua empresa passa ao mercado.\u00a0<\/span><\/p>\n<p><span style=\"font-weight: 400;\">Uma boa reputa\u00e7\u00e3o <strong>contribui para <a href=\"https:\/\/factorialhr.com.br\/blog\/evp-employee-value-proposition\/\" target=\"_blank\" rel=\"noopener\">atrair cada vez mais trabalhadores<\/a> qualificados<\/strong> e clientes em potencial. Portanto, esse programa deve estar inclu\u00eddo no seu <\/span><a href=\"https:\/\/factorialhr.com.br\/blog\/employer-branding\/\" target=\"_blank\" rel=\"noopener\"><span style=\"font-weight: 400;\">Employer Branding<\/span><\/a><span style=\"font-weight: 400;\"> como um diferencial competitivo.<\/span><\/p>\n<h3>Melhora na comunica\u00e7\u00e3o interna<\/h3>\n<p><span style=\"font-weight: 400;\">Treinamentos focados na <\/span><a href=\"https:\/\/factorialhr.com.br\/blog\/plano-comunicacao-interna\/\" target=\"_blank\" rel=\"noopener\"><span style=\"font-weight: 400;\">comunica\u00e7\u00e3o interna<\/span><\/a><span style=\"font-weight: 400;\"> e meios de torn\u00e1-la eficaz s\u00e3o excelentes op\u00e7\u00f5es de se incluir aos planos de desenvolvimento. Esse aprimoramento garante uma transpar\u00eancia maior entre os setores, colaboradores e gestores.<\/span><\/p>\n<p><span style=\"font-weight: 400;\">Por fim, o fluxo de informa\u00e7\u00f5es fica mais claro, aumentando a colabora\u00e7\u00e3o entre os profissionais.<\/span><\/p>\n<p><span class=\"fe5nidar khvhiq1o r5qsrrlp i5tg98hk f9ovudaz przvwfww gx1rr48f gfz4du6o r7fjleex nz2484kf svot0ezm dcnh1tix sxl192xd t3g6t33p\"><span class=\"mpj7bzys xzlurrtv\">\ud83d\udce9 <\/span><\/span><strong>Baixar modelo de Plano de comunica\u00e7\u00e3o interna gr\u00e1tis<\/strong> <span class=\"fe5nidar khvhiq1o r5qsrrlp i5tg98hk f9ovudaz przvwfww gx1rr48f gfz4du6o r7fjleex nz2484kf svot0ezm dcnh1tix sxl192xd t3g6t33p\"><span class=\"mpj7bzys xzlurrtv\">\ud83d\udc47<\/span><\/span><\/p>\n \n <!--HubSpot Call-to-Action Code -->\n    <span class=\"hs-cta-wrapper\" id=\"hs-cta-wrapper-6407f972-b886-4962-bbce-6294789bfe6e\">\n        <span class=\"hs-cta-node hs-cta-6407f972-b886-4962-bbce-6294789bfe6e\" id=\"6407f972-b886-4962-bbce-6294789bfe6e\">\n            <a href=\"https:\/\/cta-redirect.hubspot.com\/cta\/redirect\/4960096\/6407f972-b886-4962-bbce-6294789bfe6e\">\n                <img decoding=\"async\" class=\"lazyload hs-cta-img\" id=\"hs-cta-img-6407f972-b886-4962-bbce-6294789bfe6e\" style=\"border-width:0px;\" src=\"https:\/\/no-cache.hubspot.com\/cta\/default\/4960096\/6407f972-b886-4962-bbce-6294789bfe6e.png\"  alt=\"comunicacao interna\" width=\"400\" height=\"400\" \/>\n            <\/a>\n        <\/span>\n        <script type=\"text\/javascript\">\n            function loadCTA(){\n                window.hbspt.cta.load(4960096, '6407f972-b886-4962-bbce-6294789bfe6e', {'region': 'eu1'})\n            }\n            if(window.hbspt){\n                loadCTA()\n            }else{\n                Defer.js(\n                    'https:\/\/js.hubspot.com\/cta\/current.js',\n                    'hubspotCTA', \n                    0, \n                    loadCTA\n                );\n            }\n        <\/script>\n    <\/span>\n<!-- end HubSpot Call-to-Action Code -->\n\n<h3>Fortalecimento da lideran\u00e7a<\/h3>\n<p><span style=\"font-weight: 400;\">A capacita\u00e7\u00e3o profissional n\u00e3o fica limitada apenas aos colaboradores, ela tamb\u00e9m pode incluir programas para o <\/span><a href=\"https:\/\/factorialhr.com.br\/blog\/tipos-de-lideranca\/\" target=\"_blank\" rel=\"noopener\"><span style=\"font-weight: 400;\">desenvolvimento das lideran\u00e7as<\/span><\/a><span style=\"font-weight: 400;\">.\u00a0<\/span><\/p>\n<p><span style=\"font-weight: 400;\">Como resultado, <strong>os l\u00edderes se tornam mais \u00e1geis ao enfrentar desafios e conseguem tomar decis\u00f5es eficazes.<\/strong> Eles tamb\u00e9m podem inspirar seus colaboradores, mostrando que todos est\u00e3o em um aprendizado cont\u00ednuo.<\/span><\/p>\n<h3>Promo\u00e7\u00e3o da diversidade e inclus\u00e3o<\/h3>\n<p><span style=\"font-weight: 400;\">A capacita\u00e7\u00e3o pode incluir programas de sensibiliza\u00e7\u00e3o e conscientiza\u00e7\u00e3o sobre <\/span><a href=\"https:\/\/factorialhr.com.br\/blog\/diversidade-inclusao-entrevista\/\" target=\"_blank\" rel=\"noopener\"><span style=\"font-weight: 400;\">diversidade e inclus\u00e3o<\/span><\/a><span style=\"font-weight: 400;\"> no local de trabalho. <\/span><\/p>\n<p><span style=\"font-weight: 400;\">Desse modo, voc\u00ea estar\u00e1 contribuindo para a constru\u00e7\u00e3o de <a href=\"https:\/\/factorialhr.com.br\/blog\/dia-do-orgulho-lgbtqia\/\" target=\"_blank\" rel=\"noopener\">um ambiente inclusivo,<\/a> independente de origem, g\u00eanero, etnia ou caracter\u00edsticas pessoais.<\/span><\/p>\n<p><iframe title=\"Dicas para criar uma cultura organizacional baseada em diversidade, inclus\u00e3o e equidade\" width=\"500\" height=\"281\" src=\"https:\/\/www.youtube.com\/embed\/9Jkt_cx6Mc4?start=1&#038;feature=oembed\" frameborder=\"0\" allow=\"accelerometer; autoplay; clipboard-write; encrypted-media; gyroscope; picture-in-picture; web-share\" referrerpolicy=\"strict-origin-when-cross-origin\" allowfullscreen><\/iframe><\/p>\n<p>&nbsp;<\/p>\n","protected":false},"excerpt":{"rendered":"<p>Sua organiza\u00e7\u00e3o oferece capacita\u00e7\u00e3o profissional para os colaboradores? Se a resposta for n\u00e3o, saiba que investir no crescimento das pessoas \u00e9 essencial para melhorar a produtividade e o clima organizacional de qualquer empresa.\u00a0 Com tantas evolu\u00e7\u00f5es e novos conceitos surgindo todos os dias, deixar os trabalhadores estagnados n\u00e3o \u00e9 uma op\u00e7\u00e3o. Para que sua empresa<a href=\"https:\/\/factorialhr.com.br\/blog\/capacitacao-profissional\/\" class=\"read-more\"> [&#8230;]<\/a><\/p>\n","protected":false},"author":141,"featured_media":104266,"comment_status":"closed","ping_status":"closed","sticky":false,"template":"","format":"standard","meta":{"_acf_changed":false,"footnotes":""},"categories":[422],"tags":[],"class_list":["post-103932","post","type-post","status-publish","format-standard","has-post-thumbnail","hentry","category-gestao-de-talentos-rh"],"acf":{"topics":"talent-career"},"yoast_head":"<!-- This site is optimized with the Yoast SEO Premium plugin v21.5 (Yoast SEO v21.9.1) - https:\/\/yoast.com\/wordpress\/plugins\/seo\/ -->\n<title>Capacita\u00e7\u00e3o profissional: como aplicar na sua empresa | Factorial<\/title>\n<meta name=\"description\" content=\"Saiba tudo sobre capacita\u00e7\u00e3o profissional e como oferecer boas oportunidades de crescimento aos colaboradores beneficia sua empresa.\" \/>\n<meta name=\"robots\" content=\"index, follow, max-snippet:-1, max-image-preview:large, max-video-preview:-1\" \/>\n<link rel=\"canonical\" href=\"https:\/\/factorialhr.com.br\/blog\/capacitacao-profissional\/\" \/>\n<meta property=\"og:locale\" content=\"pt_BR\" \/>\n<meta property=\"og:type\" content=\"article\" \/>\n<meta property=\"og:title\" content=\"Capacita\u00e7\u00e3o profissional: o que \u00e9 e como aplicar na sua empresa\" \/>\n<meta property=\"og:description\" content=\"Saiba tudo sobre capacita\u00e7\u00e3o profissional e como oferecer boas oportunidades de crescimento aos colaboradores beneficia sua empresa.\" \/>\n<meta property=\"og:url\" content=\"https:\/\/factorialhr.com.br\/blog\/capacitacao-profissional\/\" \/>\n<meta property=\"og:site_name\" content=\"Factorial\" \/>\n<meta property=\"article:publisher\" content=\"https:\/\/www.facebook.com\/people\/Factorial\/100064908455810\/\" \/>\n<meta property=\"article:author\" content=\"https:\/\/www.facebook.com\/FactorialBRPT\/\" \/>\n<meta property=\"article:published_time\" content=\"2023-05-21T18:31:49+00:00\" \/>\n<meta property=\"article:modified_time\" content=\"2023-09-12T08:40:20+00:00\" \/>\n<meta property=\"og:image\" content=\"https:\/\/factorialhr.com.br\/wp-content\/uploads\/2023\/05\/24151442\/capacitacao-profissional.jpg\" \/>\n\t<meta property=\"og:image:width\" content=\"1112\" \/>\n\t<meta property=\"og:image:height\" content=\"625\" \/>\n\t<meta property=\"og:image:type\" content=\"image\/jpeg\" \/>\n<meta name=\"author\" content=\"Renata Chies\" \/>\n<meta name=\"twitter:card\" content=\"summary_large_image\" \/>\n<meta name=\"twitter:creator\" content=\"@factorialapp\" \/>\n<meta name=\"twitter:site\" content=\"@factorialapp\" \/>\n<meta name=\"twitter:label1\" content=\"Written by\" \/>\n\t<meta name=\"twitter:data1\" content=\"Renata Chies\" \/>\n\t<meta name=\"twitter:label2\" content=\"Est. reading time\" \/>\n\t<meta name=\"twitter:data2\" content=\"8 minutos\" \/>\n<script type=\"application\/ld+json\" class=\"yoast-schema-graph\">{\"@context\":\"https:\/\/schema.org\",\"@graph\":[{\"@type\":\"Article\",\"@id\":\"https:\/\/factorialhr.com.br\/blog\/capacitacao-profissional\/#article\",\"isPartOf\":{\"@id\":\"https:\/\/factorialhr.com.br\/blog\/capacitacao-profissional\/\"},\"author\":{\"name\":\"Renata Chies\",\"@id\":\"https:\/\/factorialhr.com.br\/blog\/#\/schema\/person\/6b51d8cb491b0adbb0fe6daf4d7ef0e9\"},\"headline\":\"Capacita\u00e7\u00e3o profissional: o que \u00e9 e como aplicar na sua empresa\",\"datePublished\":\"2023-05-21T18:31:49+00:00\",\"dateModified\":\"2023-09-12T08:40:20+00:00\",\"mainEntityOfPage\":{\"@id\":\"https:\/\/factorialhr.com.br\/blog\/capacitacao-profissional\/\"},\"wordCount\":1606,\"publisher\":{\"@id\":\"https:\/\/factorialhr.com.br\/blog\/#organization\"},\"articleSection\":[\"Gest\u00e3o de Talentos\"],\"inLanguage\":\"pt-PT\"},{\"@type\":\"WebPage\",\"@id\":\"https:\/\/factorialhr.com.br\/blog\/capacitacao-profissional\/\",\"url\":\"https:\/\/factorialhr.com.br\/blog\/capacitacao-profissional\/\",\"name\":\"Capacita\u00e7\u00e3o profissional: como aplicar na sua empresa | Factorial\",\"isPartOf\":{\"@id\":\"https:\/\/factorialhr.com.br\/blog\/#website\"},\"datePublished\":\"2023-05-21T18:31:49+00:00\",\"dateModified\":\"2023-09-12T08:40:20+00:00\",\"description\":\"Saiba tudo sobre capacita\u00e7\u00e3o profissional e como oferecer boas oportunidades de crescimento aos colaboradores beneficia sua empresa.\",\"inLanguage\":\"pt-PT\",\"potentialAction\":[{\"@type\":\"ReadAction\",\"target\":[\"https:\/\/factorialhr.com.br\/blog\/capacitacao-profissional\/\"]}]},{\"@type\":\"WebSite\",\"@id\":\"https:\/\/factorialhr.com.br\/blog\/#website\",\"url\":\"https:\/\/factorialhr.com.br\/blog\/\",\"name\":\"Factorial\",\"description\":\"\",\"publisher\":{\"@id\":\"https:\/\/factorialhr.com.br\/blog\/#organization\"},\"potentialAction\":[{\"@type\":\"SearchAction\",\"target\":{\"@type\":\"EntryPoint\",\"urlTemplate\":\"https:\/\/factorialhr.com.br\/blog\/?s={search_term_string}\"},\"query-input\":\"required name=search_term_string\"}],\"inLanguage\":\"pt-PT\"},{\"@type\":\"Organization\",\"@id\":\"https:\/\/factorialhr.com.br\/blog\/#organization\",\"name\":\"All-in-one business management software - Factorial\",\"url\":\"https:\/\/factorialhr.com.br\/blog\/\",\"logo\":{\"@type\":\"ImageObject\",\"inLanguage\":\"pt-PT\",\"@id\":\"https:\/\/factorialhr.com.br\/blog\/#\/schema\/logo\/image\/\",\"url\":\"https:\/\/factorialhr.com.br\/wp-content\/uploads\/2023\/07\/18155144\/factorial-logo.png\",\"contentUrl\":\"https:\/\/factorialhr.com.br\/wp-content\/uploads\/2023\/07\/18155144\/factorial-logo.png\",\"width\":946,\"height\":880,\"caption\":\"All-in-one business management software - Factorial\"},\"image\":{\"@id\":\"https:\/\/factorialhr.com.br\/blog\/#\/schema\/logo\/image\/\"},\"sameAs\":[\"https:\/\/www.facebook.com\/people\/Factorial\/100064908455810\/\",\"https:\/\/twitter.com\/factorialapp\",\"https:\/\/www.linkedin.com\/company\/factorialhr\",\"https:\/\/www.youtube.com\/@factorialmedia\",\"https:\/\/www.instagram.com\/factorial\/#\"]},{\"@type\":\"Person\",\"@id\":\"https:\/\/factorialhr.com.br\/blog\/#\/schema\/person\/6b51d8cb491b0adbb0fe6daf4d7ef0e9\",\"name\":\"Renata Chies\",\"image\":{\"@type\":\"ImageObject\",\"inLanguage\":\"pt-PT\",\"@id\":\"https:\/\/factorialhr.com.br\/blog\/#\/schema\/person\/image\/\",\"url\":\"https:\/\/secure.gravatar.com\/avatar\/dbd34fc199b480c34d11966ed430ee8a?s=96&d=identicon&r=g\",\"contentUrl\":\"https:\/\/secure.gravatar.com\/avatar\/dbd34fc199b480c34d11966ed430ee8a?s=96&d=identicon&r=g\",\"caption\":\"Renata Chies\"},\"description\":\"Renata Chies \u00e9 jornalista e comunicadora social. Nos seus 10 anos de experi\u00eancia na \u00e1rea da Comunica\u00e7\u00e3o, j\u00e1 trabalhou como rep\u00f3rter de r\u00e1dio, televis\u00e3o e online, produtora, editora, redatora, social media e assessora de imprensa. Na Factorial, produz conte\u00fados atualizados sobre o universo dos Recursos Humanos.\",\"sameAs\":[\"https:\/\/www.facebook.com\/FactorialBRPT\/\",\"https:\/\/www.instagram.com\/renata_chies\/\",\"https:\/\/www.linkedin.com\/in\/renatachies\/\",\"https:\/\/www.youtube.com\/c\/factorialbrasil\"],\"knowsAbout\":[\"Inbound Marketing\",\"SEO\",\"Content\",\"Social Media\"],\"knowsLanguage\":[\"Portugu\u00eas\",\"Ingl\u00eas\",\"Espanhol\",\"Italiano\"],\"jobTitle\":\"Content & SEO Specialist\",\"worksFor\":\"Renata Chies\",\"url\":\"https:\/\/factorialhr.com.br\/blog\/author\/renata-chies\/\"}]}<\/script>\n<!-- \/ Yoast SEO Premium plugin. -->","yoast_head_json":{"title":"Capacita\u00e7\u00e3o profissional: como aplicar na sua empresa | Factorial","description":"Saiba tudo sobre capacita\u00e7\u00e3o profissional e como oferecer boas oportunidades de crescimento aos colaboradores beneficia sua empresa.","robots":{"index":"index","follow":"follow","max-snippet":"max-snippet:-1","max-image-preview":"max-image-preview:large","max-video-preview":"max-video-preview:-1"},"canonical":"https:\/\/factorialhr.com.br\/blog\/capacitacao-profissional\/","og_locale":"pt_BR","og_type":"article","og_title":"Capacita\u00e7\u00e3o profissional: o que \u00e9 e como aplicar na sua empresa","og_description":"Saiba tudo sobre capacita\u00e7\u00e3o profissional e como oferecer boas oportunidades de crescimento aos colaboradores beneficia sua empresa.","og_url":"https:\/\/factorialhr.com.br\/blog\/capacitacao-profissional\/","og_site_name":"Factorial","article_publisher":"https:\/\/www.facebook.com\/people\/Factorial\/100064908455810\/","article_author":"https:\/\/www.facebook.com\/FactorialBRPT\/","article_published_time":"2023-05-21T18:31:49+00:00","article_modified_time":"2023-09-12T08:40:20+00:00","og_image":[{"width":1112,"height":625,"url":"https:\/\/factorialhr.com.br\/wp-content\/uploads\/2023\/05\/24151442\/capacitacao-profissional.jpg","type":"image\/jpeg"}],"author":"Renata Chies","twitter_card":"summary_large_image","twitter_creator":"@factorialapp","twitter_site":"@factorialapp","twitter_misc":{"Written by":"Renata Chies","Est. reading time":"8 minutos"},"schema":{"@context":"https:\/\/schema.org","@graph":[{"@type":"Article","@id":"https:\/\/factorialhr.com.br\/blog\/capacitacao-profissional\/#article","isPartOf":{"@id":"https:\/\/factorialhr.com.br\/blog\/capacitacao-profissional\/"},"author":{"name":"Renata Chies","@id":"https:\/\/factorialhr.com.br\/blog\/#\/schema\/person\/6b51d8cb491b0adbb0fe6daf4d7ef0e9"},"headline":"Capacita\u00e7\u00e3o profissional: o que \u00e9 e como aplicar na sua empresa","datePublished":"2023-05-21T18:31:49+00:00","dateModified":"2023-09-12T08:40:20+00:00","mainEntityOfPage":{"@id":"https:\/\/factorialhr.com.br\/blog\/capacitacao-profissional\/"},"wordCount":1606,"publisher":{"@id":"https:\/\/factorialhr.com.br\/blog\/#organization"},"articleSection":["Gest\u00e3o de Talentos"],"inLanguage":"pt-PT"},{"@type":"WebPage","@id":"https:\/\/factorialhr.com.br\/blog\/capacitacao-profissional\/","url":"https:\/\/factorialhr.com.br\/blog\/capacitacao-profissional\/","name":"Capacita\u00e7\u00e3o profissional: como aplicar na sua empresa | Factorial","isPartOf":{"@id":"https:\/\/factorialhr.com.br\/blog\/#website"},"datePublished":"2023-05-21T18:31:49+00:00","dateModified":"2023-09-12T08:40:20+00:00","description":"Saiba tudo sobre capacita\u00e7\u00e3o profissional e como oferecer boas oportunidades de crescimento aos colaboradores beneficia sua empresa.","inLanguage":"pt-PT","potentialAction":[{"@type":"ReadAction","target":["https:\/\/factorialhr.com.br\/blog\/capacitacao-profissional\/"]}]},{"@type":"WebSite","@id":"https:\/\/factorialhr.com.br\/blog\/#website","url":"https:\/\/factorialhr.com.br\/blog\/","name":"Factorial","description":"","publisher":{"@id":"https:\/\/factorialhr.com.br\/blog\/#organization"},"potentialAction":[{"@type":"SearchAction","target":{"@type":"EntryPoint","urlTemplate":"https:\/\/factorialhr.com.br\/blog\/?s={search_term_string}"},"query-input":"required name=search_term_string"}],"inLanguage":"pt-PT"},{"@type":"Organization","@id":"https:\/\/factorialhr.com.br\/blog\/#organization","name":"All-in-one business management software - Factorial","url":"https:\/\/factorialhr.com.br\/blog\/","logo":{"@type":"ImageObject","inLanguage":"pt-PT","@id":"https:\/\/factorialhr.com.br\/blog\/#\/schema\/logo\/image\/","url":"https:\/\/factorialhr.com.br\/wp-content\/uploads\/2023\/07\/18155144\/factorial-logo.png","contentUrl":"https:\/\/factorialhr.com.br\/wp-content\/uploads\/2023\/07\/18155144\/factorial-logo.png","width":946,"height":880,"caption":"All-in-one business management software - Factorial"},"image":{"@id":"https:\/\/factorialhr.com.br\/blog\/#\/schema\/logo\/image\/"},"sameAs":["https:\/\/www.facebook.com\/people\/Factorial\/100064908455810\/","https:\/\/twitter.com\/factorialapp","https:\/\/www.linkedin.com\/company\/factorialhr","https:\/\/www.youtube.com\/@factorialmedia","https:\/\/www.instagram.com\/factorial\/#"]},{"@type":"Person","@id":"https:\/\/factorialhr.com.br\/blog\/#\/schema\/person\/6b51d8cb491b0adbb0fe6daf4d7ef0e9","name":"Renata Chies","image":{"@type":"ImageObject","inLanguage":"pt-PT","@id":"https:\/\/factorialhr.com.br\/blog\/#\/schema\/person\/image\/","url":"https:\/\/secure.gravatar.com\/avatar\/dbd34fc199b480c34d11966ed430ee8a?s=96&d=identicon&r=g","contentUrl":"https:\/\/secure.gravatar.com\/avatar\/dbd34fc199b480c34d11966ed430ee8a?s=96&d=identicon&r=g","caption":"Renata Chies"},"description":"Renata Chies \u00e9 jornalista e comunicadora social. Nos seus 10 anos de experi\u00eancia na \u00e1rea da Comunica\u00e7\u00e3o, j\u00e1 trabalhou como rep\u00f3rter de r\u00e1dio, televis\u00e3o e online, produtora, editora, redatora, social media e assessora de imprensa. Na Factorial, produz conte\u00fados atualizados sobre o universo dos Recursos Humanos.","sameAs":["https:\/\/www.facebook.com\/FactorialBRPT\/","https:\/\/www.instagram.com\/renata_chies\/","https:\/\/www.linkedin.com\/in\/renatachies\/","https:\/\/www.youtube.com\/c\/factorialbrasil"],"knowsAbout":["Inbound Marketing","SEO","Content","Social Media"],"knowsLanguage":["Portugu\u00eas","Ingl\u00eas","Espanhol","Italiano"],"jobTitle":"Content & SEO Specialist","worksFor":"Renata Chies","url":"https:\/\/factorialhr.com.br\/blog\/author\/renata-chies\/"}]}},"_links":{"self":[{"href":"https:\/\/factorialhr.com.br\/blog\/wp-json\/wp\/v2\/posts\/103932"}],"collection":[{"href":"https:\/\/factorialhr.com.br\/blog\/wp-json\/wp\/v2\/posts"}],"about":[{"href":"https:\/\/factorialhr.com.br\/blog\/wp-json\/wp\/v2\/types\/post"}],"author":[{"embeddable":true,"href":"https:\/\/factorialhr.com.br\/blog\/wp-json\/wp\/v2\/users\/141"}],"replies":[{"embeddable":true,"href":"https:\/\/factorialhr.com.br\/blog\/wp-json\/wp\/v2\/comments?post=103932"}],"version-history":[{"count":11,"href":"https:\/\/factorialhr.com.br\/blog\/wp-json\/wp\/v2\/posts\/103932\/revisions"}],"predecessor-version":[{"id":116278,"href":"https:\/\/factorialhr.com.br\/blog\/wp-json\/wp\/v2\/posts\/103932\/revisions\/116278"}],"wp:featuredmedia":[{"embeddable":true,"href":"https:\/\/factorialhr.com.br\/blog\/wp-json\/wp\/v2\/media\/104266"}],"wp:attachment":[{"href":"https:\/\/factorialhr.com.br\/blog\/wp-json\/wp\/v2\/media?parent=103932"}],"wp:term":[{"taxonomy":"category","embeddable":true,"href":"https:\/\/factorialhr.com.br\/blog\/wp-json\/wp\/v2\/categories?post=103932"},{"taxonomy":"post_tag","embeddable":true,"href":"https:\/\/factorialhr.com.br\/blog\/wp-json\/wp\/v2\/tags?post=103932"}],"curies":[{"name":"wp","href":"https:\/\/api.w.org\/{rel}","templated":true}]}}